{"id":126,"date":"2015-11-12T09:14:30","date_gmt":"2015-11-12T09:14:30","guid":{"rendered":"http:\/\/tinerimearomana.ro\/cvartetul-arcadia\/?p=126"},"modified":"2021-12-10T21:32:42","modified_gmt":"2021-12-10T19:32:42","slug":"gala-tinerimea-romana-editia-a-iv-a","status":"publish","type":"post","link":"https:\/\/tinerimearomana.ro\/cvartetul-arcadia\/gala-tinerimea-romana-editia-a-iv-a\/","title":{"rendered":"Gala Tinerimea Rom\u00e2n\u0103 edi\u021bia a IV-a"},"content":{"rendered":"<div class=\"su-spacer\" style=\"height:40px\"><\/div>\n[infobox style=&#8217;info&#8217; static=&#8217;1&#8242;]\n<div class=\"su-row\"><div class=\"su-column su-column-size-3-5\"><div class=\"su-column-inner su-u-clearfix su-u-trim\">\n<p>Pe data de <strong>21 noiembrie 2015<\/strong>, \u00eencepe la Bucure\u015fti a patra edi\u0163ie a <strong>Galei Tinerimea Rom\u00e2n\u0103<\/strong> organizat\u0103 de <strong>Centrul Na\u0163ional de Art\u0103 \u201cTinerimea Rom\u00e2n\u0103\u201d<\/strong>. Cinci manifest\u0103ri din zone stilistice diferite, sus\u021binute de arti\u0219ti de talie interna\u021bional\u0103.<\/p>\n<p>Concertele incluse sub aceast\u0103 egid\u0103 vor \u00eencepe s\u00e2mb\u0103t\u0103, <strong>21 noiembrie 2015<\/strong>, de la ora 19.00 cu un recital al<strong> cvartetului Arcadia<\/strong> sus\u0163inut sub titlul Capodopere camerale &#8211; Haydn, Beethoven, Schubert ce va avea loc la Palatul Tinerimea Rom\u00e2n\u0103 (Bd. Schitu M\u0103gureanu Nr. 4 &#8211; Podul Izvor).<\/p>\n<p>\u00centr-un alt registru stilistic, luni, <strong>23 noiembrie 2015<\/strong>, de la ora 18,00, la Teatrul de Revist\u0103 &#8222;Constantin T\u0103nase\u201d &#8211; Sala Savoy, singura forma\u021bie profesionist\u0103 de gen din Bucure\u0219ti, <strong>Ansamblul folcloric &#8222;Cununa Carpa\u021bilor&#8221;<\/strong> dirijor Gheorghe Popa, coregraf Viorel Cioac\u0103 va sus\u0163ine concertul <strong>Magia jocului \u015fi portului popular rom\u00e2nesc<\/strong>, un spectacol unicat cu dansuri populare din toate zonele \u021b\u0103rii.<\/p>\n<p>Gala Tinerimea Rom\u00e2n\u0103 va continua mar\u021bi, <strong>24 noiembrie 2015<\/strong>, de la ora 19.00, tot la Palatul Tinerimea Rom\u00e2n\u0103 cu concertul <strong>ansamblului Archaeus<\/strong>, conducerea muzical\u0103 Liviu D\u0103nceanu, cu un program de opusuri foarte rar interpretate, intitulat <strong>De la Bach la Cantemir.<\/strong><\/p>\n<p>Manifest\u0103rile din Bucure\u015fti se vor \u00eencheia duminic\u0103, <strong>29 noiembrie<\/strong>, ora 18.00 la Biserica &#8222;Sf\u00e2ntul Elefterie&#8221;, cu un concert al <strong>Corului de camer\u0103 PRELUDIU<\/strong> dirijat de Voicu En\u0103chescu, care va oferi versiuni interpretative de referin\u021b\u0103 sub titlul <strong>Comori ale muzicii sacre<\/strong>.<\/p>\n<p>Programul va culmina cu un eveniment ce va avea loc la <strong>Istanbul<\/strong> pe<strong> 1 decembrie 2015<\/strong>, ora 19.00, cu ocazia Zilei Na\u0163ionale a Rom\u00e2niei la Istanbul, la Cemal Resit Rey Concert Hall, cu <strong>Orchestra Rom\u00e2n\u0103 de Tineret<\/strong> sub bagheta lui Cristian Mandeal \u015fi av\u00e2nd-o ca solist\u0103 pe Irina Iord\u0103chescu, care va interpreta un program cu lucr\u0103ri de Enescu, Rogalski, Puccini \u015fi Grigora\u015f Dinicu. Acest concert-eveniment este organizat de <strong>Centrul Na\u0163ional de Art\u0103 \u201cTinerimea Rom\u00e2n\u0103\u201d<\/strong> \u00een colaborare cu <strong>Institutul Cultural Rom\u00e2n.<\/strong><\/p>\n<p>Parteneri media:<strong> Radio Rom\u00e2nia Cultural<\/strong> \u015fi<strong> Radio Rom\u00e2nia Muzical.<\/strong><\/p>\n<\/div><\/div>\n<div class=\"su-column su-column-size-2-5\"><div class=\"su-column-inner su-u-clearfix su-u-trim\">\n<a href=\"http:\/\/tinerimearomana.ro\/cvartetul-arcadia\/wp-content\/uploads\/sites\/11\/2015\/11\/Gala-Arcadia-2015.jpg\"><img fetchpriority=\"high\" decoding=\"async\" class=\"alignright\" src=\"http:\/\/tinerimearomana.ro\/cvartetul-arcadia\/wp-content\/uploads\/sites\/11\/2015\/11\/Gala-Arcadia-2015.jpg\" alt=\"Gala Tinerimea Romana\" width=\"320\" height=\"451\" \/><\/a><br \/>\n<\/div><\/div><\/div>\n<div class=\"su-custom-gallery su-custom-gallery-align-left su-custom-gallery-title-never su-lightbox-gallery\"><div class=\"su-custom-gallery-slide\" style=\"width:280px;height:200px\"><a href=\"https:\/\/tinerimearomana.ro\/cvartetul-arcadia\/wp-content\/uploads\/sites\/11\/2015\/11\/Cvartetul-Arcadia_18_Gala-Tinerimea-Romana-2015.jpg\" title=\"Cvartetul Arcadia_18_Gala Tinerimea Romana 2015\"><img decoding=\"async\" src=\"https:\/\/tinerimearomana.ro\/cvartetul-arcadia\/wp-content\/uploads\/sites\/11\/2015\/11\/Cvartetul-Arcadia_18_Gala-Tinerimea-Romana-2015.jpg\" alt=\"Cvartetul Arcadia_18_Gala Tinerimea Romana 2015\" width=\"280\" height=\"200\" \/><span class=\"su-custom-gallery-title\">Cvartetul Arcadia_18_Gala Tinerimea Romana 2015<\/span><\/a><\/div><div class=\"su-custom-gallery-slide\" style=\"width:280px;height:200px\"><a href=\"https:\/\/tinerimearomana.ro\/cvartetul-arcadia\/wp-content\/uploads\/sites\/11\/2015\/11\/Cvartetul-Arcadia_17_Gala-Tinerimea-Romana-2015.jpg\" title=\"Cvartetul Arcadia_17_Gala Tinerimea Romana 2015\"><img decoding=\"async\" src=\"https:\/\/tinerimearomana.ro\/cvartetul-arcadia\/wp-content\/uploads\/sites\/11\/2015\/11\/Cvartetul-Arcadia_17_Gala-Tinerimea-Romana-2015.jpg\" alt=\"Cvartetul Arcadia_17_Gala Tinerimea Romana 2015\" width=\"280\" height=\"200\" \/><span class=\"su-custom-gallery-title\">Cvartetul Arcadia_17_Gala Tinerimea Romana 2015<\/span><\/a><\/div><div class=\"su-custom-gallery-slide\" style=\"width:280px;height:200px\"><a href=\"https:\/\/tinerimearomana.ro\/cvartetul-arcadia\/wp-content\/uploads\/sites\/11\/2015\/11\/Cvartetul-Arcadia_16_Gala-Tinerimea-Romana-2015.jpg\" title=\"Cvartetul Arcadia_16_Gala Tinerimea Romana 2015\"><img loading=\"lazy\" decoding=\"async\" src=\"https:\/\/tinerimearomana.ro\/cvartetul-arcadia\/wp-content\/uploads\/sites\/11\/2015\/11\/Cvartetul-Arcadia_16_Gala-Tinerimea-Romana-2015.jpg\" alt=\"Cvartetul Arcadia_16_Gala Tinerimea Romana 2015\" width=\"280\" height=\"200\" \/><span class=\"su-custom-gallery-title\">Cvartetul Arcadia_16_Gala Tinerimea Romana 2015<\/span><\/a><\/div><div class=\"su-custom-gallery-slide\" style=\"width:280px;height:200px\"><a href=\"https:\/\/tinerimearomana.ro\/cvartetul-arcadia\/wp-content\/uploads\/sites\/11\/2015\/11\/Cvartetul-Arcadia_15_Gala-Tinerimea-Romana-2015.jpg\" title=\"Cvartetul Arcadia_15_Gala Tinerimea Romana 2015\"><img loading=\"lazy\" decoding=\"async\" src=\"https:\/\/tinerimearomana.ro\/cvartetul-arcadia\/wp-content\/uploads\/sites\/11\/2015\/11\/Cvartetul-Arcadia_15_Gala-Tinerimea-Romana-2015.jpg\" alt=\"Cvartetul Arcadia_15_Gala Tinerimea Romana 2015\" width=\"280\" height=\"200\" \/><span class=\"su-custom-gallery-title\">Cvartetul Arcadia_15_Gala Tinerimea Romana 2015<\/span><\/a><\/div><div class=\"su-custom-gallery-slide\" style=\"width:280px;height:200px\"><a href=\"https:\/\/tinerimearomana.ro\/cvartetul-arcadia\/wp-content\/uploads\/sites\/11\/2015\/11\/Cvartetul-Arcadia_14_Gala-Tinerimea-Romana-2015.jpg\" title=\"Cvartetul Arcadia_14_Gala Tinerimea Romana 2015\"><img loading=\"lazy\" decoding=\"async\" src=\"https:\/\/tinerimearomana.ro\/cvartetul-arcadia\/wp-content\/uploads\/sites\/11\/2015\/11\/Cvartetul-Arcadia_14_Gala-Tinerimea-Romana-2015.jpg\" alt=\"Cvartetul Arcadia_14_Gala Tinerimea Romana 2015\" width=\"280\" height=\"200\" \/><span class=\"su-custom-gallery-title\">Cvartetul Arcadia_14_Gala Tinerimea Romana 2015<\/span><\/a><\/div><div class=\"su-custom-gallery-slide\" style=\"width:280px;height:200px\"><a href=\"https:\/\/tinerimearomana.ro\/cvartetul-arcadia\/wp-content\/uploads\/sites\/11\/2015\/11\/Cvartetul-Arcadia_13_Gala-Tinerimea-Romana-2015.jpg\" title=\"Cvartetul Arcadia_13_Gala Tinerimea Romana 2015\"><img loading=\"lazy\" decoding=\"async\" src=\"https:\/\/tinerimearomana.ro\/cvartetul-arcadia\/wp-content\/uploads\/sites\/11\/2015\/11\/Cvartetul-Arcadia_13_Gala-Tinerimea-Romana-2015.jpg\" alt=\"Cvartetul Arcadia_13_Gala Tinerimea Romana 2015\" width=\"280\" height=\"200\" \/><span class=\"su-custom-gallery-title\">Cvartetul Arcadia_13_Gala Tinerimea Romana 2015<\/span><\/a><\/div><div class=\"su-custom-gallery-slide\" style=\"width:280px;height:200px\"><a href=\"https:\/\/tinerimearomana.ro\/cvartetul-arcadia\/wp-content\/uploads\/sites\/11\/2015\/11\/Cvartetul-Arcadia_12_Gala-Tinerimea-Romana-2015.jpg\" title=\"Cvartetul Arcadia_12_Gala Tinerimea Romana 2015\"><img loading=\"lazy\" decoding=\"async\" src=\"https:\/\/tinerimearomana.ro\/cvartetul-arcadia\/wp-content\/uploads\/sites\/11\/2015\/11\/Cvartetul-Arcadia_12_Gala-Tinerimea-Romana-2015.jpg\" alt=\"Cvartetul Arcadia_12_Gala Tinerimea Romana 2015\" width=\"280\" height=\"200\" \/><span class=\"su-custom-gallery-title\">Cvartetul Arcadia_12_Gala Tinerimea Romana 2015<\/span><\/a><\/div><div class=\"su-custom-gallery-slide\" style=\"width:280px;height:200px\"><a href=\"https:\/\/tinerimearomana.ro\/cvartetul-arcadia\/wp-content\/uploads\/sites\/11\/2015\/11\/Cvartetul-Arcadia_11_Gala-Tinerimea-Romana-2015.jpg\" title=\"Cvartetul Arcadia_11_Gala Tinerimea Romana 2015\"><img loading=\"lazy\" decoding=\"async\" src=\"https:\/\/tinerimearomana.ro\/cvartetul-arcadia\/wp-content\/uploads\/sites\/11\/2015\/11\/Cvartetul-Arcadia_11_Gala-Tinerimea-Romana-2015.jpg\" alt=\"Cvartetul Arcadia_11_Gala Tinerimea Romana 2015\" width=\"280\" height=\"200\" \/><span class=\"su-custom-gallery-title\">Cvartetul Arcadia_11_Gala Tinerimea Romana 2015<\/span><\/a><\/div><div class=\"su-custom-gallery-slide\" style=\"width:280px;height:200px\"><a href=\"https:\/\/tinerimearomana.ro\/cvartetul-arcadia\/wp-content\/uploads\/sites\/11\/2015\/11\/Cvartetul-Arcadia_10_Gala-Tinerimea-Romana-2015.jpg\" title=\"Cvartetul Arcadia_10_Gala Tinerimea Romana 2015\"><img loading=\"lazy\" decoding=\"async\" src=\"https:\/\/tinerimearomana.ro\/cvartetul-arcadia\/wp-content\/uploads\/sites\/11\/2015\/11\/Cvartetul-Arcadia_10_Gala-Tinerimea-Romana-2015.jpg\" alt=\"Cvartetul Arcadia_10_Gala Tinerimea Romana 2015\" width=\"280\" height=\"200\" \/><span class=\"su-custom-gallery-title\">Cvartetul Arcadia_10_Gala Tinerimea Romana 2015<\/span><\/a><\/div><div class=\"su-custom-gallery-slide\" style=\"width:280px;height:200px\"><a href=\"https:\/\/tinerimearomana.ro\/cvartetul-arcadia\/wp-content\/uploads\/sites\/11\/2015\/11\/Cvartetul-Arcadia_9_Gala-Tinerimea-Romana-2015.jpg\" title=\"Cvartetul Arcadia_9_Gala Tinerimea Romana 2015\"><img loading=\"lazy\" decoding=\"async\" src=\"https:\/\/tinerimearomana.ro\/cvartetul-arcadia\/wp-content\/uploads\/sites\/11\/2015\/11\/Cvartetul-Arcadia_9_Gala-Tinerimea-Romana-2015.jpg\" alt=\"Cvartetul Arcadia_9_Gala Tinerimea Romana 2015\" width=\"280\" height=\"200\" \/><span class=\"su-custom-gallery-title\">Cvartetul Arcadia_9_Gala Tinerimea Romana 2015<\/span><\/a><\/div><div class=\"su-custom-gallery-slide\" style=\"width:280px;height:200px\"><a href=\"https:\/\/tinerimearomana.ro\/cvartetul-arcadia\/wp-content\/uploads\/sites\/11\/2015\/11\/Cvartetul-Arcadia_8_Gala-Tinerimea-Romana-2015.jpg\" title=\"Cvartetul Arcadia_8_Gala Tinerimea Romana 2015\"><img loading=\"lazy\" decoding=\"async\" src=\"https:\/\/tinerimearomana.ro\/cvartetul-arcadia\/wp-content\/uploads\/sites\/11\/2015\/11\/Cvartetul-Arcadia_8_Gala-Tinerimea-Romana-2015.jpg\" alt=\"Cvartetul Arcadia_8_Gala Tinerimea Romana 2015\" width=\"280\" height=\"200\" \/><span class=\"su-custom-gallery-title\">Cvartetul Arcadia_8_Gala Tinerimea Romana 2015<\/span><\/a><\/div><div class=\"su-custom-gallery-slide\" style=\"width:280px;height:200px\"><a href=\"https:\/\/tinerimearomana.ro\/cvartetul-arcadia\/wp-content\/uploads\/sites\/11\/2015\/11\/Cvartetul-Arcadia_7_Gala-Tinerimea-Romana-2015.jpg\" title=\"Cvartetul Arcadia_7_Gala Tinerimea Romana 2015\"><img loading=\"lazy\" decoding=\"async\" src=\"https:\/\/tinerimearomana.ro\/cvartetul-arcadia\/wp-content\/uploads\/sites\/11\/2015\/11\/Cvartetul-Arcadia_7_Gala-Tinerimea-Romana-2015.jpg\" alt=\"Cvartetul Arcadia_7_Gala Tinerimea Romana 2015\" width=\"280\" height=\"200\" \/><span class=\"su-custom-gallery-title\">Cvartetul Arcadia_7_Gala Tinerimea Romana 2015<\/span><\/a><\/div><div class=\"su-custom-gallery-slide\" style=\"width:280px;height:200px\"><a href=\"https:\/\/tinerimearomana.ro\/cvartetul-arcadia\/wp-content\/uploads\/sites\/11\/2015\/11\/Cvartetul-Arcadia_6_Gala-Tinerimea-Romana-2015.jpg\" title=\"Cvartetul Arcadia_6_Gala Tinerimea Romana 2015\"><img loading=\"lazy\" decoding=\"async\" src=\"https:\/\/tinerimearomana.ro\/cvartetul-arcadia\/wp-content\/uploads\/sites\/11\/2015\/11\/Cvartetul-Arcadia_6_Gala-Tinerimea-Romana-2015.jpg\" alt=\"Cvartetul Arcadia_6_Gala Tinerimea Romana 2015\" width=\"280\" height=\"200\" \/><span class=\"su-custom-gallery-title\">Cvartetul Arcadia_6_Gala Tinerimea Romana 2015<\/span><\/a><\/div><div class=\"su-custom-gallery-slide\" style=\"width:280px;height:200px\"><a href=\"https:\/\/tinerimearomana.ro\/cvartetul-arcadia\/wp-content\/uploads\/sites\/11\/2015\/11\/Cvartetul-Arcadia_5_Gala-Tinerimea-Romana-2015.jpg\" title=\"Cvartetul Arcadia_5_Gala Tinerimea Romana 2015\"><img loading=\"lazy\" decoding=\"async\" src=\"https:\/\/tinerimearomana.ro\/cvartetul-arcadia\/wp-content\/uploads\/sites\/11\/2015\/11\/Cvartetul-Arcadia_5_Gala-Tinerimea-Romana-2015.jpg\" alt=\"Cvartetul Arcadia_5_Gala Tinerimea Romana 2015\" width=\"280\" height=\"200\" \/><span class=\"su-custom-gallery-title\">Cvartetul Arcadia_5_Gala Tinerimea Romana 2015<\/span><\/a><\/div><div class=\"su-custom-gallery-slide\" style=\"width:280px;height:200px\"><a href=\"https:\/\/tinerimearomana.ro\/cvartetul-arcadia\/wp-content\/uploads\/sites\/11\/2015\/11\/Cvartetul-Arcadia_4_Gala-Tinerimea-Romana-2015.jpg\" title=\"Cvartetul Arcadia_4_Gala Tinerimea Romana 2015\"><img loading=\"lazy\" decoding=\"async\" src=\"https:\/\/tinerimearomana.ro\/cvartetul-arcadia\/wp-content\/uploads\/sites\/11\/2015\/11\/Cvartetul-Arcadia_4_Gala-Tinerimea-Romana-2015.jpg\" alt=\"Cvartetul Arcadia_4_Gala Tinerimea Romana 2015\" width=\"280\" height=\"200\" \/><span class=\"su-custom-gallery-title\">Cvartetul Arcadia_4_Gala Tinerimea Romana 2015<\/span><\/a><\/div><div class=\"su-custom-gallery-slide\" style=\"width:280px;height:200px\"><a href=\"https:\/\/tinerimearomana.ro\/cvartetul-arcadia\/wp-content\/uploads\/sites\/11\/2015\/11\/Cvartetul-Arcadia_3_Gala-Tinerimea-Romana-2015.jpg\" title=\"Cvartetul Arcadia_3_Gala Tinerimea Romana 2015\"><img loading=\"lazy\" decoding=\"async\" src=\"https:\/\/tinerimearomana.ro\/cvartetul-arcadia\/wp-content\/uploads\/sites\/11\/2015\/11\/Cvartetul-Arcadia_3_Gala-Tinerimea-Romana-2015.jpg\" alt=\"Cvartetul Arcadia_3_Gala Tinerimea Romana 2015\" width=\"280\" height=\"200\" \/><span class=\"su-custom-gallery-title\">Cvartetul Arcadia_3_Gala Tinerimea Romana 2015<\/span><\/a><\/div><div class=\"su-custom-gallery-slide\" style=\"width:280px;height:200px\"><a href=\"https:\/\/tinerimearomana.ro\/cvartetul-arcadia\/wp-content\/uploads\/sites\/11\/2015\/11\/Cvartetul-Arcadia_2_Gala-Tinerimea-Romana-2015.jpg\" title=\"Cvartetul Arcadia_2_Gala Tinerimea Romana 2015\"><img loading=\"lazy\" decoding=\"async\" src=\"https:\/\/tinerimearomana.ro\/cvartetul-arcadia\/wp-content\/uploads\/sites\/11\/2015\/11\/Cvartetul-Arcadia_2_Gala-Tinerimea-Romana-2015.jpg\" alt=\"Cvartetul Arcadia_2_Gala Tinerimea Romana 2015\" width=\"280\" height=\"200\" \/><span class=\"su-custom-gallery-title\">Cvartetul Arcadia_2_Gala Tinerimea Romana 2015<\/span><\/a><\/div><div class=\"su-custom-gallery-slide\" style=\"width:280px;height:200px\"><a href=\"https:\/\/tinerimearomana.ro\/cvartetul-arcadia\/wp-content\/uploads\/sites\/11\/2015\/11\/Cvartetul-Arcadia_1_Gala-Tinerimea-Romana-2015.jpg\" title=\"Cvartetul Arcadia_1_Gala Tinerimea Romana 2015\"><img loading=\"lazy\" decoding=\"async\" src=\"https:\/\/tinerimearomana.ro\/cvartetul-arcadia\/wp-content\/uploads\/sites\/11\/2015\/11\/Cvartetul-Arcadia_1_Gala-Tinerimea-Romana-2015.jpg\" alt=\"Cvartetul Arcadia_1_Gala Tinerimea Romana 2015\" width=\"280\" height=\"200\" \/><span class=\"su-custom-gallery-title\">Cvartetul Arcadia_1_Gala Tinerimea Romana 2015<\/span><\/a><\/div><div class=\"su-clear\"><\/div><\/div>\n[\/infobox]\n","protected":false},"excerpt":{"rendered":"<p>[infobox style=&#8217;info&#8217; static=&#8217;1&#8242;] [\/infobox]<\/p>\n","protected":false},"author":1,"featured_media":127,"comment_status":"open","ping_status":"open","sticky":false,"template":"","format":"standard","meta":{"_kad_post_transparent":"","_kad_post_title":"","_kad_post_layout":"","_kad_post_sidebar_id":"","_kad_post_content_style":"","_kad_post_vertical_padding":"","_kad_post_feature":"","_kad_post_feature_position":"","_kad_post_header":false,"_kad_post_footer":false,"_kad_post_classname":"","footnotes":""},"categories":[2],"tags":[],"class_list":["post-126","post","type-post","status-publish","format-standard","has-post-thumbnail","hentry","category-concerte"],"_links":{"self":[{"href":"https:\/\/tinerimearomana.ro\/cvartetul-arcadia\/wp-json\/wp\/v2\/posts\/126"}],"collection":[{"href":"https:\/\/tinerimearomana.ro\/cvartetul-arcadia\/wp-json\/wp\/v2\/posts"}],"about":[{"href":"https:\/\/tinerimearomana.ro\/cvartetul-arcadia\/wp-json\/wp\/v2\/types\/post"}],"author":[{"embeddable":true,"href":"https:\/\/tinerimearomana.ro\/cvartetul-arcadia\/wp-json\/wp\/v2\/users\/1"}],"replies":[{"embeddable":true,"href":"https:\/\/tinerimearomana.ro\/cvartetul-arcadia\/wp-json\/wp\/v2\/comments?post=126"}],"version-history":[{"count":5,"href":"https:\/\/tinerimearomana.ro\/cvartetul-arcadia\/wp-json\/wp\/v2\/posts\/126\/revisions"}],"predecessor-version":[{"id":492,"href":"https:\/\/tinerimearomana.ro\/cvartetul-arcadia\/wp-json\/wp\/v2\/posts\/126\/revisions\/492"}],"wp:featuredmedia":[{"embeddable":true,"href":"https:\/\/tinerimearomana.ro\/cvartetul-arcadia\/wp-json\/wp\/v2\/media\/127"}],"wp:attachment":[{"href":"https:\/\/tinerimearomana.ro\/cvartetul-arcadia\/wp-json\/wp\/v2\/media?parent=126"}],"wp:term":[{"taxonomy":"category","embeddable":true,"href":"https:\/\/tinerimearomana.ro\/cvartetul-arcadia\/wp-json\/wp\/v2\/categories?post=126"},{"taxonomy":"post_tag","embeddable":true,"href":"https:\/\/tinerimearomana.ro\/cvartetul-arcadia\/wp-json\/wp\/v2\/tags?post=126"}],"curies":[{"name":"wp","href":"https:\/\/api.w.org\/{rel}","templated":true}]}}