{"id":709,"date":"2026-02-05T21:14:32","date_gmt":"2026-02-05T21:14:32","guid":{"rendered":"https:\/\/tinerimearomana.ro\/cununa-carpatilor\/?p=709"},"modified":"2026-02-05T21:14:59","modified_gmt":"2026-02-05T21:14:59","slug":"un-cantec-pentru-fiecare-cu-orchestra-ansamblului-folcloric-cununa-carpatilor","status":"publish","type":"post","link":"https:\/\/tinerimearomana.ro\/cununa-carpatilor\/un-cantec-pentru-fiecare-cu-orchestra-ansamblului-folcloric-cununa-carpatilor\/","title":{"rendered":"&#8220;UN C\u00c2NTEC PENTRU FIECARE&#8221; &#8211; CU ORCHESTRA ANSAMBLULUI FOLCLORIC &#8220;CUNUNA CARPA\u021aILOR&#8221;"},"content":{"rendered":"<p>Orchestra de muzic\u0103 popular\u0103 a <strong>Ansamblului Folcloric \u201cCununa Carpa\u021bilor\u201d<\/strong>, dirijat\u0103 de Dan Ionescu, va sus\u021bine \u00een data de <strong>11.02. 2026, ora 16:00, la Palatul Tinerimea Rom\u00e2n\u0103<\/strong> un Concert Folcloric Educativ sub genericul Un c\u00e2ntec pentru fiecare.<\/p>\n<p>Particip\u0103 tineri soli\u0219ti vocali \u0219i instrumenti\u0219ti: Carla Lif\u0219in, Erika Zg\u00e2rd\u0103u, Alexandra Pi\u021bu, Daria Radu, Rebeca Neac\u0219u,Olena Harmurar, Natalia Volintiru (nai), elevi ai Colegiului Na\u021bional de Arte Dinu Lipatti din Bucure\u0219ti.<\/p>\n<p>Profesori coordonatori: Ramona Urjan, Luiza Trandafir, Loredana Streche, Cristian Moroianu.<br \/>\nSolist instrumentist: Gic\u0103 Pandelescu \u2013 acordeon<\/p>\n<p>Concertul se dore\u0219te a fi o poart\u0103 deschis\u0103 tinerilor c\u0103tre c\u00e2ntecul popular rom\u00e2nesc.<br \/>\nV\u0103 a\u0219tept\u0103m cu drag!<\/p>\n<p><img fetchpriority=\"high\" decoding=\"async\" class=\"aligncenter size-full wp-image-710\" src=\"https:\/\/tinerimearomana.ro\/cununa-carpatilor\/wp-content\/uploads\/sites\/6\/2026\/02\/cununa-carpatilor-11feb2026.jpg\" alt=\"\" width=\"960\" height=\"1358\" srcset=\"https:\/\/tinerimearomana.ro\/cununa-carpatilor\/wp-content\/uploads\/sites\/6\/2026\/02\/cununa-carpatilor-11feb2026.jpg 960w, https:\/\/tinerimearomana.ro\/cununa-carpatilor\/wp-content\/uploads\/sites\/6\/2026\/02\/cununa-carpatilor-11feb2026-212x300.jpg 212w, https:\/\/tinerimearomana.ro\/cununa-carpatilor\/wp-content\/uploads\/sites\/6\/2026\/02\/cununa-carpatilor-11feb2026-724x1024.jpg 724w, https:\/\/tinerimearomana.ro\/cununa-carpatilor\/wp-content\/uploads\/sites\/6\/2026\/02\/cununa-carpatilor-11feb2026-768x1086.jpg 768w\" sizes=\"(max-width: 960px) 100vw, 960px\" \/><\/p>\n","protected":false},"excerpt":{"rendered":"<p>Orchestra de muzic\u0103 popular\u0103 a Ansamblului Folcloric \u201cCununa Carpa\u021bilor\u201d, dirijat\u0103 de Dan Ionescu, va sus\u021bine \u00een data de 11.02. 2026, ora 16:00, la Palatul Tinerimea Rom\u00e2n\u0103 un Concert Folcloric Educativ sub genericul Un c\u00e2ntec pentru fiecare. Particip\u0103 tineri soli\u0219ti vocali \u0219i instrumenti\u0219ti: Carla Lif\u0219in, Erika Zg\u00e2rd\u0103u, Alexandra Pi\u021bu, Daria Radu, Rebeca Neac\u0219u,Olena Harmurar, Natalia Volintiru&#8230;<\/p>\n","protected":false},"author":1,"featured_media":710,"comment_status":"closed","ping_status":"open","sticky":false,"template":"","format":"standard","meta":{"_kad_post_transparent":"default","_kad_post_title":"default","_kad_post_layout":"default","_kad_post_sidebar_id":"","_kad_post_content_style":"default","_kad_post_vertical_padding":"default","_kad_post_feature":"","_kad_post_feature_position":"","_kad_post_header":false,"_kad_post_footer":false,"_kad_post_classname":"","footnotes":""},"categories":[3],"tags":[],"class_list":["post-709","post","type-post","status-publish","format-standard","has-post-thumbnail","hentry","category-concerte"],"_links":{"self":[{"href":"https:\/\/tinerimearomana.ro\/cununa-carpatilor\/wp-json\/wp\/v2\/posts\/709"}],"collection":[{"href":"https:\/\/tinerimearomana.ro\/cununa-carpatilor\/wp-json\/wp\/v2\/posts"}],"about":[{"href":"https:\/\/tinerimearomana.ro\/cununa-carpatilor\/wp-json\/wp\/v2\/types\/post"}],"author":[{"embeddable":true,"href":"https:\/\/tinerimearomana.ro\/cununa-carpatilor\/wp-json\/wp\/v2\/users\/1"}],"replies":[{"embeddable":true,"href":"https:\/\/tinerimearomana.ro\/cununa-carpatilor\/wp-json\/wp\/v2\/comments?post=709"}],"version-history":[{"count":1,"href":"https:\/\/tinerimearomana.ro\/cununa-carpatilor\/wp-json\/wp\/v2\/posts\/709\/revisions"}],"predecessor-version":[{"id":711,"href":"https:\/\/tinerimearomana.ro\/cununa-carpatilor\/wp-json\/wp\/v2\/posts\/709\/revisions\/711"}],"wp:featuredmedia":[{"embeddable":true,"href":"https:\/\/tinerimearomana.ro\/cununa-carpatilor\/wp-json\/wp\/v2\/media\/710"}],"wp:attachment":[{"href":"https:\/\/tinerimearomana.ro\/cununa-carpatilor\/wp-json\/wp\/v2\/media?parent=709"}],"wp:term":[{"taxonomy":"category","embeddable":true,"href":"https:\/\/tinerimearomana.ro\/cununa-carpatilor\/wp-json\/wp\/v2\/categories?post=709"},{"taxonomy":"post_tag","embeddable":true,"href":"https:\/\/tinerimearomana.ro\/cununa-carpatilor\/wp-json\/wp\/v2\/tags?post=709"}],"curies":[{"name":"wp","href":"https:\/\/api.w.org\/{rel}","templated":true}]}}