{"id":702,"date":"2025-12-13T17:09:52","date_gmt":"2025-12-13T17:09:52","guid":{"rendered":"https:\/\/tinerimearomana.ro\/cununa-carpatilor\/?p=702"},"modified":"2025-12-13T17:13:54","modified_gmt":"2025-12-13T17:13:54","slug":"ansamblul-folcloric-cununa-carpatilor-concert-traditional-de-colinde-alaturi-de-vlastarele-cantecului-romanesc","status":"publish","type":"post","link":"https:\/\/tinerimearomana.ro\/cununa-carpatilor\/ansamblul-folcloric-cununa-carpatilor-concert-traditional-de-colinde-alaturi-de-vlastarele-cantecului-romanesc\/","title":{"rendered":"ANSAMBLUL FOLCLORIC &#8220;CUNUNA CARPA\u021aILOR&#8221; CONCERT TRADI\u021aIONAL DE COLINDE AL\u0102TURI DE &#8220;VL\u0102STARELE C\u00c2NTECULUI ROM\u00c2NESC&#8221;"},"content":{"rendered":"<p class=\"tm6\"><em><span class=\"tm7\">Centrul Na\u021bional de Art\u0103 \u201eTinerimea Rom\u00e2n\u0103\u201d, \u00een colaborare cu Funda\u021bia Rom\u00e2n\u0103 de Folclor, propune iubitorilor de c\u00e2ntec folcloric rom\u00e2nesc, \u00een data de <strong>19.12.2005<\/strong>, <strong>ora 18:00, la Palatul Tinerimea Rom\u00e2n\u0103<\/strong> , un nou concert sub genericul \u201eO, ce veste minunat\u0103\u201d,sus\u021binut de Grupul folcloric \u201eVl\u0103starele c\u00e2ntecului rom\u00e2nesc\u201d \u0219i de Orchestra de muzic\u0103 popular\u0103 a Ansamblului Folcloric \u201cCununa Carpa\u021bilor\u201d, dirijat\u0103 de Dan Ionescu. <\/span><\/em><\/p>\n<p class=\"tm6\"><em><span class=\"tm9\">Concertul se dore\u0219te a fi o poart\u0103 deschis\u0103 tinerilor c\u0103tre c\u00e2ntecul popular rom\u00e2nesc<\/span><span class=\"tm10\">.<\/span><\/em><\/p>\n<p><img fetchpriority=\"high\" decoding=\"async\" class=\"aligncenter size-full wp-image-704\" src=\"https:\/\/tinerimearomana.ro\/cununa-carpatilor\/wp-content\/uploads\/sites\/6\/2025\/12\/cununa-carpatilor-dec2025.jpg\" alt=\"\" width=\"920\" height=\"1301\" srcset=\"https:\/\/tinerimearomana.ro\/cununa-carpatilor\/wp-content\/uploads\/sites\/6\/2025\/12\/cununa-carpatilor-dec2025.jpg 920w, https:\/\/tinerimearomana.ro\/cununa-carpatilor\/wp-content\/uploads\/sites\/6\/2025\/12\/cununa-carpatilor-dec2025-212x300.jpg 212w, https:\/\/tinerimearomana.ro\/cununa-carpatilor\/wp-content\/uploads\/sites\/6\/2025\/12\/cununa-carpatilor-dec2025-724x1024.jpg 724w, https:\/\/tinerimearomana.ro\/cununa-carpatilor\/wp-content\/uploads\/sites\/6\/2025\/12\/cununa-carpatilor-dec2025-768x1086.jpg 768w\" sizes=\"(max-width: 920px) 100vw, 920px\" \/><\/p>\n<p>&nbsp;<\/p>\n","protected":false},"excerpt":{"rendered":"<p>Centrul Na\u021bional de Art\u0103 \u201eTinerimea Rom\u00e2n\u0103\u201d, \u00een colaborare cu Funda\u021bia Rom\u00e2n\u0103 de Folclor, propune iubitorilor de c\u00e2ntec folcloric rom\u00e2nesc, \u00een data de 19.12.2005, ora 18:00, la Palatul Tinerimea Rom\u00e2n\u0103 , un nou concert sub genericul \u201eO, ce veste minunat\u0103\u201d,sus\u021binut de Grupul folcloric \u201eVl\u0103starele c\u00e2ntecului rom\u00e2nesc\u201d \u0219i de Orchestra de muzic\u0103 popular\u0103 a Ansamblului Folcloric \u201cCununa&#8230;<\/p>\n","protected":false},"author":1,"featured_media":704,"comment_status":"closed","ping_status":"open","sticky":false,"template":"","format":"standard","meta":{"_kad_post_transparent":"default","_kad_post_title":"default","_kad_post_layout":"default","_kad_post_sidebar_id":"","_kad_post_content_style":"default","_kad_post_vertical_padding":"default","_kad_post_feature":"","_kad_post_feature_position":"","_kad_post_header":false,"_kad_post_footer":false,"_kad_post_classname":"","footnotes":""},"categories":[3],"tags":[],"class_list":["post-702","post","type-post","status-publish","format-standard","has-post-thumbnail","hentry","category-concerte"],"_links":{"self":[{"href":"https:\/\/tinerimearomana.ro\/cununa-carpatilor\/wp-json\/wp\/v2\/posts\/702"}],"collection":[{"href":"https:\/\/tinerimearomana.ro\/cununa-carpatilor\/wp-json\/wp\/v2\/posts"}],"about":[{"href":"https:\/\/tinerimearomana.ro\/cununa-carpatilor\/wp-json\/wp\/v2\/types\/post"}],"author":[{"embeddable":true,"href":"https:\/\/tinerimearomana.ro\/cununa-carpatilor\/wp-json\/wp\/v2\/users\/1"}],"replies":[{"embeddable":true,"href":"https:\/\/tinerimearomana.ro\/cununa-carpatilor\/wp-json\/wp\/v2\/comments?post=702"}],"version-history":[{"count":4,"href":"https:\/\/tinerimearomana.ro\/cununa-carpatilor\/wp-json\/wp\/v2\/posts\/702\/revisions"}],"predecessor-version":[{"id":707,"href":"https:\/\/tinerimearomana.ro\/cununa-carpatilor\/wp-json\/wp\/v2\/posts\/702\/revisions\/707"}],"wp:featuredmedia":[{"embeddable":true,"href":"https:\/\/tinerimearomana.ro\/cununa-carpatilor\/wp-json\/wp\/v2\/media\/704"}],"wp:attachment":[{"href":"https:\/\/tinerimearomana.ro\/cununa-carpatilor\/wp-json\/wp\/v2\/media?parent=702"}],"wp:term":[{"taxonomy":"category","embeddable":true,"href":"https:\/\/tinerimearomana.ro\/cununa-carpatilor\/wp-json\/wp\/v2\/categories?post=702"},{"taxonomy":"post_tag","embeddable":true,"href":"https:\/\/tinerimearomana.ro\/cununa-carpatilor\/wp-json\/wp\/v2\/tags?post=702"}],"curies":[{"name":"wp","href":"https:\/\/api.w.org\/{rel}","templated":true}]}}