{"id":683,"date":"2025-03-04T14:48:29","date_gmt":"2025-03-04T14:48:29","guid":{"rendered":"https:\/\/tinerimearomana.ro\/cununa-carpatilor\/?p=683"},"modified":"2025-03-04T14:48:38","modified_gmt":"2025-03-04T14:48:38","slug":"cantecul-la-el-acasa-cu-orchestra-ansamblului-folcloric-cununa-carpatilor","status":"publish","type":"post","link":"https:\/\/tinerimearomana.ro\/cununa-carpatilor\/cantecul-la-el-acasa-cu-orchestra-ansamblului-folcloric-cununa-carpatilor\/","title":{"rendered":"&#8220;C\u00c2NTECUL LA EL ACAS\u0102&#8221; CU ORCHESTRA ANSAMBLULUI FOLCLORIC &#8220;CUNUNA CARPA\u021aILOR&#8221;"},"content":{"rendered":"<p><strong><em>Seria concertelor educative continu\u0103 la Centrul Na\u021bional de Art\u0103 Tinerimea Rom\u00e2n\u0103.<\/em><\/strong><\/p>\n<p><em>Centrul Na\u021bional de Art\u0103 Tinerimea Rom\u00e2n\u0103, \u00een colaborare cu Funda\u021bia Rom\u00e2n\u0103 de Folclor, propune iubitorilor de c\u00e2ntec folcloric rom\u00e2nesc, un nou concert din cadrul proiectului \u201eConcerte educative\u201d , sub genericul \u201eC\u00e2ntecul la el acas\u0103\u201d.<\/em><\/p>\n<p><em>Orchestra de muzic\u0103 popular\u0103 a Ansamblului Folcloric \u201cCununa Carpa\u021bilor\u201d, dirijat\u0103 de Dan Ionescu, va acompania urm\u0103torii tineri \u0219i talenta\u021bi \u00a0soli\u0219ti vocali: Iosif Preda, Daria Marin, Mihnea Vasile, Daria Butnaru \u2013 coordona\u021bi de \u00eend\u0103gita interpret\u0103 din zona Banatului \u00a0&#8211; prof. Valeria Arn\u0103utu.<\/em><\/p>\n<p><em>Programul va cuprinde deasemenea suite orchestrale \u0219i solo-uri instrumentale sus\u021binute de: Cosmin Cociorv\u0103 \u2013 instrumente tradi\u021bionale \u0219i Ionu\u021b Fieru\u021b\u0103 \u2013 nai. <\/em><\/p>\n<p><em>Demersul ini\u021biatorilor proiectului mai sus amintit, se dore\u0219te a fi unul at\u00e2t \u00a0de popularizare a muzicii populare rom\u00e2ne\u0219ti \u00a0\u00een r\u00e2ndurile tinerilor care \u00eendr\u0103gesc \u0219i practic\u0103 \u00a0acest nemuritor gen muzical, c\u00e2t \u0219i unul de atragere a celor care doresc s\u0103-l \u00a0\u00eembr\u0103\u021bi\u0219eze &#8211; altfel \u00a0spus este o poart\u0103 deschis\u0103 tinerilor c\u0103tre c\u00e2ntecul popular rom\u00e2nesc.<\/em><\/p>\n<p><em>Concertul se va derula \u00een data de 07.03.2025, ora 18:00, la Palatul Tinerimea Rom\u00e2n\u0103, pe prcursul 60 de minute.<\/em><\/p>\n<p><img fetchpriority=\"high\" decoding=\"async\" class=\"aligncenter size-full wp-image-684\" src=\"https:\/\/tinerimearomana.ro\/cununa-carpatilor\/wp-content\/uploads\/sites\/6\/2025\/03\/cununa-carpatilor-cantecul-1.jpg\" alt=\"Cununa Carpatilor - Cantecul la el acasa\" width=\"960\" height=\"1358\" srcset=\"https:\/\/tinerimearomana.ro\/cununa-carpatilor\/wp-content\/uploads\/sites\/6\/2025\/03\/cununa-carpatilor-cantecul-1.jpg 960w, https:\/\/tinerimearomana.ro\/cununa-carpatilor\/wp-content\/uploads\/sites\/6\/2025\/03\/cununa-carpatilor-cantecul-1-212x300.jpg 212w, https:\/\/tinerimearomana.ro\/cununa-carpatilor\/wp-content\/uploads\/sites\/6\/2025\/03\/cununa-carpatilor-cantecul-1-724x1024.jpg 724w, https:\/\/tinerimearomana.ro\/cununa-carpatilor\/wp-content\/uploads\/sites\/6\/2025\/03\/cununa-carpatilor-cantecul-1-768x1086.jpg 768w\" sizes=\"(max-width: 960px) 100vw, 960px\" \/><\/p>\n","protected":false},"excerpt":{"rendered":"<p>Seria concertelor educative continu\u0103 la Centrul Na\u021bional de Art\u0103 Tinerimea Rom\u00e2n\u0103. Centrul Na\u021bional de Art\u0103 Tinerimea Rom\u00e2n\u0103, \u00een colaborare cu Funda\u021bia Rom\u00e2n\u0103 de Folclor, propune iubitorilor de c\u00e2ntec folcloric rom\u00e2nesc, un nou concert din cadrul proiectului \u201eConcerte educative\u201d , sub genericul \u201eC\u00e2ntecul la el acas\u0103\u201d. Orchestra de muzic\u0103 popular\u0103 a Ansamblului Folcloric \u201cCununa Carpa\u021bilor\u201d, dirijat\u0103&#8230;<\/p>\n","protected":false},"author":1,"featured_media":684,"comment_status":"closed","ping_status":"open","sticky":false,"template":"","format":"standard","meta":{"_kad_post_transparent":"default","_kad_post_title":"default","_kad_post_layout":"default","_kad_post_sidebar_id":"","_kad_post_content_style":"default","_kad_post_vertical_padding":"default","_kad_post_feature":"","_kad_post_feature_position":"","_kad_post_header":false,"_kad_post_footer":false,"_kad_post_classname":"","footnotes":""},"categories":[3],"tags":[],"class_list":["post-683","post","type-post","status-publish","format-standard","has-post-thumbnail","hentry","category-concerte"],"_links":{"self":[{"href":"https:\/\/tinerimearomana.ro\/cununa-carpatilor\/wp-json\/wp\/v2\/posts\/683"}],"collection":[{"href":"https:\/\/tinerimearomana.ro\/cununa-carpatilor\/wp-json\/wp\/v2\/posts"}],"about":[{"href":"https:\/\/tinerimearomana.ro\/cununa-carpatilor\/wp-json\/wp\/v2\/types\/post"}],"author":[{"embeddable":true,"href":"https:\/\/tinerimearomana.ro\/cununa-carpatilor\/wp-json\/wp\/v2\/users\/1"}],"replies":[{"embeddable":true,"href":"https:\/\/tinerimearomana.ro\/cununa-carpatilor\/wp-json\/wp\/v2\/comments?post=683"}],"version-history":[{"count":1,"href":"https:\/\/tinerimearomana.ro\/cununa-carpatilor\/wp-json\/wp\/v2\/posts\/683\/revisions"}],"predecessor-version":[{"id":685,"href":"https:\/\/tinerimearomana.ro\/cununa-carpatilor\/wp-json\/wp\/v2\/posts\/683\/revisions\/685"}],"wp:featuredmedia":[{"embeddable":true,"href":"https:\/\/tinerimearomana.ro\/cununa-carpatilor\/wp-json\/wp\/v2\/media\/684"}],"wp:attachment":[{"href":"https:\/\/tinerimearomana.ro\/cununa-carpatilor\/wp-json\/wp\/v2\/media?parent=683"}],"wp:term":[{"taxonomy":"category","embeddable":true,"href":"https:\/\/tinerimearomana.ro\/cununa-carpatilor\/wp-json\/wp\/v2\/categories?post=683"},{"taxonomy":"post_tag","embeddable":true,"href":"https:\/\/tinerimearomana.ro\/cununa-carpatilor\/wp-json\/wp\/v2\/tags?post=683"}],"curies":[{"name":"wp","href":"https:\/\/api.w.org\/{rel}","templated":true}]}}