{"id":678,"date":"2025-02-19T18:11:42","date_gmt":"2025-02-19T18:11:42","guid":{"rendered":"https:\/\/tinerimearomana.ro\/cununa-carpatilor\/?p=678"},"modified":"2025-02-19T18:12:51","modified_gmt":"2025-02-19T18:12:51","slug":"cununa-carpatilor-concert-folcloric-dedicat-tinerelor-talente","status":"publish","type":"post","link":"https:\/\/tinerimearomana.ro\/cununa-carpatilor\/cununa-carpatilor-concert-folcloric-dedicat-tinerelor-talente\/","title":{"rendered":"CUNUNA CARPATILOR &#8211; CONCERT FOLCLORIC DEDICAT TINERELOR TALENTE"},"content":{"rendered":"<p>Orchestra de muzic\u0103 popular\u0103 a Ansamblului Folcloric \u201c<strong>Cununa Carpa\u021bilor<\/strong>\u201d, dirijat\u0103 de <strong>Dan Ionescu<\/strong>, va sus\u021bine \u00een data de <strong>25.02.2025, ora 16:00, la Palatul Tinerimea Rom\u00e2n\u0103<\/strong>, Concertul Folcloric Educativ \u2013 TINERE TALENTE, cu participarea tinerilor soli\u0219ti vocali \u0219i instrumenti\u0219ti: Olena Harmurar, Alexandra Pi\u021bu, Maria Timeea Paraschivoiu, Natalia Volintiru (nai), elevi ai Colegiului Na\u021bional de Arte Dinu Lipatti din Bucure\u0219ti.<br \/>\nProfesori coordonatori: Loredana Streche, Luiza Trandafir, Ramona Urjan, Alexandru Cristian Moroianu.<br \/>\nProgramul va cuprinde deasemenea suite orchestrale \u0219i solo-uri instrumentale sus\u021binute de: Gic\u0103 Pandelescu \u2013 acordeon \u0219i Cosmin Cociorv\u0103 \u2013 clarinet.<br \/>\nConcertul se dore\u0219te a fi o poart\u0103 deschis\u0103 tinerilor c\u0103tre c\u00e2ntecul popular rom\u00e2nesc.<\/p>\n<p><img fetchpriority=\"high\" decoding=\"async\" class=\"aligncenter size-full wp-image-679\" src=\"https:\/\/tinerimearomana.ro\/cununa-carpatilor\/wp-content\/uploads\/sites\/6\/2025\/02\/Concert-folcloric-TINERE-TALENTE-Tinerimea-Romana.jpg\" alt=\"\" width=\"980\" height=\"1386\" srcset=\"https:\/\/tinerimearomana.ro\/cununa-carpatilor\/wp-content\/uploads\/sites\/6\/2025\/02\/Concert-folcloric-TINERE-TALENTE-Tinerimea-Romana.jpg 980w, https:\/\/tinerimearomana.ro\/cununa-carpatilor\/wp-content\/uploads\/sites\/6\/2025\/02\/Concert-folcloric-TINERE-TALENTE-Tinerimea-Romana-212x300.jpg 212w, https:\/\/tinerimearomana.ro\/cununa-carpatilor\/wp-content\/uploads\/sites\/6\/2025\/02\/Concert-folcloric-TINERE-TALENTE-Tinerimea-Romana-724x1024.jpg 724w, https:\/\/tinerimearomana.ro\/cununa-carpatilor\/wp-content\/uploads\/sites\/6\/2025\/02\/Concert-folcloric-TINERE-TALENTE-Tinerimea-Romana-768x1086.jpg 768w\" sizes=\"(max-width: 980px) 100vw, 980px\" \/><\/p>\n","protected":false},"excerpt":{"rendered":"<p>Orchestra de muzic\u0103 popular\u0103 a Ansamblului Folcloric \u201cCununa Carpa\u021bilor\u201d, dirijat\u0103 de Dan Ionescu, va sus\u021bine \u00een data de 25.02.2025, ora 16:00, la Palatul Tinerimea Rom\u00e2n\u0103, Concertul Folcloric Educativ \u2013 TINERE TALENTE, cu participarea tinerilor soli\u0219ti vocali \u0219i instrumenti\u0219ti: Olena Harmurar, Alexandra Pi\u021bu, Maria Timeea Paraschivoiu, Natalia Volintiru (nai), elevi ai Colegiului Na\u021bional de Arte Dinu&#8230;<\/p>\n","protected":false},"author":1,"featured_media":679,"comment_status":"closed","ping_status":"open","sticky":false,"template":"","format":"standard","meta":{"_kad_post_transparent":"default","_kad_post_title":"default","_kad_post_layout":"default","_kad_post_sidebar_id":"","_kad_post_content_style":"default","_kad_post_vertical_padding":"default","_kad_post_feature":"","_kad_post_feature_position":"","_kad_post_header":false,"_kad_post_footer":false,"_kad_post_classname":"","footnotes":""},"categories":[3],"tags":[],"class_list":["post-678","post","type-post","status-publish","format-standard","has-post-thumbnail","hentry","category-concerte"],"_links":{"self":[{"href":"https:\/\/tinerimearomana.ro\/cununa-carpatilor\/wp-json\/wp\/v2\/posts\/678"}],"collection":[{"href":"https:\/\/tinerimearomana.ro\/cununa-carpatilor\/wp-json\/wp\/v2\/posts"}],"about":[{"href":"https:\/\/tinerimearomana.ro\/cununa-carpatilor\/wp-json\/wp\/v2\/types\/post"}],"author":[{"embeddable":true,"href":"https:\/\/tinerimearomana.ro\/cununa-carpatilor\/wp-json\/wp\/v2\/users\/1"}],"replies":[{"embeddable":true,"href":"https:\/\/tinerimearomana.ro\/cununa-carpatilor\/wp-json\/wp\/v2\/comments?post=678"}],"version-history":[{"count":1,"href":"https:\/\/tinerimearomana.ro\/cununa-carpatilor\/wp-json\/wp\/v2\/posts\/678\/revisions"}],"predecessor-version":[{"id":680,"href":"https:\/\/tinerimearomana.ro\/cununa-carpatilor\/wp-json\/wp\/v2\/posts\/678\/revisions\/680"}],"wp:featuredmedia":[{"embeddable":true,"href":"https:\/\/tinerimearomana.ro\/cununa-carpatilor\/wp-json\/wp\/v2\/media\/679"}],"wp:attachment":[{"href":"https:\/\/tinerimearomana.ro\/cununa-carpatilor\/wp-json\/wp\/v2\/media?parent=678"}],"wp:term":[{"taxonomy":"category","embeddable":true,"href":"https:\/\/tinerimearomana.ro\/cununa-carpatilor\/wp-json\/wp\/v2\/categories?post=678"},{"taxonomy":"post_tag","embeddable":true,"href":"https:\/\/tinerimearomana.ro\/cununa-carpatilor\/wp-json\/wp\/v2\/tags?post=678"}],"curies":[{"name":"wp","href":"https:\/\/api.w.org\/{rel}","templated":true}]}}