{"id":638,"date":"2024-02-21T16:09:17","date_gmt":"2024-02-21T16:09:17","guid":{"rendered":"https:\/\/tinerimearomana.ro\/cununa-carpatilor\/?p=638"},"modified":"2024-02-21T16:23:15","modified_gmt":"2024-02-21T16:23:15","slug":"concert-folcloric-extraordinar-dedicat-zilei-de-8-martie","status":"publish","type":"post","link":"https:\/\/tinerimearomana.ro\/cununa-carpatilor\/concert-folcloric-extraordinar-dedicat-zilei-de-8-martie\/","title":{"rendered":"CONCERT FOLCLORIC EXTRAORDINAR DEDICAT ZILEI DE 8 MARTIE"},"content":{"rendered":"<p>Centrul Na\u021bional de Art\u0103 \u201cTinerimea Rom\u00e2n\u0103\u201d invit\u0103 publicul bucure\u015ftean la Palatul Tinerimea Rom\u00e2na,<strong> vineri, 8 martie 2024<\/strong>, <strong>ora 18:00<\/strong>, la un concert folcloric sub genericul \u00a0\u201eS\u0102RUT FEMEIE M\u00c2NA TA!\u201d. Concertul \u00a0are o semnifica\u021bie aparte fiind dedicat in exclusivitate celei mai dragi \u00a0fiin\u021be de pe p\u0103m\u00e2nt: \u00a0FEMEIA .<\/p>\n<p>Al\u0103turi de Orchestra de muzic\u0103 popular\u0103 a <strong>Ansamblului \u00a0Folcloric \u00a0\u201eCununa Carpa\u021bilor \u201d<\/strong> dirijat\u0103 \u00a0de maestrul \u00a0Dan Ionescu, se vor afla \u00een calitate de invita\u021bi, \u00a0Gheorghi\u021ba Nicolae, \u00a0un nume de referin\u021b\u0103 \u00eentre interpre\u021bii c\u00e2ntecului popular rom\u00e2nesc \u00a0&#8211; \u00a0realizatoarea emisiunii Tezaur Folcloric de la TVR, \u00a0\u0219i mai t\u00e2n\u0103rul \u0219i talentatul interpret \u00a0teleorm\u0103nean, \u00a0Daniel Turic\u0103, \u00a0ce vor aduce bucurie \u0219i \u00eenc\u00e2ntare \u00een inimile publicului spectator.<\/p>\n<p>V\u0103 a\u0219tept\u0103m cu drag!<\/p>\n<p><img fetchpriority=\"high\" decoding=\"async\" class=\"aligncenter size-full wp-image-640\" src=\"https:\/\/tinerimearomana.ro\/cununa-carpatilor\/wp-content\/uploads\/sites\/6\/2024\/02\/concert-cununa-carpatilor-08032024.jpg\" alt=\"\" width=\"800\" height=\"1130\" srcset=\"https:\/\/tinerimearomana.ro\/cununa-carpatilor\/wp-content\/uploads\/sites\/6\/2024\/02\/concert-cununa-carpatilor-08032024.jpg 800w, https:\/\/tinerimearomana.ro\/cununa-carpatilor\/wp-content\/uploads\/sites\/6\/2024\/02\/concert-cununa-carpatilor-08032024-212x300.jpg 212w, https:\/\/tinerimearomana.ro\/cununa-carpatilor\/wp-content\/uploads\/sites\/6\/2024\/02\/concert-cununa-carpatilor-08032024-725x1024.jpg 725w, https:\/\/tinerimearomana.ro\/cununa-carpatilor\/wp-content\/uploads\/sites\/6\/2024\/02\/concert-cununa-carpatilor-08032024-768x1085.jpg 768w\" sizes=\"(max-width: 800px) 100vw, 800px\" \/><\/p>\n","protected":false},"excerpt":{"rendered":"<p>Centrul Na\u021bional de Art\u0103 \u201cTinerimea Rom\u00e2n\u0103\u201d invit\u0103 publicul bucure\u015ftean la Palatul Tinerimea Rom\u00e2na, vineri, 8 martie 2024, ora 18:00, la un concert folcloric sub genericul \u00a0\u201eS\u0102RUT FEMEIE M\u00c2NA TA!\u201d. Concertul \u00a0are o semnifica\u021bie aparte fiind dedicat in exclusivitate celei mai dragi \u00a0fiin\u021be de pe p\u0103m\u00e2nt: \u00a0FEMEIA . Al\u0103turi de Orchestra de muzic\u0103 popular\u0103 a Ansamblului&#8230;<\/p>\n","protected":false},"author":1,"featured_media":640,"comment_status":"closed","ping_status":"open","sticky":false,"template":"","format":"standard","meta":{"_kad_post_transparent":"default","_kad_post_title":"default","_kad_post_layout":"default","_kad_post_sidebar_id":"","_kad_post_content_style":"default","_kad_post_vertical_padding":"default","_kad_post_feature":"","_kad_post_feature_position":"","_kad_post_header":false,"_kad_post_footer":false,"_kad_post_classname":"","footnotes":""},"categories":[3],"tags":[],"class_list":["post-638","post","type-post","status-publish","format-standard","has-post-thumbnail","hentry","category-concerte"],"_links":{"self":[{"href":"https:\/\/tinerimearomana.ro\/cununa-carpatilor\/wp-json\/wp\/v2\/posts\/638"}],"collection":[{"href":"https:\/\/tinerimearomana.ro\/cununa-carpatilor\/wp-json\/wp\/v2\/posts"}],"about":[{"href":"https:\/\/tinerimearomana.ro\/cununa-carpatilor\/wp-json\/wp\/v2\/types\/post"}],"author":[{"embeddable":true,"href":"https:\/\/tinerimearomana.ro\/cununa-carpatilor\/wp-json\/wp\/v2\/users\/1"}],"replies":[{"embeddable":true,"href":"https:\/\/tinerimearomana.ro\/cununa-carpatilor\/wp-json\/wp\/v2\/comments?post=638"}],"version-history":[{"count":4,"href":"https:\/\/tinerimearomana.ro\/cununa-carpatilor\/wp-json\/wp\/v2\/posts\/638\/revisions"}],"predecessor-version":[{"id":643,"href":"https:\/\/tinerimearomana.ro\/cununa-carpatilor\/wp-json\/wp\/v2\/posts\/638\/revisions\/643"}],"wp:featuredmedia":[{"embeddable":true,"href":"https:\/\/tinerimearomana.ro\/cununa-carpatilor\/wp-json\/wp\/v2\/media\/640"}],"wp:attachment":[{"href":"https:\/\/tinerimearomana.ro\/cununa-carpatilor\/wp-json\/wp\/v2\/media?parent=638"}],"wp:term":[{"taxonomy":"category","embeddable":true,"href":"https:\/\/tinerimearomana.ro\/cununa-carpatilor\/wp-json\/wp\/v2\/categories?post=638"},{"taxonomy":"post_tag","embeddable":true,"href":"https:\/\/tinerimearomana.ro\/cununa-carpatilor\/wp-json\/wp\/v2\/tags?post=638"}],"curies":[{"name":"wp","href":"https:\/\/api.w.org\/{rel}","templated":true}]}}