{"id":632,"date":"2023-12-04T20:32:49","date_gmt":"2023-12-04T20:32:49","guid":{"rendered":"https:\/\/tinerimearomana.ro\/cununa-carpatilor\/?p=632"},"modified":"2024-02-21T16:16:17","modified_gmt":"2024-02-21T16:16:17","slug":"spectacol-folcloric-tineri-artisti-in-recital-la-palatul-tinerimea-romana","status":"publish","type":"post","link":"https:\/\/tinerimearomana.ro\/cununa-carpatilor\/spectacol-folcloric-tineri-artisti-in-recital-la-palatul-tinerimea-romana\/","title":{"rendered":"SPECTACOL FOLCLORIC &#8211; TINERI ARTISTI IN RECITAL LA PALATUL &#8220;TINERIMEA ROMANA&#8217;"},"content":{"rendered":"<div>\n<div>Orchestra de muzica populara a <strong>Ansamblului folcloric Cununa Carpa\u021bilor<\/strong> al Centrului Na\u021bional de Art\u0103 Tinerimea Rom\u00e2n\u0103 va sus\u021bine <strong>joi, 7 decembrie de la ora 16.00 \u00een Sala Mare a Palatului Tinerimea Rom\u00e2n\u0103<\/strong> un concert desfasurat sub genericul &#8220;Tineri solisti in recital&#8221;.<\/div>\n<div><\/div>\n<div>Membrii \u0219i soli\u0219tii instrumentisti ai orchestrei de muzica populara a Ansamblului folcloric Cununa Carpa\u021bilor, condus\u0103 de dirijorul <strong>Dan Ionescu<\/strong>, al\u0103turi de solistul vocal <strong>Daniel Turica<\/strong>, vor \u00eenc\u00e2nta publicul cu un atractiv program muzical.<\/div>\n<\/div>\n<div><\/div>\n<div dir=\"ltr\">Accesul \u00een sala de spectacole este liber, \u00een limita locurilor disponibile.<\/div>\n<p>&nbsp;<\/p>\n<div dir=\"ltr\"><\/div>\n<div dir=\"ltr\"><\/div>\n<div dir=\"ltr\"><img fetchpriority=\"high\" decoding=\"async\" class=\"aligncenter size-full wp-image-633\" src=\"https:\/\/tinerimearomana.ro\/cununa-carpatilor\/wp-content\/uploads\/sites\/6\/2023\/12\/cununa-carpatilor-7dec23.jpg\" alt=\"\" width=\"980\" height=\"1385\" srcset=\"https:\/\/tinerimearomana.ro\/cununa-carpatilor\/wp-content\/uploads\/sites\/6\/2023\/12\/cununa-carpatilor-7dec23.jpg 980w, https:\/\/tinerimearomana.ro\/cununa-carpatilor\/wp-content\/uploads\/sites\/6\/2023\/12\/cununa-carpatilor-7dec23-212x300.jpg 212w, https:\/\/tinerimearomana.ro\/cununa-carpatilor\/wp-content\/uploads\/sites\/6\/2023\/12\/cununa-carpatilor-7dec23-725x1024.jpg 725w, https:\/\/tinerimearomana.ro\/cununa-carpatilor\/wp-content\/uploads\/sites\/6\/2023\/12\/cununa-carpatilor-7dec23-768x1085.jpg 768w\" sizes=\"(max-width: 980px) 100vw, 980px\" \/><\/div>\n","protected":false},"excerpt":{"rendered":"<p>Orchestra de muzica populara a Ansamblului folcloric Cununa Carpa\u021bilor al Centrului Na\u021bional de Art\u0103 Tinerimea Rom\u00e2n\u0103 va sus\u021bine joi, 7 decembrie de la ora 16.00 \u00een Sala Mare a Palatului Tinerimea Rom\u00e2n\u0103 un concert desfasurat sub genericul &#8220;Tineri solisti in recital&#8221;. Membrii \u0219i soli\u0219tii instrumentisti ai orchestrei de muzica populara a Ansamblului folcloric Cununa Carpa\u021bilor,&#8230;<\/p>\n","protected":false},"author":1,"featured_media":633,"comment_status":"closed","ping_status":"open","sticky":false,"template":"","format":"standard","meta":{"_kad_post_transparent":"default","_kad_post_title":"default","_kad_post_layout":"default","_kad_post_sidebar_id":"","_kad_post_content_style":"default","_kad_post_vertical_padding":"default","_kad_post_feature":"","_kad_post_feature_position":"","_kad_post_header":false,"_kad_post_footer":false,"_kad_post_classname":"","footnotes":""},"categories":[3],"tags":[],"class_list":["post-632","post","type-post","status-publish","format-standard","has-post-thumbnail","hentry","category-concerte"],"_links":{"self":[{"href":"https:\/\/tinerimearomana.ro\/cununa-carpatilor\/wp-json\/wp\/v2\/posts\/632"}],"collection":[{"href":"https:\/\/tinerimearomana.ro\/cununa-carpatilor\/wp-json\/wp\/v2\/posts"}],"about":[{"href":"https:\/\/tinerimearomana.ro\/cununa-carpatilor\/wp-json\/wp\/v2\/types\/post"}],"author":[{"embeddable":true,"href":"https:\/\/tinerimearomana.ro\/cununa-carpatilor\/wp-json\/wp\/v2\/users\/1"}],"replies":[{"embeddable":true,"href":"https:\/\/tinerimearomana.ro\/cununa-carpatilor\/wp-json\/wp\/v2\/comments?post=632"}],"version-history":[{"count":3,"href":"https:\/\/tinerimearomana.ro\/cununa-carpatilor\/wp-json\/wp\/v2\/posts\/632\/revisions"}],"predecessor-version":[{"id":636,"href":"https:\/\/tinerimearomana.ro\/cununa-carpatilor\/wp-json\/wp\/v2\/posts\/632\/revisions\/636"}],"wp:featuredmedia":[{"embeddable":true,"href":"https:\/\/tinerimearomana.ro\/cununa-carpatilor\/wp-json\/wp\/v2\/media\/633"}],"wp:attachment":[{"href":"https:\/\/tinerimearomana.ro\/cununa-carpatilor\/wp-json\/wp\/v2\/media?parent=632"}],"wp:term":[{"taxonomy":"category","embeddable":true,"href":"https:\/\/tinerimearomana.ro\/cununa-carpatilor\/wp-json\/wp\/v2\/categories?post=632"},{"taxonomy":"post_tag","embeddable":true,"href":"https:\/\/tinerimearomana.ro\/cununa-carpatilor\/wp-json\/wp\/v2\/tags?post=632"}],"curies":[{"name":"wp","href":"https:\/\/api.w.org\/{rel}","templated":true}]}}