{"id":622,"date":"2023-11-09T14:43:02","date_gmt":"2023-11-09T14:43:02","guid":{"rendered":"https:\/\/tinerimearomana.ro\/cununa-carpatilor\/?p=622"},"modified":"2024-02-21T16:17:01","modified_gmt":"2024-02-21T16:17:01","slug":"spectacol-folcloric-extraordinar-al-ansamblului-folcloric-cununa-carpatilor-la-palatul-copiilor","status":"publish","type":"post","link":"https:\/\/tinerimearomana.ro\/cununa-carpatilor\/spectacol-folcloric-extraordinar-al-ansamblului-folcloric-cununa-carpatilor-la-palatul-copiilor\/","title":{"rendered":"SPECTACOL FOLCLORIC EXTRAORDINAR AL ANSAMBLULUI FOLCLORIC &#8220;CUNUNA CARPATILOR&#8221; LA PALATUL COPIILOR"},"content":{"rendered":"<p>Centrul Na\u021bional de Art\u0103 \u201eTinerimea Rom\u00e2n\u0103\u201d, v\u0103 invit\u0103 la <strong>Palatul Na\u021bional al Copiilor din Bucure\u0219ti, joi 23 noiembrie 2023, ora 18:00<\/strong>, la un spectacol muzical-coregrafic de folclor de muzic\u0103 popular\u0103 sub genericul <strong>\u201eC\u00e2ntece \u0219i Jocuri Rom\u00e2ne\u0219ti\u201d<\/strong>.<\/p>\n<p><strong>Ansamblului Folcloric \u201eCununa Carpa\u021bilor\u201d<\/strong>, li se vor al\u0103tura \u00een calitate de invita\u021bi, Gheorghi\u021ba Nicolae, un nume de referin\u021b\u0103 \u00eentre interpre\u021bii c\u00e2ntecului popular rom\u00e2nesc \u2013 realizatoarea emisiunii Tezaur Folcloric de la TVR, \u0219i mai t\u00e2n\u0103rul \u0219i talentatul interpret teleorm\u0103nean, Daniel Turic\u0103.<\/p>\n<p>Numerele din spectacol vor surprinde spectatorii cu aspecte coregrafice din cele mai reprezentative zone folclorice ale Rom\u00e2niei, prezentate cu total\u0103 d\u0103ruire de dansatorii \u0219i orchestra Ansamblului Folcloric \u201eCununa Carpa\u021bilor\u201d al Centrului Na\u021bional de Art\u0103 \u201eTinerimea Rom\u00e2n\u0103\u201d.<\/p>\n<p>V\u0103 a\u0219tept\u0103m cu drag!<\/p>\n<p><img fetchpriority=\"high\" decoding=\"async\" class=\"aligncenter size-full wp-image-623\" src=\"https:\/\/tinerimearomana.ro\/cununa-carpatilor\/wp-content\/uploads\/sites\/6\/2023\/11\/CUNUNA_PNC_23.11.2023.jpg\" alt=\"\" width=\"900\" height=\"1273\" srcset=\"https:\/\/tinerimearomana.ro\/cununa-carpatilor\/wp-content\/uploads\/sites\/6\/2023\/11\/CUNUNA_PNC_23.11.2023.jpg 900w, https:\/\/tinerimearomana.ro\/cununa-carpatilor\/wp-content\/uploads\/sites\/6\/2023\/11\/CUNUNA_PNC_23.11.2023-212x300.jpg 212w, https:\/\/tinerimearomana.ro\/cununa-carpatilor\/wp-content\/uploads\/sites\/6\/2023\/11\/CUNUNA_PNC_23.11.2023-724x1024.jpg 724w, https:\/\/tinerimearomana.ro\/cununa-carpatilor\/wp-content\/uploads\/sites\/6\/2023\/11\/CUNUNA_PNC_23.11.2023-768x1086.jpg 768w\" sizes=\"(max-width: 900px) 100vw, 900px\" \/><\/p>\n","protected":false},"excerpt":{"rendered":"<p>Centrul Na\u021bional de Art\u0103 \u201eTinerimea Rom\u00e2n\u0103\u201d, v\u0103 invit\u0103 la Palatul Na\u021bional al Copiilor din Bucure\u0219ti, joi 23 noiembrie 2023, ora 18:00, la un spectacol muzical-coregrafic de folclor de muzic\u0103 popular\u0103 sub genericul \u201eC\u00e2ntece \u0219i Jocuri Rom\u00e2ne\u0219ti\u201d. Ansamblului Folcloric \u201eCununa Carpa\u021bilor\u201d, li se vor al\u0103tura \u00een calitate de invita\u021bi, Gheorghi\u021ba Nicolae, un nume de referin\u021b\u0103 \u00eentre&#8230;<\/p>\n","protected":false},"author":1,"featured_media":623,"comment_status":"open","ping_status":"open","sticky":false,"template":"","format":"standard","meta":{"_kad_post_transparent":"default","_kad_post_title":"default","_kad_post_layout":"default","_kad_post_sidebar_id":"","_kad_post_content_style":"default","_kad_post_vertical_padding":"default","_kad_post_feature":"","_kad_post_feature_position":"","_kad_post_header":false,"_kad_post_footer":false,"_kad_post_classname":"","footnotes":""},"categories":[3],"tags":[],"class_list":["post-622","post","type-post","status-publish","format-standard","has-post-thumbnail","hentry","category-concerte"],"_links":{"self":[{"href":"https:\/\/tinerimearomana.ro\/cununa-carpatilor\/wp-json\/wp\/v2\/posts\/622"}],"collection":[{"href":"https:\/\/tinerimearomana.ro\/cununa-carpatilor\/wp-json\/wp\/v2\/posts"}],"about":[{"href":"https:\/\/tinerimearomana.ro\/cununa-carpatilor\/wp-json\/wp\/v2\/types\/post"}],"author":[{"embeddable":true,"href":"https:\/\/tinerimearomana.ro\/cununa-carpatilor\/wp-json\/wp\/v2\/users\/1"}],"replies":[{"embeddable":true,"href":"https:\/\/tinerimearomana.ro\/cununa-carpatilor\/wp-json\/wp\/v2\/comments?post=622"}],"version-history":[{"count":2,"href":"https:\/\/tinerimearomana.ro\/cununa-carpatilor\/wp-json\/wp\/v2\/posts\/622\/revisions"}],"predecessor-version":[{"id":625,"href":"https:\/\/tinerimearomana.ro\/cununa-carpatilor\/wp-json\/wp\/v2\/posts\/622\/revisions\/625"}],"wp:featuredmedia":[{"embeddable":true,"href":"https:\/\/tinerimearomana.ro\/cununa-carpatilor\/wp-json\/wp\/v2\/media\/623"}],"wp:attachment":[{"href":"https:\/\/tinerimearomana.ro\/cununa-carpatilor\/wp-json\/wp\/v2\/media?parent=622"}],"wp:term":[{"taxonomy":"category","embeddable":true,"href":"https:\/\/tinerimearomana.ro\/cununa-carpatilor\/wp-json\/wp\/v2\/categories?post=622"},{"taxonomy":"post_tag","embeddable":true,"href":"https:\/\/tinerimearomana.ro\/cununa-carpatilor\/wp-json\/wp\/v2\/tags?post=622"}],"curies":[{"name":"wp","href":"https:\/\/api.w.org\/{rel}","templated":true}]}}