{"id":601,"date":"2023-04-10T17:23:40","date_gmt":"2023-04-10T17:23:40","guid":{"rendered":"https:\/\/tinerimearomana.ro\/cununa-carpatilor\/?p=601"},"modified":"2023-05-22T10:53:39","modified_gmt":"2023-05-22T10:53:39","slug":"festivalul-national-de-folclor-cununa-carpatilor-editia-a-ii-a","status":"publish","type":"post","link":"https:\/\/tinerimearomana.ro\/cununa-carpatilor\/festivalul-national-de-folclor-cununa-carpatilor-editia-a-ii-a\/","title":{"rendered":"Festivalul Na\u021bional de Folclor \u201cCununa Carpa\u021bilor\u201d edi\u021bia a II-a"},"content":{"rendered":"<p style=\"font-weight: 400;\">Centrul Na\u021bional de Art\u0103 \u201eTinerimea Rom\u00e2n\u0103\u201d v\u0103 invit\u0103 joi, 4 mai de la ora 17.00 la Sala Mare a Palatului Na\u021bional al Copiilor din Bucure\u0219ti la o \u00eent\u00e2lnire de s\u0103rb\u0103toare cu obiceiul, muzica, dansul \u0219i autenticul costum tradi\u021bional rom\u00e2nesc.<\/p>\n<p style=\"font-weight: 400;\">Gazda festivalului, Ansamblul Folcloric\u00a0 \u201cCununa Carpa\u021bilor\u201d al\u00a0 C.N.A.\u00a0 \u201eTinerimea Rom\u00e2n\u0103\u201d din Bucure\u0219ti &#8211; coordonator \u0218tefan Osepciuc, instructor de dans Vl\u0103du\u021b Simulescu, dirijor Dan Ionescu, \u00eei are ca invita\u021bi pe Ansamblul Artistic Profesionist \u201eDOINA GORJULUI\u201d &#8211; dirijori: Florin Chiri\u021boiu \u0219i Aurel Blondea, coregraf: Valeriu Saraolu, al\u0103turi de Orchestra Popular\u0103 \u201eFLAC\u0102RA PRAHOVEI\u201d \u0219i Ansamblul Folcloric \u201eFLAC\u0102RA PRAHOVEI\u201d ale Filarmonicii PAUL CONSTANTINESCU din Ploie\u0219ti &#8211; dirijor: Marian Dov\u00eenc\u0103, coregraf: Marian Marinic\u0103,\u00a0 spectacolul fiind prezentat de Gheorghi\u021ba Nicolae.<\/p>\n<p style=\"font-weight: 400;\">Spectacolele prezentate de cele trei ansambluri folclorice vor aduce bucuria reconect\u0103rii la emo\u021bia c\u00e2ntecului \u0219i jocului popular rom\u00e2nesc, prin intermediul artei unor virtuozi ai genului, fiind adresate publicului de toate v\u00e2rstele.<\/p>\n<p style=\"font-weight: 400;\">Parteneri: TVR, Radio Rom\u00e2nia Antena Satelor, Muzeul Na\u021bional al Satului &#8220;Dimitrie Gusti&#8221;, Muzeul Na\u021bional al \u021a\u0103ranului Rom\u00e2n, Carpatina, Cutia cu Flori, BlitzTV<\/p>\n<p style=\"font-weight: 400;\">Accesul \u00een sala de spectacole este permis p\u00e2n\u0103 la ora 16:45, \u00een limita locurilor disponibile, pe baza \u00eenscrierii la adresa de email:\u00a0<a href=\"mailto:festival2023@tinerimearomana.ro\">festival2023@tinerimearomana.ro<\/a>\u00a0sau la tel. 021 315 8165<\/p>\n<p><img fetchpriority=\"high\" decoding=\"async\" class=\"aligncenter size-full wp-image-602\" src=\"https:\/\/tinerimearomana.ro\/cununa-carpatilor\/wp-content\/uploads\/sites\/6\/2023\/04\/Cununa-Carpatilor-editia-a-II-a-2023.jpg\" alt=\"\" width=\"960\" height=\"1365\" srcset=\"https:\/\/tinerimearomana.ro\/cununa-carpatilor\/wp-content\/uploads\/sites\/6\/2023\/04\/Cununa-Carpatilor-editia-a-II-a-2023.jpg 960w, https:\/\/tinerimearomana.ro\/cununa-carpatilor\/wp-content\/uploads\/sites\/6\/2023\/04\/Cununa-Carpatilor-editia-a-II-a-2023-211x300.jpg 211w, https:\/\/tinerimearomana.ro\/cununa-carpatilor\/wp-content\/uploads\/sites\/6\/2023\/04\/Cununa-Carpatilor-editia-a-II-a-2023-720x1024.jpg 720w, https:\/\/tinerimearomana.ro\/cununa-carpatilor\/wp-content\/uploads\/sites\/6\/2023\/04\/Cununa-Carpatilor-editia-a-II-a-2023-768x1092.jpg 768w\" sizes=\"(max-width: 960px) 100vw, 960px\" \/><\/p>\n","protected":false},"excerpt":{"rendered":"<p>Centrul Na\u021bional de Art\u0103 \u201eTinerimea Rom\u00e2n\u0103\u201d v\u0103 invit\u0103 joi, 4 mai de la ora 17.00 la Sala Mare a Palatului Na\u021bional al Copiilor din Bucure\u0219ti la o \u00eent\u00e2lnire de s\u0103rb\u0103toare cu obiceiul, muzica, dansul \u0219i autenticul costum tradi\u021bional rom\u00e2nesc. Gazda festivalului, Ansamblul Folcloric\u00a0 \u201cCununa Carpa\u021bilor\u201d al\u00a0 C.N.A.\u00a0 \u201eTinerimea Rom\u00e2n\u0103\u201d din Bucure\u0219ti &#8211; coordonator \u0218tefan Osepciuc,&#8230;<\/p>\n","protected":false},"author":1,"featured_media":602,"comment_status":"open","ping_status":"open","sticky":false,"template":"","format":"standard","meta":{"_kad_post_transparent":"default","_kad_post_title":"default","_kad_post_layout":"default","_kad_post_sidebar_id":"","_kad_post_content_style":"default","_kad_post_vertical_padding":"default","_kad_post_feature":"","_kad_post_feature_position":"","_kad_post_header":false,"_kad_post_footer":false,"_kad_post_classname":"","footnotes":""},"categories":[3],"tags":[],"class_list":["post-601","post","type-post","status-publish","format-standard","has-post-thumbnail","hentry","category-concerte"],"_links":{"self":[{"href":"https:\/\/tinerimearomana.ro\/cununa-carpatilor\/wp-json\/wp\/v2\/posts\/601"}],"collection":[{"href":"https:\/\/tinerimearomana.ro\/cununa-carpatilor\/wp-json\/wp\/v2\/posts"}],"about":[{"href":"https:\/\/tinerimearomana.ro\/cununa-carpatilor\/wp-json\/wp\/v2\/types\/post"}],"author":[{"embeddable":true,"href":"https:\/\/tinerimearomana.ro\/cununa-carpatilor\/wp-json\/wp\/v2\/users\/1"}],"replies":[{"embeddable":true,"href":"https:\/\/tinerimearomana.ro\/cununa-carpatilor\/wp-json\/wp\/v2\/comments?post=601"}],"version-history":[{"count":1,"href":"https:\/\/tinerimearomana.ro\/cununa-carpatilor\/wp-json\/wp\/v2\/posts\/601\/revisions"}],"predecessor-version":[{"id":603,"href":"https:\/\/tinerimearomana.ro\/cununa-carpatilor\/wp-json\/wp\/v2\/posts\/601\/revisions\/603"}],"wp:featuredmedia":[{"embeddable":true,"href":"https:\/\/tinerimearomana.ro\/cununa-carpatilor\/wp-json\/wp\/v2\/media\/602"}],"wp:attachment":[{"href":"https:\/\/tinerimearomana.ro\/cununa-carpatilor\/wp-json\/wp\/v2\/media?parent=601"}],"wp:term":[{"taxonomy":"category","embeddable":true,"href":"https:\/\/tinerimearomana.ro\/cununa-carpatilor\/wp-json\/wp\/v2\/categories?post=601"},{"taxonomy":"post_tag","embeddable":true,"href":"https:\/\/tinerimearomana.ro\/cununa-carpatilor\/wp-json\/wp\/v2\/tags?post=601"}],"curies":[{"name":"wp","href":"https:\/\/api.w.org\/{rel}","templated":true}]}}