{"id":589,"date":"2023-03-02T09:59:53","date_gmt":"2023-03-02T09:59:53","guid":{"rendered":"https:\/\/tinerimearomana.ro\/cununa-carpatilor\/?p=589"},"modified":"2023-05-22T10:54:59","modified_gmt":"2023-05-22T10:54:59","slug":"ansamblul-folcloric-cununa-carpatilor-concert-dedicat-zilei-internationale-a-femeii-2","status":"publish","type":"post","link":"https:\/\/tinerimearomana.ro\/cununa-carpatilor\/ansamblul-folcloric-cununa-carpatilor-concert-dedicat-zilei-internationale-a-femeii-2\/","title":{"rendered":"ANSAMBLUL FOLCLORIC \u201cCUNUNA CARPA\u021aILOR\u201d \u2013 CONCERT DEDICAT ZILEI INTERNA\u021aIONALE A FEMEII"},"content":{"rendered":"<p>Orchestra de muzica populara a Ansamblului folcloric Cununa Carpa\u021bilor al Centrului Na\u021bional de Art\u0103 Tinerimea Rom\u00e2n\u0103 va sus\u021bine miercuri, 8 martie de la ora 18.30 \u00een Sala Mare a Palatului Tinerimea Rom\u00e2n\u0103 un spectacol dedicat Zilei Interna\u021bionale a Femeii.<\/p>\n<p>Membrii \u0219i soli\u0219tii instrumentisti ai orchestrei de muzica populara a Ansamblului folcloric Cununa Carpa\u021bilor, condus\u0103 de dirijorul Dan Ionescu, al\u0103turi de solistul vocal Daniel Turica, vor \u00eenc\u00e2nta publicul cu un atractiv program muzical.<\/p>\n<p>Biletele se pot procura de la sediul institutiei.<\/p>\n<p><img fetchpriority=\"high\" decoding=\"async\" class=\"aligncenter size-full wp-image-592\" src=\"https:\/\/tinerimearomana.ro\/cununa-carpatilor\/wp-content\/uploads\/sites\/6\/2023\/03\/08.03.2023_Cununa_sediu-21-scaled.jpg\" alt=\"\" width=\"1812\" height=\"2560\" srcset=\"https:\/\/tinerimearomana.ro\/cununa-carpatilor\/wp-content\/uploads\/sites\/6\/2023\/03\/08.03.2023_Cununa_sediu-21-scaled.jpg 1812w, https:\/\/tinerimearomana.ro\/cununa-carpatilor\/wp-content\/uploads\/sites\/6\/2023\/03\/08.03.2023_Cununa_sediu-21-212x300.jpg 212w, https:\/\/tinerimearomana.ro\/cununa-carpatilor\/wp-content\/uploads\/sites\/6\/2023\/03\/08.03.2023_Cununa_sediu-21-725x1024.jpg 725w, https:\/\/tinerimearomana.ro\/cununa-carpatilor\/wp-content\/uploads\/sites\/6\/2023\/03\/08.03.2023_Cununa_sediu-21-768x1085.jpg 768w, https:\/\/tinerimearomana.ro\/cununa-carpatilor\/wp-content\/uploads\/sites\/6\/2023\/03\/08.03.2023_Cununa_sediu-21-1087x1536.jpg 1087w, https:\/\/tinerimearomana.ro\/cununa-carpatilor\/wp-content\/uploads\/sites\/6\/2023\/03\/08.03.2023_Cununa_sediu-21-1449x2048.jpg 1449w\" sizes=\"(max-width: 1812px) 100vw, 1812px\" \/><\/p>\n<p>&nbsp;<\/p>\n","protected":false},"excerpt":{"rendered":"<p>Orchestra de muzica populara a Ansamblului folcloric Cununa Carpa\u021bilor al Centrului Na\u021bional de Art\u0103 Tinerimea Rom\u00e2n\u0103 va sus\u021bine miercuri, 8 martie de la ora 18.30 \u00een Sala Mare a Palatului Tinerimea Rom\u00e2n\u0103 un spectacol dedicat Zilei Interna\u021bionale a Femeii. Membrii \u0219i soli\u0219tii instrumentisti ai orchestrei de muzica populara a Ansamblului folcloric Cununa Carpa\u021bilor, condus\u0103 de&#8230;<\/p>\n","protected":false},"author":1,"featured_media":592,"comment_status":"closed","ping_status":"closed","sticky":false,"template":"","format":"standard","meta":{"_kad_post_transparent":"default","_kad_post_title":"default","_kad_post_layout":"default","_kad_post_sidebar_id":"","_kad_post_content_style":"default","_kad_post_vertical_padding":"default","_kad_post_feature":"","_kad_post_feature_position":"","_kad_post_header":false,"_kad_post_footer":false,"_kad_post_classname":"","footnotes":""},"categories":[3],"tags":[],"class_list":["post-589","post","type-post","status-publish","format-standard","has-post-thumbnail","hentry","category-concerte"],"_links":{"self":[{"href":"https:\/\/tinerimearomana.ro\/cununa-carpatilor\/wp-json\/wp\/v2\/posts\/589"}],"collection":[{"href":"https:\/\/tinerimearomana.ro\/cununa-carpatilor\/wp-json\/wp\/v2\/posts"}],"about":[{"href":"https:\/\/tinerimearomana.ro\/cununa-carpatilor\/wp-json\/wp\/v2\/types\/post"}],"author":[{"embeddable":true,"href":"https:\/\/tinerimearomana.ro\/cununa-carpatilor\/wp-json\/wp\/v2\/users\/1"}],"replies":[{"embeddable":true,"href":"https:\/\/tinerimearomana.ro\/cununa-carpatilor\/wp-json\/wp\/v2\/comments?post=589"}],"version-history":[{"count":2,"href":"https:\/\/tinerimearomana.ro\/cununa-carpatilor\/wp-json\/wp\/v2\/posts\/589\/revisions"}],"predecessor-version":[{"id":593,"href":"https:\/\/tinerimearomana.ro\/cununa-carpatilor\/wp-json\/wp\/v2\/posts\/589\/revisions\/593"}],"wp:featuredmedia":[{"embeddable":true,"href":"https:\/\/tinerimearomana.ro\/cununa-carpatilor\/wp-json\/wp\/v2\/media\/592"}],"wp:attachment":[{"href":"https:\/\/tinerimearomana.ro\/cununa-carpatilor\/wp-json\/wp\/v2\/media?parent=589"}],"wp:term":[{"taxonomy":"category","embeddable":true,"href":"https:\/\/tinerimearomana.ro\/cununa-carpatilor\/wp-json\/wp\/v2\/categories?post=589"},{"taxonomy":"post_tag","embeddable":true,"href":"https:\/\/tinerimearomana.ro\/cununa-carpatilor\/wp-json\/wp\/v2\/tags?post=589"}],"curies":[{"name":"wp","href":"https:\/\/api.w.org\/{rel}","templated":true}]}}