{"id":570,"date":"2022-11-01T09:41:11","date_gmt":"2022-11-01T09:41:11","guid":{"rendered":"https:\/\/tinerimearomana.ro\/cununa-carpatilor\/?p=570"},"modified":"2022-11-01T09:58:20","modified_gmt":"2022-11-01T09:58:20","slug":"de-unde-cununa-vine-spectacol-aniversar-75-de-ani-cununa-carpatilor","status":"publish","type":"post","link":"https:\/\/tinerimearomana.ro\/cununa-carpatilor\/de-unde-cununa-vine-spectacol-aniversar-75-de-ani-cununa-carpatilor\/","title":{"rendered":"SPECTACOL ANIVERSAR &#8211; ANSAMBLUL FOLCLORIC &#8220;CUNUNA CARPATILOR&#8221; 75 DE ANI DE LA INFIINTARE"},"content":{"rendered":"<p>Centrul Na\u021bional de Art\u0103 \u201cTinerimea Rom\u00e2n\u0103\u201d invit\u0103 publicul pe <strong>17 noiembrie<\/strong> de la ora <strong>18.00 la Sala Mare a Palatului Na\u021bional al Copiilor din Bucure\u0219ti la spectacolul aniversar 75 de ani al ansamblului Cununa Carpa\u0163ilor, \u201cDE UNDE CUNUNA VINE\u201d<\/strong> o \u00eent\u00e2lnire cu obiceiul, muzica, dansul \u0219i autenticul costum tradi\u021bional rom\u00e2nesc, prezentat\u0103 de Gheorghi\u0163a Nicolae. <strong>Ansamblul folcloric \u201cCununa Carpa\u021bilor\u201d<\/strong>&#8211; dirijor Dan Ionescu, coregrafia Theodor Vasilescu, Viorel Cioac\u0103 coordonator: \u0218tefan Osepciuc instructor de dans Vl\u0103du\u0163 Simulescu, \u00eei are ca invita\u0163i pe celebrii <strong>ANGELA BUCIU, VIORICA MACOVEI, OLGU\u021aA BERBEC, GHEORGHE TURDA, DANIEL TURIC\u0102.<\/strong> Proiectul este realizat \u00een coproduc\u021bie cu TVR, \u00een cadrul emisiunii Tezaur folcloric.<\/p>\n<p><strong>Ansamblul folcloric profesionist \u201eCununa Carpa\u0163ilor\u201d al Centrului Na\u021bional de Art\u0103 \u201eTinerimea Rom\u00e2n\u0103\u201d<\/strong> a luat fiin\u0163\u0103 \u00een anul 1947, av\u00e2nd \u00een componen\u0163a sa cei mai buni arti\u0219ti ai momentului \u2013 instrumenti\u015fti, dansatori \u2013 a c\u0103ror principal\u0103 misiune este aceea de a aduce la lumina scenei valoarea unic\u0103 a folclorului rom\u00e2nesc. Ansamblul \u201cCununa Carpa\u021bilor\u201d este de\u021bin\u0103torul a\u00a0\u00a0multor premii na\u021bionale si interna\u0163ionale \u015fi a colaborat cu o \u00eentreaga pleiad\u0103 de interpre\u021bi \u0219i instrumenti\u0219ti\u00a0\u00a0renumi\u021bi, adev\u0103ra\u021bi mae\u0219tri ai genului \u0219i a realizat numeroase \u00eenregistr\u0103ri la televiziune si radio.<\/p>\n<p>Publicul din mediul citadin, dar mai ales din Bucure\u0219ti, are rare ocazii de a vedea \u0219i auzi adev\u0103rata fa\u021b\u0103 a unor spectacole folclorice de calitate, de\u0219i Rom\u00e2nia este \u021bara cu una dintre cele mai atractive \u0219i variate tradi\u021bii, cel pu\u0163in din spa\u021biul balcanic. Pe fondul acestei rare apari\u021bii a folclorului autentic pe scenele capitalei, ansamblul folcloric &#8220;Cununa Carpa\u021bilor&#8221; a reu\u0219it ca \u00een to\u021bi cei 75 de ani de existen\u021b\u0103 s\u0103 men\u021bin\u0103 viu spiritul acestuia, fie prin prezen\u021bele sale live sau televizate. \u00cen acest fel, &#8220;Cununa Carpa\u021bilor&#8221; a devenit un reper al \u00eenaltului profesionalism pentru publicul de gen din \u00eentreaga \u021bar\u0103 \u0219i un ambasador cultural al c\u00e2ntului, dansului \u0219i portului tradi\u021bional rom\u00e2nesc.<\/p>\n<p>Spectacolul <strong>\u201cDE UNDE CUNUNA VINE\u201d<\/strong> din <strong>17 noiembrie<\/strong> va aduce bucuria reconect\u0103rii la emo\u021bia c\u00e2ntecului \u0219i jocului popular rom\u00e2nesc, prin intermediul artei unor virtuozi ai genului, adres\u00e2ndu-se publicului de toate v\u00e2rstele.<\/p>\n<p>Organizator :\u00a0 Centrul Na\u021bional de Art\u0103 \u201eTinerimea Rom\u00e2n\u0103&#8221;<br \/>\nParteneri : Muzeul Na\u0163ional al Satului \u201cDimitrie Gusti\u201d, Muzeul \u0162\u0103ranului Rom\u00e2n<br \/>\nParteneri media: TVR, Radio Rom\u00e2nia &#8211; Antena satelor, Blitz TV, Cutia cu flori<\/p>\n<p><img fetchpriority=\"high\" decoding=\"async\" class=\"aligncenter size-full wp-image-571\" src=\"https:\/\/tinerimearomana.ro\/cununa-carpatilor\/wp-content\/uploads\/sites\/6\/2022\/11\/Cununa-Carpatilor-75.jpg\" alt=\"\" width=\"900\" height=\"1280\" srcset=\"https:\/\/tinerimearomana.ro\/cununa-carpatilor\/wp-content\/uploads\/sites\/6\/2022\/11\/Cununa-Carpatilor-75.jpg 900w, https:\/\/tinerimearomana.ro\/cununa-carpatilor\/wp-content\/uploads\/sites\/6\/2022\/11\/Cununa-Carpatilor-75-211x300.jpg 211w, https:\/\/tinerimearomana.ro\/cununa-carpatilor\/wp-content\/uploads\/sites\/6\/2022\/11\/Cununa-Carpatilor-75-720x1024.jpg 720w, https:\/\/tinerimearomana.ro\/cununa-carpatilor\/wp-content\/uploads\/sites\/6\/2022\/11\/Cununa-Carpatilor-75-768x1092.jpg 768w\" sizes=\"(max-width: 900px) 100vw, 900px\" \/><\/p>\n","protected":false},"excerpt":{"rendered":"<p>Centrul Na\u021bional de Art\u0103 \u201cTinerimea Rom\u00e2n\u0103\u201d invit\u0103 publicul pe 17 noiembrie de la ora 18.00 la Sala Mare a Palatului Na\u021bional al Copiilor din Bucure\u0219ti la spectacolul aniversar 75 de ani al ansamblului Cununa Carpa\u0163ilor, \u201cDE UNDE CUNUNA VINE\u201d o \u00eent\u00e2lnire cu obiceiul, muzica, dansul \u0219i autenticul costum tradi\u021bional rom\u00e2nesc, prezentat\u0103 de Gheorghi\u0163a Nicolae. Ansamblul&#8230;<\/p>\n","protected":false},"author":1,"featured_media":571,"comment_status":"open","ping_status":"open","sticky":false,"template":"","format":"standard","meta":{"_kad_post_transparent":"default","_kad_post_title":"default","_kad_post_layout":"default","_kad_post_sidebar_id":"","_kad_post_content_style":"default","_kad_post_vertical_padding":"default","_kad_post_feature":"","_kad_post_feature_position":"","_kad_post_header":false,"_kad_post_footer":false,"_kad_post_classname":"","footnotes":""},"categories":[3],"tags":[],"class_list":["post-570","post","type-post","status-publish","format-standard","has-post-thumbnail","hentry","category-concerte"],"_links":{"self":[{"href":"https:\/\/tinerimearomana.ro\/cununa-carpatilor\/wp-json\/wp\/v2\/posts\/570"}],"collection":[{"href":"https:\/\/tinerimearomana.ro\/cununa-carpatilor\/wp-json\/wp\/v2\/posts"}],"about":[{"href":"https:\/\/tinerimearomana.ro\/cununa-carpatilor\/wp-json\/wp\/v2\/types\/post"}],"author":[{"embeddable":true,"href":"https:\/\/tinerimearomana.ro\/cununa-carpatilor\/wp-json\/wp\/v2\/users\/1"}],"replies":[{"embeddable":true,"href":"https:\/\/tinerimearomana.ro\/cununa-carpatilor\/wp-json\/wp\/v2\/comments?post=570"}],"version-history":[{"count":5,"href":"https:\/\/tinerimearomana.ro\/cununa-carpatilor\/wp-json\/wp\/v2\/posts\/570\/revisions"}],"predecessor-version":[{"id":576,"href":"https:\/\/tinerimearomana.ro\/cununa-carpatilor\/wp-json\/wp\/v2\/posts\/570\/revisions\/576"}],"wp:featuredmedia":[{"embeddable":true,"href":"https:\/\/tinerimearomana.ro\/cununa-carpatilor\/wp-json\/wp\/v2\/media\/571"}],"wp:attachment":[{"href":"https:\/\/tinerimearomana.ro\/cununa-carpatilor\/wp-json\/wp\/v2\/media?parent=570"}],"wp:term":[{"taxonomy":"category","embeddable":true,"href":"https:\/\/tinerimearomana.ro\/cununa-carpatilor\/wp-json\/wp\/v2\/categories?post=570"},{"taxonomy":"post_tag","embeddable":true,"href":"https:\/\/tinerimearomana.ro\/cununa-carpatilor\/wp-json\/wp\/v2\/tags?post=570"}],"curies":[{"name":"wp","href":"https:\/\/api.w.org\/{rel}","templated":true}]}}