{"id":475,"date":"2022-06-09T10:27:19","date_gmt":"2022-06-09T10:27:19","guid":{"rendered":"https:\/\/tinerimearomana.ro\/cununa-carpatilor\/?p=475"},"modified":"2023-03-02T09:55:37","modified_gmt":"2023-03-02T09:55:37","slug":"ansamblul-folcloric-cununa-carpatilor-de-rusalii-la-muzeul-satului-2022","status":"publish","type":"post","link":"https:\/\/tinerimearomana.ro\/cununa-carpatilor\/ansamblul-folcloric-cununa-carpatilor-de-rusalii-la-muzeul-satului-2022\/","title":{"rendered":"ANSAMBLUL FOLCLORIC &#8220;CUNUNA CARPATILOR&#8221; DE RUSALII LA MUZEUL SATULUI 2022"},"content":{"rendered":"<p><strong>Muzeul Na\u021bional al Satului Dimitrie Gusti v\u0103 invit\u0103 duminic\u0103,\u00a012 iunie 2022, de la ora 13.00, la un spectacol oferit de Ansamblul Folcloric \u201dCununa Carpa\u021bilor\u201d al Centrului Na\u021bional de Art\u0103\u201dTinerimea Rom\u00e2n\u0103\u201d. Evenimentul este organizat cu prilejul s\u0103rb\u0103torii de\u00a0Rusalii, cunoscut\u0103 \u0219i sub numele de Cincizecime sau Pogor\u00e2rea Sf\u00e2ntului Duh, una dintre cele mai vechi s\u0103rb\u0103tori cre\u0219tine, c\u00e2nd Duhul Sf\u00e2nt s-a cobor\u00e2t la Apostoli.<\/strong><\/p>\n<p>Conform tradi\u021biilor, de Rusalii se \u00eempodobe\u0219te casa cu flori de tei sau frunze de nuc. <em>&#8220;\u00cen Bucovina \u0219i \u00een Transilvania se zice c\u0103-i cea mai mare dintre duminici, deoarece este ziua Maicii Domnului nostru Iisus Hristos&#8221;<\/em>, Tudor Pamfile, &#8220;S\u0103rb\u0103torile la rom\u00e2ni&#8221;.<\/p>\n<p><em>&#8220;Rusaliile se\u00a0\u021bin pentru Maica Domnului, c\u0103\u00a0a mirosit o floare\u00a0\u0219i a r\u0103mas \u00eens\u0103rcinat\u0103\u00a0cu Iisus Hristos&#8221;<\/em>, Theodor Speran\u021bia, <em>&#8220;R\u0103spunsuri la chestionarul de s\u0103rb\u0103tori p\u0103g\u00e2ne\u0219ti&#8221;.<\/em><\/p>\n<p><em>&#8220;La Rusalii mergem la biseric\u0103. Dup\u0103\u00a0ce se face jum\u0103tate slujba, ie\u0219im to\u021bi oamenii din biseric\u0103\u00a0\u00een frunte cu popa la hotar, la\u00a0\u021barin\u0103. Mai ales unde era gr\u00e2u sem\u0103nat. Acolo se face slujba p\u00e2ntru p\u0103m\u00e2nt, p\u00e2ntru hotar, p\u00e2ntru\u00a0\u021barin\u0103\u00a0\u0219i se blastamau g\u00e2nganiile str\u00e2catoare de p\u0103\u00a0hotar\u00a0\u0219i le trimiteau p\u00e2n pustietate, p\u00e2n mun\u021bi, p\u0103\u00a0unde s\u0103\u00a0nu str\u00e2ce hotarul, p\u00e2inea\u00a0\u0219i buc\u0103\u021bele oamenilo.&#8221;<\/em>, Maria Ioni\u021b\u0103, &#8220;De unde se adap\u0103\u00a0curcubeul. Culegere de folclor ardelenesc din zona Cojocna, jud. Cluj&#8221;.<\/p>\n<p>V\u0103 a\u0219tept\u0103m a\u0219adar \u00een \u201esatul din ora\u0219\u201d, unde pute\u021bi s\u0103 vizita\u021bi \u0219i expozi\u021biile ce valorific\u0103 colec\u021biile de patrimoniu ale muzeului &#8211;\u00a0Tinere\u021be f\u0103r\u0103 b\u0103tr\u00e2ne\u021be\u00a0(Sala Gheorghe Foc\u0219a) \u0219i\u00a0Universul s\u0103sesc \u00een colec\u021biile Muzeului Satului\u00a0(Sala H. H. Stahl).<\/p>\n<p><strong>\u00cen zilele de 12 \u0219i 13 iunie 2022 programul de vizitare al Muzeului este urm\u0103torul:<\/strong><\/p>\n<p><strong>12 iunie 2022 &#8211; 9.00 &#8211; 19.00<\/strong><\/p>\n<p><strong>13 iunie 2022 &#8211; 9.00 &#8211; 17.00<\/strong><\/p>\n<p><img decoding=\"async\" class=\"aligncenter size-full wp-image-476\" src=\"https:\/\/tinerimearomana.ro\/cununa-carpatilor\/wp-content\/uploads\/sites\/6\/2022\/06\/AFIS-MUZEUL-SATULUI-2022.jpg\" alt=\"\" width=\"100%\" height=\"auto\" srcset=\"https:\/\/tinerimearomana.ro\/cununa-carpatilor\/wp-content\/uploads\/sites\/6\/2022\/06\/AFIS-MUZEUL-SATULUI-2022.jpg 960w, https:\/\/tinerimearomana.ro\/cununa-carpatilor\/wp-content\/uploads\/sites\/6\/2022\/06\/AFIS-MUZEUL-SATULUI-2022-212x300.jpg 212w, https:\/\/tinerimearomana.ro\/cununa-carpatilor\/wp-content\/uploads\/sites\/6\/2022\/06\/AFIS-MUZEUL-SATULUI-2022-724x1024.jpg 724w, https:\/\/tinerimearomana.ro\/cununa-carpatilor\/wp-content\/uploads\/sites\/6\/2022\/06\/AFIS-MUZEUL-SATULUI-2022-768x1086.jpg 768w\" sizes=\"(max-width: 960px) 100vw, 960px\" \/>[:]\n","protected":false},"excerpt":{"rendered":"<p>Muzeul Na\u021bional al Satului Dimitrie Gusti v\u0103 invit\u0103 duminic\u0103,\u00a012 iunie 2022, de la ora 13.00, la un spectacol oferit de Ansamblul Folcloric \u201dCununa Carpa\u021bilor\u201d al Centrului Na\u021bional de Art\u0103\u201dTinerimea Rom\u00e2n\u0103\u201d. Evenimentul este organizat cu prilejul s\u0103rb\u0103torii de\u00a0Rusalii, cunoscut\u0103 \u0219i sub numele de Cincizecime sau Pogor\u00e2rea Sf\u00e2ntului Duh, una dintre cele mai vechi s\u0103rb\u0103tori cre\u0219tine, c\u00e2nd&#8230;<\/p>\n","protected":false},"author":1,"featured_media":476,"comment_status":"open","ping_status":"open","sticky":false,"template":"","format":"standard","meta":{"_kad_post_transparent":"default","_kad_post_title":"default","_kad_post_layout":"default","_kad_post_sidebar_id":"","_kad_post_content_style":"default","_kad_post_vertical_padding":"default","_kad_post_feature":"","_kad_post_feature_position":"","_kad_post_header":false,"_kad_post_footer":false,"_kad_post_classname":"","footnotes":""},"categories":[3],"tags":[],"class_list":["post-475","post","type-post","status-publish","format-standard","has-post-thumbnail","hentry","category-concerte"],"_links":{"self":[{"href":"https:\/\/tinerimearomana.ro\/cununa-carpatilor\/wp-json\/wp\/v2\/posts\/475"}],"collection":[{"href":"https:\/\/tinerimearomana.ro\/cununa-carpatilor\/wp-json\/wp\/v2\/posts"}],"about":[{"href":"https:\/\/tinerimearomana.ro\/cununa-carpatilor\/wp-json\/wp\/v2\/types\/post"}],"author":[{"embeddable":true,"href":"https:\/\/tinerimearomana.ro\/cununa-carpatilor\/wp-json\/wp\/v2\/users\/1"}],"replies":[{"embeddable":true,"href":"https:\/\/tinerimearomana.ro\/cununa-carpatilor\/wp-json\/wp\/v2\/comments?post=475"}],"version-history":[{"count":4,"href":"https:\/\/tinerimearomana.ro\/cununa-carpatilor\/wp-json\/wp\/v2\/posts\/475\/revisions"}],"predecessor-version":[{"id":588,"href":"https:\/\/tinerimearomana.ro\/cununa-carpatilor\/wp-json\/wp\/v2\/posts\/475\/revisions\/588"}],"wp:featuredmedia":[{"embeddable":true,"href":"https:\/\/tinerimearomana.ro\/cununa-carpatilor\/wp-json\/wp\/v2\/media\/476"}],"wp:attachment":[{"href":"https:\/\/tinerimearomana.ro\/cununa-carpatilor\/wp-json\/wp\/v2\/media?parent=475"}],"wp:term":[{"taxonomy":"category","embeddable":true,"href":"https:\/\/tinerimearomana.ro\/cununa-carpatilor\/wp-json\/wp\/v2\/categories?post=475"},{"taxonomy":"post_tag","embeddable":true,"href":"https:\/\/tinerimearomana.ro\/cununa-carpatilor\/wp-json\/wp\/v2\/tags?post=475"}],"curies":[{"name":"wp","href":"https:\/\/api.w.org\/{rel}","templated":true}]}}