{"id":462,"date":"2022-04-14T12:37:23","date_gmt":"2022-04-14T12:37:23","guid":{"rendered":"https:\/\/tinerimearomana.ro\/cununa-carpatilor\/?p=462"},"modified":"2023-05-22T10:55:30","modified_gmt":"2023-05-22T10:55:30","slug":"festivalul-national-de-folclor-cununa-carpatilor","status":"publish","type":"post","link":"https:\/\/tinerimearomana.ro\/cununa-carpatilor\/festivalul-national-de-folclor-cununa-carpatilor\/","title":{"rendered":"FESTIVALUL NATIONAL DE FOLCLOR &#8220;CUNUNA CARPATILOR&#8221;"},"content":{"rendered":"<p>Centrul Na\u021bional de Art\u00e2 \u201cTinerimea Rom\u00e2n\u0103\u201d invit\u0103 \u00een zilele de <strong>5 \u0219i 6 mai<\/strong> de la <strong>ora 19.00<\/strong> la <strong>Sala Mare a Palatului Na\u021bional al Copiilor din Bucure\u0219ti<\/strong> la o \u00eent\u00e2lnire de s\u0103rb\u0103toare cu obiceiul, muzica, dansul \u0219i autenticul costum tradi\u021bional rom\u00e2nesc la care se adaug\u0103 \u0219i viitorii performeri ale spectaculoaselor dansuri rom\u00e2ne\u0219ti, elevi ai liceului de coregrafie <em><i>Floria Capsali<\/i><\/em>\u00a0din Bucure\u0219ti.<\/p>\n<p>\u00cen program vor fi reprezentate toate regiunile \u021b\u0103rii, \u00een interpret\u0103ri de top pline de energie \u0219i str\u0103lucire garantate de trei dintre cele mai performante ansambluri profesioniste din Rom\u00e2nia.<\/p>\n<p>Gazda festivalului, Ansamblul Folcloric \u00a0<strong><b>\u201c<\/b><\/strong><strong><b>Cununa Carpa<\/b><\/strong><strong><b>\u021b<\/b><\/strong><strong><b>ilor<\/b><\/strong><strong><b>\u201d<\/b><\/strong>\u00a0al \u00a0C.N.A. \u00a0\u201cTinerimea Rom\u00e2n\u0103\u201d din Bucure\u0219ti &#8211; coordonator \u0218tefan Osepciuc, instructor de dans Vl\u0103du\u021b Simulescu, conducerea muzical\u0103 Dan Ionescu, a avut pl\u0103cerea de a invita Ansamblul Artistic Profesionist <strong><b>\u201c<\/b><\/strong><strong><b>Constantin Arvinte<\/b><\/strong><strong><b>\u201d<\/b><\/strong>\u00a0al Consiliului Jude\u021bean Ia\u0219i &#8211; conducerea muzical\u0103 Dumitru Lucaci manager, coregraf Petre \u0218u\u0219u, al\u0103turi de Ansamblul Artistic Profesionist <strong><b>\u201c<\/b><\/strong><strong><b>Baladele Deltei<\/b><\/strong><strong><b>\u201d<\/b><\/strong><strong><b>\u00a0<\/b><\/strong>din Tulcea &#8211; conducerea muzical\u0103 Aurelian Croitoru, manager-coregraf \u0218tefan Coman, precum \u0219i grupul de elevi de la liceul de coregrafie Floria Capsali, cordonat de profesorul Claudiu Staicu, cele dou\u0103 spectacole fiind prezentate de actri\u021ba Miruna Ionescu.<\/p>\n<p>Publicul din mediul citadin, dar mai ales din Bucure\u0219ti are rare ocazii de a vedea \u0219i auzi adev\u0103rata fa\u021b\u0103 a unor spectacole folclorice de calitate, de\u0219i Rom\u00e2nia este \u021bara cu una dintre cele mai atractive \u0219i variate tradi\u021bii din spa\u021biul balcanic cel pu\u021bin. Pe fondul acestei rare apari\u021bii a folclorului autentic pe scenele capitalei a ap\u0103rut ideea acestui festival, care pe l\u00e2ng\u0103 spectacolele propriuzise va cuprinde \u00een premier\u0103 \u0219i sesiuni de comunic\u0103ri \u00eentre ansamblurile participante al\u0103turi de tinerii elevi de la liceul de coregrafie, prilej al unor binevenite schimburi de experien\u021b\u0103 \u0219i idei artistice, numerele coregrafice lucrate \u00eempreun\u0103 urm\u00e2nd a fi prezentate publicului \u00een cadrul celor dou\u0103 seri ale festivalului.<\/p>\n<p>Spectacolele vor aduce bucuria reconect\u0103rii la emo\u021bia c\u00e2ntecului \u0219i jocului popular rom\u00e2nesc, prin intermediul artei unor virtuozi ai genului, fiind adresate publicului de toate v\u00e2rstele.<\/p>\n<p>Parteneri media: <strong><b>Radio Rom<\/b><\/strong><strong><b>\u00e2<\/b><\/strong><strong><b>nia Cultural <\/b><\/strong><strong><b>\u015f<\/b><\/strong><strong><b>i Radio Rom<\/b><\/strong><strong><b>\u00e2<\/b><\/strong><strong><b>nia Muzical, Rom<\/b><\/strong><strong><b>\u00e2<\/b><\/strong><strong><b>nia TV,<\/b><\/strong><strong><b>\u00a0<\/b><\/strong><strong><b>Mediatrust,<\/b><\/strong><strong><b>\u00a0<\/b><\/strong><strong><b>Observator Cultural, Liternet, Agen<\/b><\/strong><strong><b>\u0163<\/b><\/strong><strong><b>ia de carte, Q Magazine.<\/b><\/strong><\/p>\n<p><img decoding=\"async\" class=\"aligncenter size-full wp-image-463\" src=\"https:\/\/tinerimearomana.ro\/cununa-carpatilor\/wp-content\/uploads\/sites\/6\/2022\/04\/Cununa-Carpatilor-2022_web1.jpg\" alt=\"\" width=\"100%\" height=\"auto\" srcset=\"https:\/\/tinerimearomana.ro\/cununa-carpatilor\/wp-content\/uploads\/sites\/6\/2022\/04\/Cununa-Carpatilor-2022_web1.jpg 900w, https:\/\/tinerimearomana.ro\/cununa-carpatilor\/wp-content\/uploads\/sites\/6\/2022\/04\/Cununa-Carpatilor-2022_web1-212x300.jpg 212w, https:\/\/tinerimearomana.ro\/cununa-carpatilor\/wp-content\/uploads\/sites\/6\/2022\/04\/Cununa-Carpatilor-2022_web1-723x1024.jpg 723w, https:\/\/tinerimearomana.ro\/cununa-carpatilor\/wp-content\/uploads\/sites\/6\/2022\/04\/Cununa-Carpatilor-2022_web1-768x1087.jpg 768w\" sizes=\"(max-width: 900px) 100vw, 900px\" \/><\/p>\n","protected":false},"excerpt":{"rendered":"<p>Centrul Na\u021bional de Art\u00e2 \u201cTinerimea Rom\u00e2n\u0103\u201d invit\u0103 \u00een zilele de 5 \u0219i 6 mai de la ora 19.00 la Sala Mare a Palatului Na\u021bional al Copiilor din Bucure\u0219ti la o \u00eent\u00e2lnire de s\u0103rb\u0103toare cu obiceiul, muzica, dansul \u0219i autenticul costum tradi\u021bional rom\u00e2nesc la care se adaug\u0103 \u0219i viitorii performeri ale spectaculoaselor dansuri rom\u00e2ne\u0219ti, elevi ai&#8230;<\/p>\n","protected":false},"author":1,"featured_media":463,"comment_status":"open","ping_status":"open","sticky":false,"template":"","format":"standard","meta":{"_kad_post_transparent":"default","_kad_post_title":"default","_kad_post_layout":"default","_kad_post_sidebar_id":"","_kad_post_content_style":"default","_kad_post_vertical_padding":"default","_kad_post_feature":"","_kad_post_feature_position":"","_kad_post_header":false,"_kad_post_footer":false,"_kad_post_classname":"","footnotes":""},"categories":[3],"tags":[],"class_list":["post-462","post","type-post","status-publish","format-standard","has-post-thumbnail","hentry","category-concerte"],"_links":{"self":[{"href":"https:\/\/tinerimearomana.ro\/cununa-carpatilor\/wp-json\/wp\/v2\/posts\/462"}],"collection":[{"href":"https:\/\/tinerimearomana.ro\/cununa-carpatilor\/wp-json\/wp\/v2\/posts"}],"about":[{"href":"https:\/\/tinerimearomana.ro\/cununa-carpatilor\/wp-json\/wp\/v2\/types\/post"}],"author":[{"embeddable":true,"href":"https:\/\/tinerimearomana.ro\/cununa-carpatilor\/wp-json\/wp\/v2\/users\/1"}],"replies":[{"embeddable":true,"href":"https:\/\/tinerimearomana.ro\/cununa-carpatilor\/wp-json\/wp\/v2\/comments?post=462"}],"version-history":[{"count":6,"href":"https:\/\/tinerimearomana.ro\/cununa-carpatilor\/wp-json\/wp\/v2\/posts\/462\/revisions"}],"predecessor-version":[{"id":611,"href":"https:\/\/tinerimearomana.ro\/cununa-carpatilor\/wp-json\/wp\/v2\/posts\/462\/revisions\/611"}],"wp:featuredmedia":[{"embeddable":true,"href":"https:\/\/tinerimearomana.ro\/cununa-carpatilor\/wp-json\/wp\/v2\/media\/463"}],"wp:attachment":[{"href":"https:\/\/tinerimearomana.ro\/cununa-carpatilor\/wp-json\/wp\/v2\/media?parent=462"}],"wp:term":[{"taxonomy":"category","embeddable":true,"href":"https:\/\/tinerimearomana.ro\/cununa-carpatilor\/wp-json\/wp\/v2\/categories?post=462"},{"taxonomy":"post_tag","embeddable":true,"href":"https:\/\/tinerimearomana.ro\/cununa-carpatilor\/wp-json\/wp\/v2\/tags?post=462"}],"curies":[{"name":"wp","href":"https:\/\/api.w.org\/{rel}","templated":true}]}}