{"id":442,"date":"2021-05-19T10:14:47","date_gmt":"2021-05-19T10:14:47","guid":{"rendered":"https:\/\/tinerimearomana.ro\/cununa-carpatilor\/?p=442"},"modified":"2023-05-22T10:56:04","modified_gmt":"2023-05-22T10:56:04","slug":"o-noua-intalnire-cu-ansamblul-folcloric-cununa-carpatilor","status":"publish","type":"post","link":"https:\/\/tinerimearomana.ro\/cununa-carpatilor\/o-noua-intalnire-cu-ansamblul-folcloric-cununa-carpatilor\/","title":{"rendered":"O NOUA INTALNIRE CU ANSAMBLUL FOLCLORIC &#8220;CUNUNA CARPATILOR&#8221;"},"content":{"rendered":"<p>Ansamblul folcloric Cununa Carpa\u021bilor a Centrului Na\u021bional de Art\u0103 &#8220;Tinerimea Rom\u00e2n\u0103&#8221; va invit\u0103 la o nou\u0103 \u00eent\u00e2lnire miercuri 26 mai 2021 la Sala Mic\u0103 a Palatului Na\u021bional al Copiilor.<\/p>\n<p><img decoding=\"async\" class=\"aligncenter size-full wp-image-443\" src=\"https:\/\/tinerimearomana.ro\/cununa-carpatilor\/wp-content\/uploads\/sites\/6\/2021\/05\/26.05.2021_Cununa_PNC-3.jpg\" alt=\"\" width=\"100%\" height=\"auto\" srcset=\"https:\/\/tinerimearomana.ro\/cununa-carpatilor\/wp-content\/uploads\/sites\/6\/2021\/05\/26.05.2021_Cununa_PNC-3.jpg 935w, https:\/\/tinerimearomana.ro\/cununa-carpatilor\/wp-content\/uploads\/sites\/6\/2021\/05\/26.05.2021_Cununa_PNC-3-212x300.jpg 212w, https:\/\/tinerimearomana.ro\/cununa-carpatilor\/wp-content\/uploads\/sites\/6\/2021\/05\/26.05.2021_Cununa_PNC-3-724x1024.jpg 724w, https:\/\/tinerimearomana.ro\/cununa-carpatilor\/wp-content\/uploads\/sites\/6\/2021\/05\/26.05.2021_Cununa_PNC-3-768x1086.jpg 768w\" sizes=\"(max-width: 935px) 100vw, 935px\" \/><\/p>\n","protected":false},"excerpt":{"rendered":"<p>Ansamblul folcloric Cununa Carpa\u021bilor a Centrului Na\u021bional de Art\u0103 &#8220;Tinerimea Rom\u00e2n\u0103&#8221; va invit\u0103 la o nou\u0103 \u00eent\u00e2lnire miercuri 26 mai 2021 la Sala Mic\u0103 a Palatului Na\u021bional al Copiilor.<\/p>\n","protected":false},"author":1,"featured_media":443,"comment_status":"open","ping_status":"open","sticky":false,"template":"","format":"standard","meta":{"_kad_post_transparent":"default","_kad_post_title":"default","_kad_post_layout":"default","_kad_post_sidebar_id":"","_kad_post_content_style":"default","_kad_post_vertical_padding":"default","_kad_post_feature":"","_kad_post_feature_position":"","_kad_post_header":false,"_kad_post_footer":false,"_kad_post_classname":"","footnotes":""},"categories":[3],"tags":[],"class_list":["post-442","post","type-post","status-publish","format-standard","has-post-thumbnail","hentry","category-concerte"],"_links":{"self":[{"href":"https:\/\/tinerimearomana.ro\/cununa-carpatilor\/wp-json\/wp\/v2\/posts\/442"}],"collection":[{"href":"https:\/\/tinerimearomana.ro\/cununa-carpatilor\/wp-json\/wp\/v2\/posts"}],"about":[{"href":"https:\/\/tinerimearomana.ro\/cununa-carpatilor\/wp-json\/wp\/v2\/types\/post"}],"author":[{"embeddable":true,"href":"https:\/\/tinerimearomana.ro\/cununa-carpatilor\/wp-json\/wp\/v2\/users\/1"}],"replies":[{"embeddable":true,"href":"https:\/\/tinerimearomana.ro\/cununa-carpatilor\/wp-json\/wp\/v2\/comments?post=442"}],"version-history":[{"count":3,"href":"https:\/\/tinerimearomana.ro\/cununa-carpatilor\/wp-json\/wp\/v2\/posts\/442\/revisions"}],"predecessor-version":[{"id":612,"href":"https:\/\/tinerimearomana.ro\/cununa-carpatilor\/wp-json\/wp\/v2\/posts\/442\/revisions\/612"}],"wp:featuredmedia":[{"embeddable":true,"href":"https:\/\/tinerimearomana.ro\/cununa-carpatilor\/wp-json\/wp\/v2\/media\/443"}],"wp:attachment":[{"href":"https:\/\/tinerimearomana.ro\/cununa-carpatilor\/wp-json\/wp\/v2\/media?parent=442"}],"wp:term":[{"taxonomy":"category","embeddable":true,"href":"https:\/\/tinerimearomana.ro\/cununa-carpatilor\/wp-json\/wp\/v2\/categories?post=442"},{"taxonomy":"post_tag","embeddable":true,"href":"https:\/\/tinerimearomana.ro\/cununa-carpatilor\/wp-json\/wp\/v2\/tags?post=442"}],"curies":[{"name":"wp","href":"https:\/\/api.w.org\/{rel}","templated":true}]}}