{"id":422,"date":"2020-09-14T13:12:14","date_gmt":"2020-09-14T13:12:14","guid":{"rendered":"http:\/\/tinerimearomana.ro\/cununa-carpatilor\/?p=422"},"modified":"2022-09-22T09:48:49","modified_gmt":"2022-09-22T09:48:49","slug":"ansamblul-cununa-carpatilor-alaturi-de-corul-de-camera-preludiu-spectacol-extraordinar-la-gradina-de-vara-herastrau","status":"publish","type":"post","link":"https:\/\/tinerimearomana.ro\/cununa-carpatilor\/ansamblul-cununa-carpatilor-alaturi-de-corul-de-camera-preludiu-spectacol-extraordinar-la-gradina-de-vara-herastrau\/","title":{"rendered":"ANSAMBLUL CUNUNA CARPATILOR ALATURI DE CORUL DE CAMERA PRELUDIU &#8211; SPECTACOL EXTRAORDINAR LA GRADINA DE VARA HERASTRAU"},"content":{"rendered":"[:ro]<span style=\"font-weight: 400;\"><strong>Vineri 2 octombrie<\/strong> de la ora <strong>18.00 la Gr\u0103dina de Var\u0103 Her\u0103str\u0103u<\/strong>, <strong>Ansamblul \u201c\u201dCununa Carpa\u021bilor\u201d<\/strong> al\u0103turi de <strong>Corul de Camer\u0103 \u201cPreludiu\u201d<\/strong> forma\u021bii artistice profesioniste de elit\u0103, apar\u021bin\u00e2nd Centrului Na\u021bional de Art\u0103 \u201cTinerimea Rom\u00e2n\u0103\u201d, vor sus\u021bine un spectacol extraordinar dedicat comorilor folclorului rom\u00e2nesc.<\/span><\/p>\n<p><span style=\"font-weight: 400;\"><strong>Ansamblul \u201cCununa Carpa\u021bilor\u201d<\/strong> va aduce pe scen\u0103 spectaculoase suite de dansuri tradi\u021bionale rom\u00e2ne\u0219ti din provinciile istorice ale Rom\u00e2niei, al\u0103turi de vocile unor vedete ale muzicii populare precum Cristina Gheorghiu, Ionu\u021b Sid\u0103u \u0219i Daniel Turic\u0103, programul fiind completat de momente din crea\u021bia de aur a muzicii corale rom\u00e2ne\u0219ti \u00een interpretarea de clas\u0103 interna\u021bional\u0103 a <strong>Corului de Camer\u0103 \u201cPreludiu\u201d.<\/strong><\/span><\/p>\n<p><span style=\"font-weight: 400;\">Prezentarea va fi f\u0103cut\u0103 de actri\u021ba <strong>Veronica Gheorghe<\/strong>.<\/span><\/p>\n<p><span style=\"font-weight: 400;\">Cadrul cu spa\u021bii generoase oferit de Gr\u0103dina de Var\u0103 Her\u0103str\u0103u promite a\u0219adar o atmosfer\u0103 de spectacol excelent\u0103 \u00een compania plin\u0103 de str\u0103lucire, vitalitate \u0219i rafinament ale dansului \u0219i c\u00e2ntecului rom\u00e2nesc tradi\u021bional.<\/span><\/p>\n<p><a href=\"http:\/\/tinerimearomana.ro\/cununa-carpatilor\/wp-content\/uploads\/sites\/6\/2020\/09\/Cantec-de-toamna_2-oct2020.jpg\"><img decoding=\"async\" class=\"alignnone wp-image-426 size-full\" src=\"http:\/\/tinerimearomana.ro\/cununa-carpatilor\/wp-content\/uploads\/sites\/6\/2020\/09\/Cantec-de-toamna_2-oct2020.jpg\" alt=\"\" width=\"100%\" height=\"auto\" srcset=\"https:\/\/tinerimearomana.ro\/cununa-carpatilor\/wp-content\/uploads\/sites\/6\/2020\/09\/Cantec-de-toamna_2-oct2020.jpg 800w, https:\/\/tinerimearomana.ro\/cununa-carpatilor\/wp-content\/uploads\/sites\/6\/2020\/09\/Cantec-de-toamna_2-oct2020-212x300.jpg 212w, https:\/\/tinerimearomana.ro\/cununa-carpatilor\/wp-content\/uploads\/sites\/6\/2020\/09\/Cantec-de-toamna_2-oct2020-724x1024.jpg 724w, https:\/\/tinerimearomana.ro\/cununa-carpatilor\/wp-content\/uploads\/sites\/6\/2020\/09\/Cantec-de-toamna_2-oct2020-768x1086.jpg 768w\" sizes=\"(max-width: 800px) 100vw, 800px\" \/><\/a>[:]\n","protected":false},"excerpt":{"rendered":"<p>[:ro]Vineri 2 octombrie de la ora 18.00 la Gr\u0103dina de Var\u0103 Her\u0103str\u0103u, Ansamblul \u201c\u201dCununa Carpa\u021bilor\u201d al\u0103turi de Corul de Camer\u0103 \u201cPreludiu\u201d forma\u021bii artistice profesioniste de elit\u0103, apar\u021bin\u00e2nd Centrului Na\u021bional de Art\u0103 \u201cTinerimea Rom\u00e2n\u0103\u201d, vor sus\u021bine un spectacol extraordinar dedicat comorilor folclorului rom\u00e2nesc. Ansamblul \u201cCununa Carpa\u021bilor\u201d va aduce pe scen\u0103 spectaculoase suite de dansuri tradi\u021bionale rom\u00e2ne\u0219ti&#8230;<\/p>\n","protected":false},"author":1,"featured_media":426,"comment_status":"open","ping_status":"open","sticky":false,"template":"","format":"standard","meta":{"_kad_post_transparent":"","_kad_post_title":"","_kad_post_layout":"","_kad_post_sidebar_id":"","_kad_post_content_style":"","_kad_post_vertical_padding":"","_kad_post_feature":"","_kad_post_feature_position":"","_kad_post_header":false,"_kad_post_footer":false,"_kad_post_classname":"","footnotes":""},"categories":[3],"tags":[],"class_list":["post-422","post","type-post","status-publish","format-standard","has-post-thumbnail","hentry","category-concerte"],"_links":{"self":[{"href":"https:\/\/tinerimearomana.ro\/cununa-carpatilor\/wp-json\/wp\/v2\/posts\/422"}],"collection":[{"href":"https:\/\/tinerimearomana.ro\/cununa-carpatilor\/wp-json\/wp\/v2\/posts"}],"about":[{"href":"https:\/\/tinerimearomana.ro\/cununa-carpatilor\/wp-json\/wp\/v2\/types\/post"}],"author":[{"embeddable":true,"href":"https:\/\/tinerimearomana.ro\/cununa-carpatilor\/wp-json\/wp\/v2\/users\/1"}],"replies":[{"embeddable":true,"href":"https:\/\/tinerimearomana.ro\/cununa-carpatilor\/wp-json\/wp\/v2\/comments?post=422"}],"version-history":[{"count":5,"href":"https:\/\/tinerimearomana.ro\/cununa-carpatilor\/wp-json\/wp\/v2\/posts\/422\/revisions"}],"predecessor-version":[{"id":529,"href":"https:\/\/tinerimearomana.ro\/cununa-carpatilor\/wp-json\/wp\/v2\/posts\/422\/revisions\/529"}],"wp:featuredmedia":[{"embeddable":true,"href":"https:\/\/tinerimearomana.ro\/cununa-carpatilor\/wp-json\/wp\/v2\/media\/426"}],"wp:attachment":[{"href":"https:\/\/tinerimearomana.ro\/cununa-carpatilor\/wp-json\/wp\/v2\/media?parent=422"}],"wp:term":[{"taxonomy":"category","embeddable":true,"href":"https:\/\/tinerimearomana.ro\/cununa-carpatilor\/wp-json\/wp\/v2\/categories?post=422"},{"taxonomy":"post_tag","embeddable":true,"href":"https:\/\/tinerimearomana.ro\/cununa-carpatilor\/wp-json\/wp\/v2\/tags?post=422"}],"curies":[{"name":"wp","href":"https:\/\/api.w.org\/{rel}","templated":true}]}}