{"id":366,"date":"2020-03-05T10:19:34","date_gmt":"2020-03-05T10:19:34","guid":{"rendered":"http:\/\/tinerimearomana.ro\/cununa-carpatilor\/?p=366"},"modified":"2022-09-22T09:50:10","modified_gmt":"2022-09-22T09:50:10","slug":"ansamblul-folcloric-cununa-carpatilor-concert-dedicat-zilei-internationale-a-femeii","status":"publish","type":"post","link":"https:\/\/tinerimearomana.ro\/cununa-carpatilor\/ansamblul-folcloric-cununa-carpatilor-concert-dedicat-zilei-internationale-a-femeii\/","title":{"rendered":"ANSAMBLUL FOLCLORIC &#8220;CUNUNA CARPA\u021aILOR&#8221; &#8211; CONCERT DEDICAT ZILEI INTERNA\u021aIONALE A FEMEII"},"content":{"rendered":"[:ro]Ansamblul folcloric Cununa Carpa\u021bilor al Centrului Na\u021bional de Art\u0103 &amp;quot;Tinerimea Rom\u00e2n\u0103&amp;quot; va sus\u021bine duminic\u0103 8 martie de la ora 16.00 \u00een Sala Mare a Palatului &amp;quot;Tinerimea Rom\u00e2n\u0103&amp;quot; pe stradaGutemberg nr.19, un spectacol dedicat Zilei Interna\u021bionale a Femeii.<\/p>\n<p>Membrii \u0219i soli\u0219tii orchestrei Cununa Carpa\u021bilor condus\u0103 de dirijorul Dan Ionescu al\u0103turi de colegi din echipa de dansuri, vor fi gazde primitoare pentru soli\u0219tii invita\u021bi \u0219i vor \u00eenc\u00e2nta publicul cu un atractiv program dedicat, al\u0103turi de versuri din lirica feminin\u0103 recitate de actri\u021ba Veronica Gheorghe.<\/p>\n<p>Intrarea este liber\u0103.<\/p>\n<p><img decoding=\"async\" class=\"aligncenter size-full wp-image-367\" src=\"http:\/\/tinerimearomana.ro\/cununa-carpatilor\/wp-content\/uploads\/sites\/6\/2020\/03\/afis-Cununa-Carpatilor-032020.jpg\" alt=\"\" width=\"100%\" height=\"auto\" srcset=\"https:\/\/tinerimearomana.ro\/cununa-carpatilor\/wp-content\/uploads\/sites\/6\/2020\/03\/afis-Cununa-Carpatilor-032020.jpg 800w, https:\/\/tinerimearomana.ro\/cununa-carpatilor\/wp-content\/uploads\/sites\/6\/2020\/03\/afis-Cununa-Carpatilor-032020-212x300.jpg 212w, https:\/\/tinerimearomana.ro\/cununa-carpatilor\/wp-content\/uploads\/sites\/6\/2020\/03\/afis-Cununa-Carpatilor-032020-723x1024.jpg 723w, https:\/\/tinerimearomana.ro\/cununa-carpatilor\/wp-content\/uploads\/sites\/6\/2020\/03\/afis-Cununa-Carpatilor-032020-768x1088.jpg 768w\" sizes=\"(max-width: 800px) 100vw, 800px\" \/>[:]\n","protected":false},"excerpt":{"rendered":"<p>[:ro]Ansamblul folcloric Cununa Carpa\u021bilor al Centrului Na\u021bional de Art\u0103 &amp;quot;Tinerimea Rom\u00e2n\u0103&amp;quot; va sus\u021bine duminic\u0103 8 martie de la ora 16.00 \u00een Sala Mare a Palatului &amp;quot;Tinerimea Rom\u00e2n\u0103&amp;quot; pe stradaGutemberg nr.19, un spectacol dedicat Zilei Interna\u021bionale a Femeii. Membrii \u0219i soli\u0219tii orchestrei Cununa Carpa\u021bilor condus\u0103 de dirijorul Dan Ionescu al\u0103turi de colegi din echipa de dansuri,&#8230;<\/p>\n","protected":false},"author":1,"featured_media":367,"comment_status":"open","ping_status":"open","sticky":false,"template":"","format":"standard","meta":{"_kad_post_transparent":"","_kad_post_title":"","_kad_post_layout":"","_kad_post_sidebar_id":"","_kad_post_content_style":"","_kad_post_vertical_padding":"","_kad_post_feature":"","_kad_post_feature_position":"","_kad_post_header":false,"_kad_post_footer":false,"_kad_post_classname":"","footnotes":""},"categories":[3],"tags":[],"class_list":["post-366","post","type-post","status-publish","format-standard","has-post-thumbnail","hentry","category-concerte"],"_links":{"self":[{"href":"https:\/\/tinerimearomana.ro\/cununa-carpatilor\/wp-json\/wp\/v2\/posts\/366"}],"collection":[{"href":"https:\/\/tinerimearomana.ro\/cununa-carpatilor\/wp-json\/wp\/v2\/posts"}],"about":[{"href":"https:\/\/tinerimearomana.ro\/cununa-carpatilor\/wp-json\/wp\/v2\/types\/post"}],"author":[{"embeddable":true,"href":"https:\/\/tinerimearomana.ro\/cununa-carpatilor\/wp-json\/wp\/v2\/users\/1"}],"replies":[{"embeddable":true,"href":"https:\/\/tinerimearomana.ro\/cununa-carpatilor\/wp-json\/wp\/v2\/comments?post=366"}],"version-history":[{"count":2,"href":"https:\/\/tinerimearomana.ro\/cununa-carpatilor\/wp-json\/wp\/v2\/posts\/366\/revisions"}],"predecessor-version":[{"id":537,"href":"https:\/\/tinerimearomana.ro\/cununa-carpatilor\/wp-json\/wp\/v2\/posts\/366\/revisions\/537"}],"wp:featuredmedia":[{"embeddable":true,"href":"https:\/\/tinerimearomana.ro\/cununa-carpatilor\/wp-json\/wp\/v2\/media\/367"}],"wp:attachment":[{"href":"https:\/\/tinerimearomana.ro\/cununa-carpatilor\/wp-json\/wp\/v2\/media?parent=366"}],"wp:term":[{"taxonomy":"category","embeddable":true,"href":"https:\/\/tinerimearomana.ro\/cununa-carpatilor\/wp-json\/wp\/v2\/categories?post=366"},{"taxonomy":"post_tag","embeddable":true,"href":"https:\/\/tinerimearomana.ro\/cununa-carpatilor\/wp-json\/wp\/v2\/tags?post=366"}],"curies":[{"name":"wp","href":"https:\/\/api.w.org\/{rel}","templated":true}]}}