{"id":335,"date":"2017-07-06T18:53:56","date_gmt":"2017-07-06T18:53:56","guid":{"rendered":"http:\/\/tinerimearomana.ro\/cununa-carpatilor\/?p=335"},"modified":"2023-03-07T14:15:38","modified_gmt":"2023-03-07T14:15:38","slug":"ansamblul-cununa-carpatilor-la-muzici-si-traditii-in-cismigiu","status":"publish","type":"post","link":"https:\/\/tinerimearomana.ro\/cununa-carpatilor\/ansamblul-cununa-carpatilor-la-muzici-si-traditii-in-cismigiu\/","title":{"rendered":"ANSAMBLUL CUNUNA CARPATILOR LA  &#8220;MUZICI SI TRADITII IN CISMIGIU&#8221;"},"content":{"rendered":"<p>Ansamblul Cununa Carpa\u021bilor al Centrului Na\u021bional de Art\u0103 &#8220;Tinerimea Rom\u00e2n\u0103&#8221; va participa la evenimentul &#8220;Muzici \u0219i Tradi\u021bii \u00een Ci\u0219migiu&#8221;, organizat prin Creart de Prim\u0103ria Municipiului Bucure\u0219ti.<\/p>\n<p>Astfel, o excep\u021bional\u0103 parad\u0103 a costumelor \u0219i a virtuozit\u0103\u021bii coregrafice specifice dansului tradi\u021bional rom\u00e2nesc, va fi \u00eenf\u0103\u021bi\u0219at\u0103 publicului vineri 30 iunie pe Aeroportul Interna\u021bional Henri Coand\u0103 la Terminalul Sosiri.<\/p>\n<p>\u00cen aceea\u0219i zi, Cununa Carpa\u021bilor va participa \u0219i la Parada Costumelor Populare pe traseul Ateneul Rom\u00e2n &#8211; Bdul. Regina Elisabeta &#8211; Parcul Ci\u0219migiu \u00een intervalul orar 15.00 &#8211; 16.00.<br \/>\nS\u00e2mb\u0103t\u0103 1 iulie Ansamblul Cununa Carpa\u021bilor va avea spectacol la scen\u0103 \u00een parcul Ci\u0219migiu \u00eencep\u00e2nd cu ora 17.30.<\/p>\n<div class=\"su-custom-gallery su-custom-gallery-align-left su-custom-gallery-title-never su-lightbox-gallery\"><div class=\"su-custom-gallery-slide\" style=\"width:850px;height:600px\"><a href=\"https:\/\/tinerimearomana.ro\/cununa-carpatilor\/wp-content\/uploads\/sites\/6\/2017\/01\/Cununa-Carpatilor-24-2017.jpg\" title=\"Cununa-Carpatilor-24-2017\"><img fetchpriority=\"high\" decoding=\"async\" src=\"https:\/\/tinerimearomana.ro\/cununa-carpatilor\/wp-content\/uploads\/sites\/6\/2017\/01\/Cununa-Carpatilor-24-2017.jpg\" alt=\"Cununa-Carpatilor-24-2017\" width=\"850\" height=\"600\" \/><span class=\"su-custom-gallery-title\">Cununa-Carpatilor-24-2017<\/span><\/a><\/div><div class=\"su-clear\"><\/div><\/div>\n<p>&nbsp;<\/p>\n","protected":false},"excerpt":{"rendered":"<p>Ansamblul Cununa Carpa\u021bilor al Centrului Na\u021bional de Art\u0103 &#8220;Tinerimea Rom\u00e2n\u0103&#8221; va participa la evenimentul &#8220;Muzici \u0219i Tradi\u021bii \u00een Ci\u0219migiu&#8221;, organizat prin Creart de Prim\u0103ria Municipiului Bucure\u0219ti. Astfel, o excep\u021bional\u0103 parad\u0103 a costumelor \u0219i a virtuozit\u0103\u021bii coregrafice specifice dansului tradi\u021bional rom\u00e2nesc, va fi \u00eenf\u0103\u021bi\u0219at\u0103 publicului vineri 30 iunie pe Aeroportul Interna\u021bional Henri Coand\u0103 la Terminalul Sosiri&#8230;.<\/p>\n","protected":false},"author":1,"featured_media":333,"comment_status":"open","ping_status":"open","sticky":false,"template":"","format":"standard","meta":{"_kad_post_transparent":"default","_kad_post_title":"default","_kad_post_layout":"default","_kad_post_sidebar_id":"","_kad_post_content_style":"default","_kad_post_vertical_padding":"default","_kad_post_feature":"","_kad_post_feature_position":"","_kad_post_header":false,"_kad_post_footer":false,"_kad_post_classname":"","footnotes":""},"categories":[3],"tags":[],"class_list":["post-335","post","type-post","status-publish","format-standard","has-post-thumbnail","hentry","category-concerte"],"_links":{"self":[{"href":"https:\/\/tinerimearomana.ro\/cununa-carpatilor\/wp-json\/wp\/v2\/posts\/335"}],"collection":[{"href":"https:\/\/tinerimearomana.ro\/cununa-carpatilor\/wp-json\/wp\/v2\/posts"}],"about":[{"href":"https:\/\/tinerimearomana.ro\/cununa-carpatilor\/wp-json\/wp\/v2\/types\/post"}],"author":[{"embeddable":true,"href":"https:\/\/tinerimearomana.ro\/cununa-carpatilor\/wp-json\/wp\/v2\/users\/1"}],"replies":[{"embeddable":true,"href":"https:\/\/tinerimearomana.ro\/cununa-carpatilor\/wp-json\/wp\/v2\/comments?post=335"}],"version-history":[{"count":8,"href":"https:\/\/tinerimearomana.ro\/cununa-carpatilor\/wp-json\/wp\/v2\/posts\/335\/revisions"}],"predecessor-version":[{"id":594,"href":"https:\/\/tinerimearomana.ro\/cununa-carpatilor\/wp-json\/wp\/v2\/posts\/335\/revisions\/594"}],"wp:featuredmedia":[{"embeddable":true,"href":"https:\/\/tinerimearomana.ro\/cununa-carpatilor\/wp-json\/wp\/v2\/media\/333"}],"wp:attachment":[{"href":"https:\/\/tinerimearomana.ro\/cununa-carpatilor\/wp-json\/wp\/v2\/media?parent=335"}],"wp:term":[{"taxonomy":"category","embeddable":true,"href":"https:\/\/tinerimearomana.ro\/cununa-carpatilor\/wp-json\/wp\/v2\/categories?post=335"},{"taxonomy":"post_tag","embeddable":true,"href":"https:\/\/tinerimearomana.ro\/cununa-carpatilor\/wp-json\/wp\/v2\/tags?post=335"}],"curies":[{"name":"wp","href":"https:\/\/api.w.org\/{rel}","templated":true}]}}