{"id":264,"date":"2016-05-31T14:49:22","date_gmt":"2016-05-31T14:49:22","guid":{"rendered":"http:\/\/tinerimearomana.ro\/cununa-carpatilor\/?p=264"},"modified":"2023-03-07T14:16:19","modified_gmt":"2023-03-07T14:16:19","slug":"concert-folcloric-la-tinerimea-romana","status":"publish","type":"post","link":"https:\/\/tinerimearomana.ro\/cununa-carpatilor\/concert-folcloric-la-tinerimea-romana\/","title":{"rendered":"CONCERT FOLCLORIC LA TINERIMEA ROMANA"},"content":{"rendered":"<p>Mar\u021bi 3 iunie 2016 la ora 16.00 Orchestra de Muzic\u0103 Popular\u0103 \u201dCununa Carpa\u021bilor\u201d a Centrului Na\u021bional de Art\u0103 Tinerimea Rom\u00e2n\u0103 va sus\u021bine \u00een Sala Mare a Palatului Tinerimea Rom\u00e2n\u0103 un concert vocal instrumental \u00een colaborare cu \u0218coala de Art\u0103 din Bucure\u0219ti. Un foarte variat repertoriu va fi adus pe scen\u0103 cu emo\u021bie \u0219i preocupare pentru conservarea stilului, de tinere voci aflate \u00een plin\u0103 afirmare.<\/p>\n<p>Ansamblul de folclor Cununa Carpa\u021bilor compus din orchestr\u0103 \u0219i ansamblul de dansuri populare, este unic \u00een peisajul ansamblurilor profesioniste de gen din \u021bar\u0103, put\u00e2nd acoperi prin repertoriu \u0219i costume tradi\u021bionale toate zonele folclorice din Rom\u00e2nia.<\/p>\n<div class=\"su-custom-gallery su-custom-gallery-align-left su-custom-gallery-title-never su-lightbox-gallery\"><div class=\"su-custom-gallery-slide\" style=\"width:850px;height:470px\"><a href=\"https:\/\/tinerimearomana.ro\/cununa-carpatilor\/wp-content\/uploads\/sites\/6\/2016\/05\/Cununa-Carpatilor-concertTR.jpg\" title=\"Cununa-Carpatilor-concertTR\"><img fetchpriority=\"high\" decoding=\"async\" src=\"https:\/\/tinerimearomana.ro\/cununa-carpatilor\/wp-content\/uploads\/sites\/6\/2016\/05\/Cununa-Carpatilor-concertTR.jpg\" alt=\"Cununa-Carpatilor-concertTR\" width=\"850\" height=\"470\" \/><span class=\"su-custom-gallery-title\">Cununa-Carpatilor-concertTR<\/span><\/a><\/div><div class=\"su-clear\"><\/div><\/div>\n<p>&nbsp;<\/p>\n","protected":false},"excerpt":{"rendered":"<p>Mar\u021bi 3 iunie 2016 la ora 16.00 Orchestra de Muzic\u0103 Popular\u0103 \u201dCununa Carpa\u021bilor\u201d a Centrului Na\u021bional de Art\u0103 Tinerimea Rom\u00e2n\u0103 va sus\u021bine \u00een Sala Mare a Palatului Tinerimea Rom\u00e2n\u0103 un concert vocal instrumental \u00een colaborare cu \u0218coala de Art\u0103 din Bucure\u0219ti. Un foarte variat repertoriu va fi adus pe scen\u0103 cu emo\u021bie \u0219i preocupare pentru&#8230;<\/p>\n","protected":false},"author":1,"featured_media":265,"comment_status":"open","ping_status":"open","sticky":false,"template":"","format":"standard","meta":{"_kad_post_transparent":"default","_kad_post_title":"default","_kad_post_layout":"default","_kad_post_sidebar_id":"","_kad_post_content_style":"default","_kad_post_vertical_padding":"default","_kad_post_feature":"","_kad_post_feature_position":"","_kad_post_header":false,"_kad_post_footer":false,"_kad_post_classname":"","footnotes":""},"categories":[3],"tags":[],"class_list":["post-264","post","type-post","status-publish","format-standard","has-post-thumbnail","hentry","category-concerte"],"_links":{"self":[{"href":"https:\/\/tinerimearomana.ro\/cununa-carpatilor\/wp-json\/wp\/v2\/posts\/264"}],"collection":[{"href":"https:\/\/tinerimearomana.ro\/cununa-carpatilor\/wp-json\/wp\/v2\/posts"}],"about":[{"href":"https:\/\/tinerimearomana.ro\/cununa-carpatilor\/wp-json\/wp\/v2\/types\/post"}],"author":[{"embeddable":true,"href":"https:\/\/tinerimearomana.ro\/cununa-carpatilor\/wp-json\/wp\/v2\/users\/1"}],"replies":[{"embeddable":true,"href":"https:\/\/tinerimearomana.ro\/cununa-carpatilor\/wp-json\/wp\/v2\/comments?post=264"}],"version-history":[{"count":7,"href":"https:\/\/tinerimearomana.ro\/cununa-carpatilor\/wp-json\/wp\/v2\/posts\/264\/revisions"}],"predecessor-version":[{"id":598,"href":"https:\/\/tinerimearomana.ro\/cununa-carpatilor\/wp-json\/wp\/v2\/posts\/264\/revisions\/598"}],"wp:featuredmedia":[{"embeddable":true,"href":"https:\/\/tinerimearomana.ro\/cununa-carpatilor\/wp-json\/wp\/v2\/media\/265"}],"wp:attachment":[{"href":"https:\/\/tinerimearomana.ro\/cununa-carpatilor\/wp-json\/wp\/v2\/media?parent=264"}],"wp:term":[{"taxonomy":"category","embeddable":true,"href":"https:\/\/tinerimearomana.ro\/cununa-carpatilor\/wp-json\/wp\/v2\/categories?post=264"},{"taxonomy":"post_tag","embeddable":true,"href":"https:\/\/tinerimearomana.ro\/cununa-carpatilor\/wp-json\/wp\/v2\/tags?post=264"}],"curies":[{"name":"wp","href":"https:\/\/api.w.org\/{rel}","templated":true}]}}