{"id":259,"date":"2016-01-28T20:12:47","date_gmt":"2016-01-28T20:12:47","guid":{"rendered":"http:\/\/tinerimearomana.ro\/cununa-carpatilor\/?p=259"},"modified":"2023-03-02T09:48:49","modified_gmt":"2023-03-02T09:48:49","slug":"ansamblul-care-de-aproape-jumatate-de-secol-duce-numele-romaniei-peste-hotare","status":"publish","type":"post","link":"https:\/\/tinerimearomana.ro\/cununa-carpatilor\/ansamblul-care-de-aproape-jumatate-de-secol-duce-numele-romaniei-peste-hotare\/","title":{"rendered":"Ansamblul care de aproape jum\u0103tate de secol duce numele Rom\u00e2niei peste hotare"},"content":{"rendered":"<p>Ansamblul Cununa Carpa\u0163ilor este patronat de Centrul Na\u0163ional de Art\u0103 \u201eTinerimea Rom\u00e2n\u0103\u201d, institu\u0163ie public\u0103 subordonat\u0103 Ministerului Culturii.<\/p>\n<p>\u00cen anul 1996 a venit la conducerea \u201eCununei\u201d Viorel Cioac\u0103, arhitect de profesie \u015fi coregraf experimentat al fostului ansamblu folcloric \u201eDoina Bucure\u015ftiului\u201d, care, ca \u015fi Cununa Carpa\u0163ilor, a adus Rom\u00e2niei numeroase premii interna\u0163ionale de profil.<\/p>\n<p>\u00cen prezent el este \u00eenc\u0103 coregraful Cununei Carpa\u0163ilor, iar o parte dintre dansatori sunt \u015fi ei fo\u015fti membri ai \u201eDoinei Bucure\u015ftiului\u201d.<\/p>\n<p>C\u00e2t despre ceilal\u021bi membri sunt doar tineri pasiona\u0163i de dansurile folclorice. \u0218i oricine vrea s\u0103 fie mai aproape de folclorul rom\u00e2nesc li se poate al\u0103tura.<\/p>\n<p>Articol preluat de pe <a href=\"http:\/\/www.digi24.ro\/Stiri\/Digi24\/Timp+liber\/Stiri\/Ansamblul+care+de+aproape+jumatate+de+secol+duce+numele+Romaniei\" target=\"_blank\" rel=\"no-follow noopener\">DIGI24<\/a><\/p>\n<p>&nbsp;<\/p>\n","protected":false},"excerpt":{"rendered":"<p>Ansamblul Cununa Carpa\u0163ilor este patronat de Centrul Na\u0163ional de Art\u0103 \u201eTinerimea Rom\u00e2n\u0103\u201d, institu\u0163ie public\u0103 subordonat\u0103 Ministerului Culturii. \u00cen anul 1996 a venit la conducerea \u201eCununei\u201d Viorel Cioac\u0103, arhitect de profesie \u015fi coregraf experimentat al fostului ansamblu folcloric \u201eDoina Bucure\u015ftiului\u201d, care, ca \u015fi Cununa Carpa\u0163ilor, a adus Rom\u00e2niei numeroase premii interna\u0163ionale de profil. \u00cen prezent el&#8230;<\/p>\n","protected":false},"author":1,"featured_media":75,"comment_status":"open","ping_status":"open","sticky":false,"template":"","format":"standard","meta":{"_kad_post_transparent":"default","_kad_post_title":"default","_kad_post_layout":"default","_kad_post_sidebar_id":"","_kad_post_content_style":"default","_kad_post_vertical_padding":"default","_kad_post_feature":"","_kad_post_feature_position":"","_kad_post_header":false,"_kad_post_footer":false,"_kad_post_classname":"","footnotes":""},"categories":[5],"tags":[],"class_list":["post-259","post","type-post","status-publish","format-standard","has-post-thumbnail","hentry","category-presa"],"_links":{"self":[{"href":"https:\/\/tinerimearomana.ro\/cununa-carpatilor\/wp-json\/wp\/v2\/posts\/259"}],"collection":[{"href":"https:\/\/tinerimearomana.ro\/cununa-carpatilor\/wp-json\/wp\/v2\/posts"}],"about":[{"href":"https:\/\/tinerimearomana.ro\/cununa-carpatilor\/wp-json\/wp\/v2\/types\/post"}],"author":[{"embeddable":true,"href":"https:\/\/tinerimearomana.ro\/cununa-carpatilor\/wp-json\/wp\/v2\/users\/1"}],"replies":[{"embeddable":true,"href":"https:\/\/tinerimearomana.ro\/cununa-carpatilor\/wp-json\/wp\/v2\/comments?post=259"}],"version-history":[{"count":3,"href":"https:\/\/tinerimearomana.ro\/cununa-carpatilor\/wp-json\/wp\/v2\/posts\/259\/revisions"}],"predecessor-version":[{"id":584,"href":"https:\/\/tinerimearomana.ro\/cununa-carpatilor\/wp-json\/wp\/v2\/posts\/259\/revisions\/584"}],"wp:featuredmedia":[{"embeddable":true,"href":"https:\/\/tinerimearomana.ro\/cununa-carpatilor\/wp-json\/wp\/v2\/media\/75"}],"wp:attachment":[{"href":"https:\/\/tinerimearomana.ro\/cununa-carpatilor\/wp-json\/wp\/v2\/media?parent=259"}],"wp:term":[{"taxonomy":"category","embeddable":true,"href":"https:\/\/tinerimearomana.ro\/cununa-carpatilor\/wp-json\/wp\/v2\/categories?post=259"},{"taxonomy":"post_tag","embeddable":true,"href":"https:\/\/tinerimearomana.ro\/cununa-carpatilor\/wp-json\/wp\/v2\/tags?post=259"}],"curies":[{"name":"wp","href":"https:\/\/api.w.org\/{rel}","templated":true}]}}