{"id":810,"date":"2025-11-02T14:08:46","date_gmt":"2025-11-02T14:08:46","guid":{"rendered":"https:\/\/tinerimearomana.ro\/corul-preludiu\/?p=810"},"modified":"2025-11-02T14:09:12","modified_gmt":"2025-11-02T14:09:12","slug":"in-memoriam-voicu-enachescu-concertul-corului-de-camera-preludiu-voicu-enachescu-la-biserica-sf-elefterie","status":"publish","type":"post","link":"https:\/\/tinerimearomana.ro\/corul-preludiu\/in-memoriam-voicu-enachescu-concertul-corului-de-camera-preludiu-voicu-enachescu-la-biserica-sf-elefterie\/","title":{"rendered":"&#8220;IN MEMORIAM VOICU EN\u0102CHESCU&#8221;, CONCERTUL CORULUI DE CAMER\u0102 &#8220;PRELUDIU &#8211; VOICU EN\u0102CHESCU&#8221; LA BISERICA SF. ELEFTERIE"},"content":{"rendered":"<p><strong>Corul de Camer\u0103 &#8220;Preludiu &#8211; Voicu En\u0103chescu&#8221;<\/strong> al Centrului Na\u021bional de Art\u0103 &#8220;Tinerimea Rom\u00e2n\u0103&#8221;<br \/>\nsus\u021bine <strong>Luni, 10 noiembrie, ora 18:00<\/strong>, la <strong>Biserica \u201cSf\u00e2ntul Elefterie\u201d<\/strong>, un concert intitulat \u201cDoamne, auzi glasul meu\u201d, in memoriam <strong>Voicu En\u0103chescu<\/strong>, cu ocazia \u00eemplinirii a trei ani de la trecerea \u00een eternitate a fondatorului \u0219i dirijorului ansamblului.<\/p>\n<p>Conducerea muzical\u0103 \u00eei apar\u021bine lui Andrei St\u0103nculescu. Programul concertului cuprinde lucr\u0103ri corale rom\u00e2ne\u0219ti semnate de Nicolae Lungu, Gheorghe Cucu, Paul Constantinescu, Mar\u0163ian Negrea, Gavril Musicescu \u0219i Pascal Bentoiu.<br \/>\nIntrarea este liber\u0103 \u00een limita locurilor disponibile.<\/p>\n<p><img fetchpriority=\"high\" decoding=\"async\" class=\"aligncenter size-full wp-image-811\" src=\"https:\/\/tinerimearomana.ro\/corul-preludiu\/wp-content\/uploads\/sites\/9\/2025\/11\/preludiu-10nov-2025.jpg\" alt=\"\" width=\"920\" height=\"1343\" srcset=\"https:\/\/tinerimearomana.ro\/corul-preludiu\/wp-content\/uploads\/sites\/9\/2025\/11\/preludiu-10nov-2025.jpg 920w, https:\/\/tinerimearomana.ro\/corul-preludiu\/wp-content\/uploads\/sites\/9\/2025\/11\/preludiu-10nov-2025-206x300.jpg 206w, https:\/\/tinerimearomana.ro\/corul-preludiu\/wp-content\/uploads\/sites\/9\/2025\/11\/preludiu-10nov-2025-701x1024.jpg 701w, https:\/\/tinerimearomana.ro\/corul-preludiu\/wp-content\/uploads\/sites\/9\/2025\/11\/preludiu-10nov-2025-768x1121.jpg 768w\" sizes=\"(max-width: 920px) 100vw, 920px\" \/><\/p>\n","protected":false},"excerpt":{"rendered":"<p>Corul de Camer\u0103 &#8220;Preludiu &#8211; Voicu En\u0103chescu&#8221; al Centrului Na\u021bional de Art\u0103 &#8220;Tinerimea Rom\u00e2n\u0103&#8221; sus\u021bine Luni, 10 noiembrie, ora 18:00, la Biserica \u201cSf\u00e2ntul Elefterie\u201d, un concert intitulat \u201cDoamne, auzi glasul meu\u201d, in memoriam Voicu En\u0103chescu, cu ocazia \u00eemplinirii a trei ani de la trecerea \u00een eternitate a fondatorului \u0219i dirijorului ansamblului. Conducerea muzical\u0103 \u00eei apar\u021bine&#8230;<\/p>\n","protected":false},"author":1,"featured_media":811,"comment_status":"closed","ping_status":"open","sticky":false,"template":"","format":"standard","meta":{"_kadence_starter_templates_imported_post":false,"_kad_post_transparent":"default","_kad_post_title":"default","_kad_post_layout":"default","_kad_post_sidebar_id":"","_kad_post_content_style":"default","_kad_post_vertical_padding":"default","_kad_post_feature":"","_kad_post_feature_position":"","_kad_post_header":false,"_kad_post_footer":false,"_kad_post_classname":"","footnotes":""},"categories":[2],"tags":[],"class_list":["post-810","post","type-post","status-publish","format-standard","has-post-thumbnail","hentry","category-concerte"],"_links":{"self":[{"href":"https:\/\/tinerimearomana.ro\/corul-preludiu\/wp-json\/wp\/v2\/posts\/810"}],"collection":[{"href":"https:\/\/tinerimearomana.ro\/corul-preludiu\/wp-json\/wp\/v2\/posts"}],"about":[{"href":"https:\/\/tinerimearomana.ro\/corul-preludiu\/wp-json\/wp\/v2\/types\/post"}],"author":[{"embeddable":true,"href":"https:\/\/tinerimearomana.ro\/corul-preludiu\/wp-json\/wp\/v2\/users\/1"}],"replies":[{"embeddable":true,"href":"https:\/\/tinerimearomana.ro\/corul-preludiu\/wp-json\/wp\/v2\/comments?post=810"}],"version-history":[{"count":1,"href":"https:\/\/tinerimearomana.ro\/corul-preludiu\/wp-json\/wp\/v2\/posts\/810\/revisions"}],"predecessor-version":[{"id":812,"href":"https:\/\/tinerimearomana.ro\/corul-preludiu\/wp-json\/wp\/v2\/posts\/810\/revisions\/812"}],"wp:featuredmedia":[{"embeddable":true,"href":"https:\/\/tinerimearomana.ro\/corul-preludiu\/wp-json\/wp\/v2\/media\/811"}],"wp:attachment":[{"href":"https:\/\/tinerimearomana.ro\/corul-preludiu\/wp-json\/wp\/v2\/media?parent=810"}],"wp:term":[{"taxonomy":"category","embeddable":true,"href":"https:\/\/tinerimearomana.ro\/corul-preludiu\/wp-json\/wp\/v2\/categories?post=810"},{"taxonomy":"post_tag","embeddable":true,"href":"https:\/\/tinerimearomana.ro\/corul-preludiu\/wp-json\/wp\/v2\/tags?post=810"}],"curies":[{"name":"wp","href":"https:\/\/api.w.org\/{rel}","templated":true}]}}