{"id":797,"date":"2025-09-03T13:52:01","date_gmt":"2025-09-03T13:52:01","guid":{"rendered":"https:\/\/tinerimearomana.ro\/corul-preludiu\/?p=797"},"modified":"2025-09-03T13:54:41","modified_gmt":"2025-09-03T13:54:41","slug":"la-festivalul-george-enescu-din-acest-an-corul-de-camera-preludiu-voicu-enachescu-va-avea-trei-importante-aparitii","status":"publish","type":"post","link":"https:\/\/tinerimearomana.ro\/corul-preludiu\/la-festivalul-george-enescu-din-acest-an-corul-de-camera-preludiu-voicu-enachescu-va-avea-trei-importante-aparitii\/","title":{"rendered":"La Festivalul George Enescu din acest an, Corul de camer\u0103 Preludiu &#8211; Voicu En\u0103chescu va avea trei importante apari\u0163ii"},"content":{"rendered":"<div dir=\"auto\">La <strong>Festivalul George Enescu<\/strong> din acest an, <strong>Corul de camer\u0103 Preludiu<\/strong> &#8211; Voicu En\u0103chescu va avea trei importante apari\u0163ii \u00een Bucure\u015fti.<\/div>\n<div dir=\"auto\">Pe <strong>29 august, la ora 22.30<\/strong>, \u00een seria \u201cConcertele de la miezul nop\u0163ii\u201d, Orchestra Sinfonia Var\u015fovia al\u0103turi de Corul de camer\u0103 Preludiu &#8211; Voicu En\u0103chescu preg\u0103tit de Andrei St\u0103nculescu, sub bagheta lui Constantin Grigore, soli\u015fti Gloria Tronel &#8211; sopran\u0103 solo, Apolline Rai-Westphal \u2013 soprano, Alexandru Costea \u2013 contratenor, Tadeusz Szlenkier \u2013 tenor, Alexei Botnarciuc \u2013 bas vor prezenta Requiem for My Friend de Zbigniew Preisner. Proiectul este organizat ca parte a Sezonului Cultural Polonia-Rom\u00e2nia 2024-2025, \u00een cooperare cu Institutul Adam Mickiewicz \u0219i cofinan\u021bat de Ministerul Culturii \u0219i Patrimoniului Na\u021bional din Polonia.<\/div>\n<div dir=\"auto\"><\/div>\n<p><\/p>\n<div dir=\"auto\"><\/div>\n<div dir=\"auto\"><strong>Pe 14 septembrie, la ora 16.30<\/strong>, \u00een seria \u201cConcertele de la Ateneul Rom\u00e2n\u201d, Orchestra de Filarmonicii din Monte Carlo dirijat\u0103 de Kazuki Yamada va deschide concertul cu poemul simfonic Isis de George Enescu (finalizat postum de Pascal Bentoiu), pe care \u00eel va interpreta \u00eempreun\u0103 cu Corul de camer\u0103 Preludiu &#8211; Voicu En\u0103chescu, preg\u0103tit de Andrei St\u0103nculescu. Concertul mai are \u00een program Maurice Ravel Concertul \u00een re major pentru m\u00e2na st\u00e2ng\u0103 cu Nelson Goerner \u015fi Camille Saint-Sa\u00ebns Simfonia nr. 3 \u00een do minor op. 78, cu Vlad Vi\u015fenescu la org\u0103.<\/div>\n<div dir=\"auto\"><\/div>\n<p><\/p>\n<div dir=\"auto\"><\/div>\n<div dir=\"auto\"><strong>Pe 21 septembrie, de la ora 11<\/strong>, \u00een seria \u201cConcertelor pentru familii \u015fi copii\u201d, la Teatrul Odeon, Sala Majestic, Corul de camer\u0103 Preludiu &#8211; Voicu En\u0103chescu, dirijat de Andrei St\u0103nculescu va prezenta un program ce cuprinde lucr\u0103ri diverse, multe dintre ele inspirate din folclorul copiilor : Philippe Hersant M\u00e9tamorphoses, Maurice Ravel Trei c\u00e2ntece, Rubin Szab\u00f3, B\u00e1zsa Lov\u00e1sz Adieux, Oana Vardianu C\u00e2ntec de leag\u0103n, Olgu\u021ba Lupu \u00cen joac\u0103, Tudor Jarda Hop, \u021bup, \u021bup, Dan Buciu De-a baba oarba, Sabin P\u0103utza Ofranda copiilor lumii (ala bala portocala), Diana Dembinski Vod\u0103 Little crocodile, Mihaela Vosganian Hide and seek, Dan Dediu Cine e morarul?.<\/div>\n<div dir=\"auto\"><\/div>\n<p><\/p>\n<div dir=\"auto\"><\/div>\n<div dir=\"auto\">De asemenea, \u00een cadrul manifest\u0103rilor Festivalului George Enescu ce se petrec la <strong>Craiova, pe 17 septembrie, ora 19:00<\/strong>, la Muzeul de Art\u0103 Craiova, va avea loc un Concert vocal-simfonic sus\u0163inut de Orchestra Simfonic\u0103 \u0219i Corala Academic\u0103 ale Filarmonicii Oltenia, <strong>Corul de Camer\u0103 Preludiu<\/strong> \u2013 Voicu En\u0103chescu \u015fi Corul BRD, concert dirijat de Andrei St\u0103nculescu, soli\u0219ti: Cristina Fieraru (sopran\u0103), Sorana Negrea (mezzosopran\u0103), Andrei Laz\u0103r (tenor), Sebastian Balaj (bariton), cu un program ce cuprinde lucr\u0103ri de<\/div>\n<div dir=\"auto\">Purcell, Handel \u015fi Mozart.<\/div>\n<div dir=\"auto\"><\/div>\n<p><\/p>\n<div dir=\"auto\"><\/div>\n<div dir=\"auto\">Festivalul Interna\u021bional George Enescu este unul dintre cele mai prestigioase evenimente de muzic\u0103 clasic\u0103 la nivel mondial, organizat \u00eencep\u00e2nd cu anul 1958. Cea de-a XXVII-a edi\u021bie are loc \u00eentre 24 august \u0219i 21 septembrie 2025 \u0219i va marca 70 de ani de la moartea marelui compozitor \u0219i muzician rom\u00e2n, George Enescu. Tema din acest an este \u201eAnivers\u0103ri \/ Celebrations\u201d, iar \u00een program se vor reg\u0103si peste 95 de concerte sus\u021binute de peste 4000 dintre cei mai renumi\u021bi arti\u0219ti ai lumii, ce vor aduce \u00een prim-plan at\u00e2t mo\u0219tenirea artistic\u0103 a lui Enescu, c\u00e2t \u0219i impactul s\u0103u profund asupra muzicii clasice universale.<\/div>\n<div dir=\"auto\"><\/div>\n<p><\/p>\n<div dir=\"auto\"><\/div>\n<div dir=\"auto\"><img fetchpriority=\"high\" decoding=\"async\" class=\"aligncenter size-full wp-image-798\" src=\"https:\/\/tinerimearomana.ro\/corul-preludiu\/wp-content\/uploads\/sites\/9\/2025\/09\/festival-george-enescu-corul-preludiu.jpg\" alt=\"\" width=\"750\" height=\"1100\" srcset=\"https:\/\/tinerimearomana.ro\/corul-preludiu\/wp-content\/uploads\/sites\/9\/2025\/09\/festival-george-enescu-corul-preludiu.jpg 750w, https:\/\/tinerimearomana.ro\/corul-preludiu\/wp-content\/uploads\/sites\/9\/2025\/09\/festival-george-enescu-corul-preludiu-205x300.jpg 205w, https:\/\/tinerimearomana.ro\/corul-preludiu\/wp-content\/uploads\/sites\/9\/2025\/09\/festival-george-enescu-corul-preludiu-698x1024.jpg 698w\" sizes=\"(max-width: 750px) 100vw, 750px\" \/><\/div>\n","protected":false},"excerpt":{"rendered":"<p>La Festivalul George Enescu din acest an, Corul de camer\u0103 Preludiu &#8211; Voicu En\u0103chescu va avea trei importante apari\u0163ii \u00een Bucure\u015fti. Pe 29 august, la ora 22.30, \u00een seria \u201cConcertele de la miezul nop\u0163ii\u201d, Orchestra Sinfonia Var\u015fovia al\u0103turi de Corul de camer\u0103 Preludiu &#8211; Voicu En\u0103chescu preg\u0103tit de Andrei St\u0103nculescu, sub bagheta lui Constantin Grigore,&#8230;<\/p>\n","protected":false},"author":1,"featured_media":798,"comment_status":"closed","ping_status":"open","sticky":false,"template":"","format":"standard","meta":{"_kadence_starter_templates_imported_post":false,"_kad_post_transparent":"default","_kad_post_title":"default","_kad_post_layout":"default","_kad_post_sidebar_id":"","_kad_post_content_style":"default","_kad_post_vertical_padding":"default","_kad_post_feature":"","_kad_post_feature_position":"","_kad_post_header":false,"_kad_post_footer":false,"_kad_post_classname":"","footnotes":""},"categories":[2],"tags":[],"class_list":["post-797","post","type-post","status-publish","format-standard","has-post-thumbnail","hentry","category-concerte"],"_links":{"self":[{"href":"https:\/\/tinerimearomana.ro\/corul-preludiu\/wp-json\/wp\/v2\/posts\/797"}],"collection":[{"href":"https:\/\/tinerimearomana.ro\/corul-preludiu\/wp-json\/wp\/v2\/posts"}],"about":[{"href":"https:\/\/tinerimearomana.ro\/corul-preludiu\/wp-json\/wp\/v2\/types\/post"}],"author":[{"embeddable":true,"href":"https:\/\/tinerimearomana.ro\/corul-preludiu\/wp-json\/wp\/v2\/users\/1"}],"replies":[{"embeddable":true,"href":"https:\/\/tinerimearomana.ro\/corul-preludiu\/wp-json\/wp\/v2\/comments?post=797"}],"version-history":[{"count":4,"href":"https:\/\/tinerimearomana.ro\/corul-preludiu\/wp-json\/wp\/v2\/posts\/797\/revisions"}],"predecessor-version":[{"id":802,"href":"https:\/\/tinerimearomana.ro\/corul-preludiu\/wp-json\/wp\/v2\/posts\/797\/revisions\/802"}],"wp:featuredmedia":[{"embeddable":true,"href":"https:\/\/tinerimearomana.ro\/corul-preludiu\/wp-json\/wp\/v2\/media\/798"}],"wp:attachment":[{"href":"https:\/\/tinerimearomana.ro\/corul-preludiu\/wp-json\/wp\/v2\/media?parent=797"}],"wp:term":[{"taxonomy":"category","embeddable":true,"href":"https:\/\/tinerimearomana.ro\/corul-preludiu\/wp-json\/wp\/v2\/categories?post=797"},{"taxonomy":"post_tag","embeddable":true,"href":"https:\/\/tinerimearomana.ro\/corul-preludiu\/wp-json\/wp\/v2\/tags?post=797"}],"curies":[{"name":"wp","href":"https:\/\/api.w.org\/{rel}","templated":true}]}}