{"id":789,"date":"2025-03-20T23:14:32","date_gmt":"2025-03-20T23:14:32","guid":{"rendered":"https:\/\/tinerimearomana.ro\/corul-preludiu\/?p=789"},"modified":"2025-03-20T23:16:34","modified_gmt":"2025-03-20T23:16:34","slug":"corul-de-camera-preludiu-voicu-enachescu-in-concert-in-cadrul-festivalului-chei-al-unmb","status":"publish","type":"post","link":"https:\/\/tinerimearomana.ro\/corul-preludiu\/corul-de-camera-preludiu-voicu-enachescu-in-concert-in-cadrul-festivalului-chei-al-unmb\/","title":{"rendered":"CORUL DE CAMER\u0102 &#8220;PRELUDIU &#8211; VOICU EN\u0102CHESCU&#8221; \u00ceN CONCERT \u00ceN CADRUL FESTIVALULUI &#8220;CHEI&#8221; AL UNMB"},"content":{"rendered":"<div dir=\"ltr\"><b>Concert Ripple Effect, miercuri, 26 martie 2025, ora 19:30, UNMB \u2013 sala George Enescu, in cadrul Festivalului CHEI &#8211; Edi\u021bia a XVI &#8211; a<\/b><\/div>\n<div dir=\"ltr\"><b>\u00a0<\/b><\/div>\n<div><b>Corul de camer\u0103\u00a0 \u00a0\u201ePreludiu \u2013 Voicu En\u0103chescu\u201d<\/b><\/div>\n<p><\/p>\n<div dir=\"ltr\"><b>Program<\/b><\/div>\n<div><\/div>\n<div>Giovanni Pierluigi da Palestrina\/ar. Andrei S. &#8211; Agnus Dei II din Missa brevis<\/div>\n<div>Bradley Ellingboe &#8211; Heart, we will forget him!<\/div>\n<div>J. S. Bach\/ ar. Becky McGlade &#8211; Lobet den Herrn, alle Heiden<\/div>\n<div>Kristina Arakelyan &#8211; To a Skylark<\/div>\n<div>Sergei Rachmaninoff\/ ar. Jonathan Wikeley &#8211; Vocaliza<\/div>\n<div>Sarah Quartel &#8211; Ripple Effect<\/div>\n<div>A. Dvorak\/ar. Andrei S. &#8211; Humoresque<\/div>\n<div>John Rutter &#8211; Come live with me<\/div>\n<div>Camille Saint-Saens\/ ar. Andrei S. &#8211; Le Cygne<\/div>\n<div>Ola Gjeilo &#8211; Serenity<\/div>\n<div>Eugen Doga\/ar. Andrei S. &#8211; Ochiul t\u0103u iubit<\/div>\n<div>Piazzolla\/ar. Ioan Dobrinescu &#8211; Libertango<\/div>\n<div>Grigora\u0219 Dinicu &#8211; Hora Staccato &#8211; suprapunere Var. Violoncelisimo + ar. Mihail \u0218tef\u0103nescu<\/div>\n<p><\/p>\n<div><\/div>\n<div><\/div>\n<div><b>Soli\u0219ti:<\/b>\u00a0\u0218tefan Ciceu, Soma David, David Sznekovics \u2013 studen\u021bi la clasa Conf. Univ. Dr. R\u0103zvan Suma<\/div>\n<div><\/div>\n<p><\/p>\n<div><b>Invitat special:<\/b>\u00a0Cornelius Zirbo<\/div>\n<div><\/div>\n<p><\/p>\n<div><b>Dirijor:<\/b>\u00a0Andrei St\u0103nculescu<\/div>\n<div><\/div>\n<p><\/p>\n<div><\/div>\n","protected":false},"excerpt":{"rendered":"<p>Concert Ripple Effect, miercuri, 26 martie 2025, ora 19:30, UNMB \u2013 sala George Enescu, in cadrul Festivalului CHEI &#8211; Edi\u021bia a XVI &#8211; a \u00a0 Corul de camer\u0103\u00a0 \u00a0\u201ePreludiu \u2013 Voicu En\u0103chescu\u201d Program Giovanni Pierluigi da Palestrina\/ar. Andrei S. &#8211; Agnus Dei II din Missa brevis Bradley Ellingboe &#8211; Heart, we will forget him! J&#8230;.<\/p>\n","protected":false},"author":1,"featured_media":790,"comment_status":"closed","ping_status":"open","sticky":false,"template":"","format":"standard","meta":{"_kadence_starter_templates_imported_post":false,"_kad_post_transparent":"default","_kad_post_title":"default","_kad_post_layout":"default","_kad_post_sidebar_id":"","_kad_post_content_style":"default","_kad_post_vertical_padding":"default","_kad_post_feature":"","_kad_post_feature_position":"","_kad_post_header":false,"_kad_post_footer":false,"_kad_post_classname":"","footnotes":""},"categories":[2],"tags":[],"class_list":["post-789","post","type-post","status-publish","format-standard","has-post-thumbnail","hentry","category-concerte"],"_links":{"self":[{"href":"https:\/\/tinerimearomana.ro\/corul-preludiu\/wp-json\/wp\/v2\/posts\/789"}],"collection":[{"href":"https:\/\/tinerimearomana.ro\/corul-preludiu\/wp-json\/wp\/v2\/posts"}],"about":[{"href":"https:\/\/tinerimearomana.ro\/corul-preludiu\/wp-json\/wp\/v2\/types\/post"}],"author":[{"embeddable":true,"href":"https:\/\/tinerimearomana.ro\/corul-preludiu\/wp-json\/wp\/v2\/users\/1"}],"replies":[{"embeddable":true,"href":"https:\/\/tinerimearomana.ro\/corul-preludiu\/wp-json\/wp\/v2\/comments?post=789"}],"version-history":[{"count":4,"href":"https:\/\/tinerimearomana.ro\/corul-preludiu\/wp-json\/wp\/v2\/posts\/789\/revisions"}],"predecessor-version":[{"id":794,"href":"https:\/\/tinerimearomana.ro\/corul-preludiu\/wp-json\/wp\/v2\/posts\/789\/revisions\/794"}],"wp:featuredmedia":[{"embeddable":true,"href":"https:\/\/tinerimearomana.ro\/corul-preludiu\/wp-json\/wp\/v2\/media\/790"}],"wp:attachment":[{"href":"https:\/\/tinerimearomana.ro\/corul-preludiu\/wp-json\/wp\/v2\/media?parent=789"}],"wp:term":[{"taxonomy":"category","embeddable":true,"href":"https:\/\/tinerimearomana.ro\/corul-preludiu\/wp-json\/wp\/v2\/categories?post=789"},{"taxonomy":"post_tag","embeddable":true,"href":"https:\/\/tinerimearomana.ro\/corul-preludiu\/wp-json\/wp\/v2\/tags?post=789"}],"curies":[{"name":"wp","href":"https:\/\/api.w.org\/{rel}","templated":true}]}}