{"id":733,"date":"2024-02-15T14:24:46","date_gmt":"2024-02-15T14:24:46","guid":{"rendered":"https:\/\/tinerimearomana.ro\/corul-preludiu\/?p=733"},"modified":"2024-02-15T14:31:04","modified_gmt":"2024-02-15T14:31:04","slug":"corul-de-camera-preludiu-voicu-enachescu-concert-la-catedrala-sf-iosif","status":"publish","type":"post","link":"https:\/\/tinerimearomana.ro\/corul-preludiu\/corul-de-camera-preludiu-voicu-enachescu-concert-la-catedrala-sf-iosif\/","title":{"rendered":"Corul de Camera\u0306 \u201ePreludiu &#8211; Voicu Ena\u0306chescu\u201d &#8211; concert la Catedrala Sf. Iosif"},"content":{"rendered":"<p>Concertul \u201e<em>Gesualdo da Venosa &#8211; <\/em><strong><em>Tenebr\u00e6 Responsoria &#8211; Sabbato sancto <\/em><\/strong><em>| Tom\u00e1s Luis De Victoria &#8211; <\/em><strong><em>Officium defunctorum<\/em><\/strong>\u201d, i\u0302s\u0326i propune sa\u0306 puna\u0306 i\u0302n prim planul scenei muzicale roma\u0302nes\u0326ti muzica veche plurivocala\u0306, dar s\u0326i sa\u0306 continue tradit\u0326ia concertelor informate din punct de vedere istoric pe care Corul de Camera\u0306 \u201ePreludiu &#8211; Voicu Ena\u0306chescu\u201d a i\u0302nceput-o i\u0302n anul 2022. Concertul eveniment va prezenta lucra\u0306ri i\u0302n premiera\u0306 absoluta\u0306 i\u0302n Roma\u0302nia \u0219i extrem de put\u0326in ca\u0302ntate i\u0302n i\u0302ntreaga lume.<\/p>\n<p>Corul de Camera\u0306 ,,Preludiu &#8211; Voicu Ena\u0306chescu\u201d, dirijat de Andrei St\u0103nculescu, propune o interpretare informata\u0306 din punct de vedere istoric a <strong><em>Tenebr\u00e6 Responsoria &#8211; Sabbato sancto<\/em><\/strong>, unde, elementul surpriz\u0103 \u00eel va reprezenta colaborarea ansamblului nostru cu un duo deja cunoscut pe scenele na\u021bionale \u0219i interna\u021bionale, <strong><em>Duo Iancu-Lobon\u021b <\/em><\/strong>(arciliuto). Este cunoscut faptul c\u0103 <em>Gesualdo da Venosa<\/em>\u00a0a fost pe l\u00e2ng\u0103 un inovator \u0219i excentric compozitor, un mare virtuoz al l\u0103utei, iar Olivia Iancu \u0219i Claudiu Lobon\u021b vor aduce sonoritatea specific\u0103 epocii \u00een aten\u021bia publicului curios de culoarea unic\u0103 a acestui instrument fascinant \u0219i \u00eenc\u0103 prea rar auzit \u00een Rom\u00e2nia.<\/p>\n<p>A doua parte a concertului dores\u0326te abordarea unei splendide lucrari extrem de rar interpretate in forma ei integrala\u0306 &#8211; <strong><em>Officium defunctorum<\/em><\/strong>\u00a0de <em>Tom\u00e1s Luis de Victoria<\/em>, lucrare monumental\u0103 a unuia dintre cei mai prolifici compozitori spanioli ai Renas\u0326terii, care va pune \u00een eviden\u021b\u0103 at\u00e2t for\u021ba interpretativ\u0103 a acestui cor de mare tradi\u021bie \u00een Rom\u00e2nia, c\u00e2t \u0219i vocile soliste ale Corul de Camera\u0306 \u201ePreludiu &#8211; Voicu Ena\u0306chescu\u201d.<\/p>\n<p><img fetchpriority=\"high\" decoding=\"async\" class=\"aligncenter size-full wp-image-739\" src=\"https:\/\/tinerimearomana.ro\/corul-preludiu\/wp-content\/uploads\/sites\/9\/2024\/02\/Afis-PRELUDIU_05.03.2024_Sf-Iosif.jpg\" alt=\"\" width=\"900\" height=\"1314\" srcset=\"https:\/\/tinerimearomana.ro\/corul-preludiu\/wp-content\/uploads\/sites\/9\/2024\/02\/Afis-PRELUDIU_05.03.2024_Sf-Iosif.jpg 900w, https:\/\/tinerimearomana.ro\/corul-preludiu\/wp-content\/uploads\/sites\/9\/2024\/02\/Afis-PRELUDIU_05.03.2024_Sf-Iosif-205x300.jpg 205w, https:\/\/tinerimearomana.ro\/corul-preludiu\/wp-content\/uploads\/sites\/9\/2024\/02\/Afis-PRELUDIU_05.03.2024_Sf-Iosif-701x1024.jpg 701w, https:\/\/tinerimearomana.ro\/corul-preludiu\/wp-content\/uploads\/sites\/9\/2024\/02\/Afis-PRELUDIU_05.03.2024_Sf-Iosif-768x1121.jpg 768w\" sizes=\"(max-width: 900px) 100vw, 900px\" \/><\/p>\n","protected":false},"excerpt":{"rendered":"<p>Concertul \u201eGesualdo da Venosa &#8211; Tenebr\u00e6 Responsoria &#8211; Sabbato sancto | Tom\u00e1s Luis De Victoria &#8211; Officium defunctorum\u201d, i\u0302s\u0326i propune sa\u0306 puna\u0306 i\u0302n prim planul scenei muzicale roma\u0302nes\u0326ti muzica veche plurivocala\u0306, dar s\u0326i sa\u0306 continue tradit\u0326ia concertelor informate din punct de vedere istoric pe care Corul de Camera\u0306 \u201ePreludiu &#8211; Voicu Ena\u0306chescu\u201d a i\u0302nceput-o i\u0302n&#8230;<\/p>\n","protected":false},"author":1,"featured_media":739,"comment_status":"closed","ping_status":"open","sticky":false,"template":"","format":"standard","meta":{"_kadence_starter_templates_imported_post":false,"_kad_post_transparent":"default","_kad_post_title":"default","_kad_post_layout":"default","_kad_post_sidebar_id":"","_kad_post_content_style":"default","_kad_post_vertical_padding":"default","_kad_post_feature":"","_kad_post_feature_position":"","_kad_post_header":false,"_kad_post_footer":false,"_kad_post_classname":"","footnotes":""},"categories":[2],"tags":[],"class_list":["post-733","post","type-post","status-publish","format-standard","has-post-thumbnail","hentry","category-concerte"],"_links":{"self":[{"href":"https:\/\/tinerimearomana.ro\/corul-preludiu\/wp-json\/wp\/v2\/posts\/733"}],"collection":[{"href":"https:\/\/tinerimearomana.ro\/corul-preludiu\/wp-json\/wp\/v2\/posts"}],"about":[{"href":"https:\/\/tinerimearomana.ro\/corul-preludiu\/wp-json\/wp\/v2\/types\/post"}],"author":[{"embeddable":true,"href":"https:\/\/tinerimearomana.ro\/corul-preludiu\/wp-json\/wp\/v2\/users\/1"}],"replies":[{"embeddable":true,"href":"https:\/\/tinerimearomana.ro\/corul-preludiu\/wp-json\/wp\/v2\/comments?post=733"}],"version-history":[{"count":5,"href":"https:\/\/tinerimearomana.ro\/corul-preludiu\/wp-json\/wp\/v2\/posts\/733\/revisions"}],"predecessor-version":[{"id":740,"href":"https:\/\/tinerimearomana.ro\/corul-preludiu\/wp-json\/wp\/v2\/posts\/733\/revisions\/740"}],"wp:featuredmedia":[{"embeddable":true,"href":"https:\/\/tinerimearomana.ro\/corul-preludiu\/wp-json\/wp\/v2\/media\/739"}],"wp:attachment":[{"href":"https:\/\/tinerimearomana.ro\/corul-preludiu\/wp-json\/wp\/v2\/media?parent=733"}],"wp:term":[{"taxonomy":"category","embeddable":true,"href":"https:\/\/tinerimearomana.ro\/corul-preludiu\/wp-json\/wp\/v2\/categories?post=733"},{"taxonomy":"post_tag","embeddable":true,"href":"https:\/\/tinerimearomana.ro\/corul-preludiu\/wp-json\/wp\/v2\/tags?post=733"}],"curies":[{"name":"wp","href":"https:\/\/api.w.org\/{rel}","templated":true}]}}