{"id":724,"date":"2023-12-10T18:12:58","date_gmt":"2023-12-10T18:12:58","guid":{"rendered":"https:\/\/tinerimearomana.ro\/corul-preludiu\/?p=724"},"modified":"2024-05-10T18:10:03","modified_gmt":"2024-05-10T18:10:03","slug":"colinde-in-sonoritati-de-jazz-cu-corul-de-camera-preludiu-voicu-enachescu","status":"publish","type":"post","link":"https:\/\/tinerimearomana.ro\/corul-preludiu\/colinde-in-sonoritati-de-jazz-cu-corul-de-camera-preludiu-voicu-enachescu\/","title":{"rendered":"COLINDE IN SONORIT\u0102\u021aI DE JAZZ CU CORUL DE CAMERA &#8220;PRELUDIU &#8211; VOICU EN\u0102CHESCU&#8221;"},"content":{"rendered":"<p><strong><em><b>Preludiu Christmas Jazz<\/b><\/em><\/strong><strong><b>\u00a0<\/b><\/strong>este genericul sub care <strong><b>Palatul \u00a0\u201eTinerimea Rom\u00e2n\u0103\u201d<\/b><\/strong>\u00a0g\u0103zduie\u015fte concertul de Cr\u0103ciun al <strong><b>Corului de Camer\u0103 ,,Preludiu-Voicu En\u0103chescu\u201d<\/b><\/strong>, dirijat de <strong><b>Andrei St\u0103nculescu, <\/b><\/strong>pe<strong>\u00a018 \u015fi 19 decembrie<\/strong>, de la<strong>\u00a0ora 19<\/strong><strong><b>. <\/b><\/strong>Pe scen\u0103 vor urca \u015fi muzicienii<strong><b>\u00a0Albert Tajti &#8211; \u00a0pian, Alexandru Arcu\u015f \u2013 saxofon, R\u0103zvan Cojanu \u2013 contrabas, Iulian Nicolau \u2013 percu\u021bie, <\/b><\/strong>pentru a completa sound-ul plin de culoare specific muzicii de sezon, \u00eentr-un concert educativ pentru elevi \u015fi studen\u0163i.<\/p>\n<p>Mereu \u00een c\u0103utare de noi abord\u0103ri stilistice, <em>Preludiu<\/em>\u00a0vine de aceast\u0103 dat\u0103 cu o propunere surprinz\u0103toare, menit\u0103 s\u0103 anime peisajul sonor specific s\u0103rb\u0103torilor de iarn\u0103. Posesori ai unei tehnici des\u0103v\u00e2r\u0219ite, adev\u0103ra\u021bi virtuozi ai genului cameral, membrii <em>Preludiului<\/em>\u00a0condu\u0219i de Andrei St\u0103nculescu \u00ee\u0219i propun s\u0103 atrag\u0103 \u0219i s\u0103 educe publicul t\u00e2n\u0103r \u00een spiritul unei libert\u0103\u021bi \u0219i bucurii totale, pe care doar sonorit\u0103\u021bile jazz-istice le pot oferi, acum \u00een prag de s\u0103rb\u0103toare.<\/p>\n<p>A\u0219adar o \u00eent\u00e2lnire incitant\u0103 \u0219i unic\u0103 \u00eentre cele mai \u00eendr\u0103gite colinde, cele mai str\u0103lucite performan\u021be vocale \u0219i adev\u0103ra\u021bi mae\u0219tri de clas\u0103 interna\u021bional\u0103 ai improviza\u021biei, v\u00e2rfuri ale scenei de jazz din Rom\u00e2nia sunt elementele de atrac\u0163ie ale celor dou\u0103 concerte <strong><em><b>Preludiu Christmas Jazz<\/b><\/em><\/strong><strong><b>\u00a0<\/b><\/strong>la<strong><b>\u00a0<\/b><\/strong>care este invitat publicul \u00een elegantul cadru al Palatului Tinerimea Rom\u00e2n\u0103.<\/p>\n<p>Accesul publicului se face pe baza rezerv\u0103rii, \u00een limita locurilor disponibile.<\/p>\n<p>Rezerv\u0103ri la telefon 021. 315.81.65<\/p>\n<p>Organizator: C.N.A.T.R.<\/p>\n<p>Parteneri media \u015fi culturali: Radio Rom\u00e2nia Cultural, Radio Rom\u00e2nia Muzical, mediaTRUST, Rom\u00e2niaTV, Liternet, Agen\u021bia de Carte<\/p>\n<p><img fetchpriority=\"high\" decoding=\"async\" class=\"aligncenter size-full wp-image-727\" src=\"https:\/\/tinerimearomana.ro\/corul-preludiu\/wp-content\/uploads\/sites\/9\/2023\/12\/preludiu-craciun2023-18.jpg\" alt=\"\" width=\"900\" height=\"1274\" srcset=\"https:\/\/tinerimearomana.ro\/corul-preludiu\/wp-content\/uploads\/sites\/9\/2023\/12\/preludiu-craciun2023-18.jpg 900w, https:\/\/tinerimearomana.ro\/corul-preludiu\/wp-content\/uploads\/sites\/9\/2023\/12\/preludiu-craciun2023-18-212x300.jpg 212w, https:\/\/tinerimearomana.ro\/corul-preludiu\/wp-content\/uploads\/sites\/9\/2023\/12\/preludiu-craciun2023-18-723x1024.jpg 723w, https:\/\/tinerimearomana.ro\/corul-preludiu\/wp-content\/uploads\/sites\/9\/2023\/12\/preludiu-craciun2023-18-768x1087.jpg 768w\" sizes=\"(max-width: 900px) 100vw, 900px\" \/><\/p>\n<p><strong><b>\u00a0<\/b><\/strong><\/p>\n","protected":false},"excerpt":{"rendered":"<p>Preludiu Christmas Jazz\u00a0este genericul sub care Palatul \u00a0\u201eTinerimea Rom\u00e2n\u0103\u201d\u00a0g\u0103zduie\u015fte concertul de Cr\u0103ciun al Corului de Camer\u0103 ,,Preludiu-Voicu En\u0103chescu\u201d, dirijat de Andrei St\u0103nculescu, pe\u00a018 \u015fi 19 decembrie, de la\u00a0ora 19. Pe scen\u0103 vor urca \u015fi muzicienii\u00a0Albert Tajti &#8211; \u00a0pian, Alexandru Arcu\u015f \u2013 saxofon, R\u0103zvan Cojanu \u2013 contrabas, Iulian Nicolau \u2013 percu\u021bie, pentru a completa sound-ul plin&#8230;<\/p>\n","protected":false},"author":1,"featured_media":727,"comment_status":"closed","ping_status":"open","sticky":false,"template":"","format":"standard","meta":{"_kadence_starter_templates_imported_post":false,"_kad_post_transparent":"default","_kad_post_title":"default","_kad_post_layout":"default","_kad_post_sidebar_id":"","_kad_post_content_style":"default","_kad_post_vertical_padding":"default","_kad_post_feature":"","_kad_post_feature_position":"","_kad_post_header":false,"_kad_post_footer":false,"_kad_post_classname":"","footnotes":""},"categories":[2],"tags":[],"class_list":["post-724","post","type-post","status-publish","format-standard","has-post-thumbnail","hentry","category-concerte"],"_links":{"self":[{"href":"https:\/\/tinerimearomana.ro\/corul-preludiu\/wp-json\/wp\/v2\/posts\/724"}],"collection":[{"href":"https:\/\/tinerimearomana.ro\/corul-preludiu\/wp-json\/wp\/v2\/posts"}],"about":[{"href":"https:\/\/tinerimearomana.ro\/corul-preludiu\/wp-json\/wp\/v2\/types\/post"}],"author":[{"embeddable":true,"href":"https:\/\/tinerimearomana.ro\/corul-preludiu\/wp-json\/wp\/v2\/users\/1"}],"replies":[{"embeddable":true,"href":"https:\/\/tinerimearomana.ro\/corul-preludiu\/wp-json\/wp\/v2\/comments?post=724"}],"version-history":[{"count":3,"href":"https:\/\/tinerimearomana.ro\/corul-preludiu\/wp-json\/wp\/v2\/posts\/724\/revisions"}],"predecessor-version":[{"id":728,"href":"https:\/\/tinerimearomana.ro\/corul-preludiu\/wp-json\/wp\/v2\/posts\/724\/revisions\/728"}],"wp:featuredmedia":[{"embeddable":true,"href":"https:\/\/tinerimearomana.ro\/corul-preludiu\/wp-json\/wp\/v2\/media\/727"}],"wp:attachment":[{"href":"https:\/\/tinerimearomana.ro\/corul-preludiu\/wp-json\/wp\/v2\/media?parent=724"}],"wp:term":[{"taxonomy":"category","embeddable":true,"href":"https:\/\/tinerimearomana.ro\/corul-preludiu\/wp-json\/wp\/v2\/categories?post=724"},{"taxonomy":"post_tag","embeddable":true,"href":"https:\/\/tinerimearomana.ro\/corul-preludiu\/wp-json\/wp\/v2\/tags?post=724"}],"curies":[{"name":"wp","href":"https:\/\/api.w.org\/{rel}","templated":true}]}}