{"id":718,"date":"2023-11-06T15:11:52","date_gmt":"2023-11-06T15:11:52","guid":{"rendered":"https:\/\/tinerimearomana.ro\/corul-preludiu\/?p=718"},"modified":"2024-05-10T18:11:38","modified_gmt":"2024-05-10T18:11:38","slug":"concert-comemorativ-sustinul-de-corul-de-camera-preludiu-voicu-enachescu","status":"publish","type":"post","link":"https:\/\/tinerimearomana.ro\/corul-preludiu\/concert-comemorativ-sustinul-de-corul-de-camera-preludiu-voicu-enachescu\/","title":{"rendered":"CONCERT COMEMORATIV SUSTINUL DE CORUL DE CAMERA &#8220;PRELUDIU&#8221; &#8211; VOICU ENACHESCU"},"content":{"rendered":"<p><strong>Corul de Camer\u0103 \u201dPreludiu \u2013 Voicu En\u0103chescu\u201d<\/strong> \u0219i dirijorul <strong>Andrei St\u0103nculescu<\/strong> v\u0103 invit\u0103 pe <strong>19 noiembrie 2023<\/strong>, de la ora <strong>18.00<\/strong>, la <strong>Biserica \u201dSf\u00e2ntul Elefterie\u201d<\/strong>, la un concert comemorativ, <strong>Cu glasul t\u0103u\u2026<\/strong>, dedicat dirijorului-fondator al ansamblului, chiar \u00een ziua \u00een care se \u00eempline\u0219te un an de la dispari\u021bia maestrului.<\/p>\n<p>Concertul este realizat de Centrul Na\u021bional de Art\u0103 \u201dTinerimea Rom\u00e2n\u0103\u201d \u00een parteneriat cu Asocia\u0163ia Na\u0163ional\u0103 Coral\u0103 din Rom\u00e2nia \u0219i Biserica \u201dSf\u00e2ntul Elefterie\u201d.<\/p>\n<p>Iat\u0103 doar c\u00e2teva dintre distinc\u021biile pe care Voicu En\u0103chescu le-a primit de-a lungul timpului&#8230;<br \/>\n\u2022 \u00een urma particip\u0103rii la cea de-a XIII-a edi\u021bie a Festivalului Interna\u021bional \u201dGeorge Enescu\u201d, din 1995, Corul a primit din partea Uniunii Interpre\u021bilor, Coregrafilor \u0219i Criticilor Muzicali din Rom\u00e2nia &#8211; Premiul pentru excep\u021bionalul program prezentat.<br \/>\n\u2022 \u00een 2004, a fost decorat cu Ordinul \u201cMeritul Cultural \u00een Grad de Comandor\u201d pentru promovarea culturii.<br \/>\n\u2022 ambele particip\u0103ri ale corului Preludiu \u00een 2002 \u0219i \u00een 2012, la Festivalul Interna\u021bional de la Beijing &#8211; China, au adus o recunoa\u0219tere a valorii dirijorului prin acordarea Premiului pentru cel mai bun dirijor.<\/p>\n<p>\u00cen calitate de Director al Centrul Na\u021bional de Art\u0103 \u201dTinerimea Rom\u00e2n\u0103\u201d \u0219i Pre\u0219edinte al Asocia\u021biei Na\u021bionale Corale din Rom\u00e2nia, maestrul Voicu En\u0103chescu a fost sufletul activit\u0103\u021bii corale pe care a stimulat-o \u00een permanen\u021b\u0103, \u00eencuraj\u00e2ndu-i pe tinerii dirijori, fiind un promotor al crea\u021biei corale rom\u00e2ne\u0219ti.<\/p>\n<p>\u00cencep\u00e2nd cu 26 februarie 2023, Corul de Camer\u0103 Preludiu poart\u0103 \u0219i numele dirijorului s\u0103u fondator \u201dVoicu En\u0103chescu\u201d, cel care a l\u0103sat \u00een urma sa un aparat coral profesionalizat, capabil s\u0103 abordeze lucr\u0103ri dintre cele mai dificile. \u00cen turneul aniversar de anul trecut, organizat cu ocazia s\u0103rb\u0103toririi a 50 de ani de la \u00eenfiin\u021bare, Corul \u201dPreludiu \u2013 Voicu En\u0103chescu\u201d \u0219i noul dirijor al forma\u021biei, Andrei St\u0103nculescu, au demonstrat c\u0103 vor duce mai departe cu cinste opera maestrului lor.<\/p>\n<p><img fetchpriority=\"high\" decoding=\"async\" class=\"aligncenter size-full wp-image-719\" src=\"https:\/\/tinerimearomana.ro\/corul-preludiu\/wp-content\/uploads\/sites\/9\/2023\/11\/19.11.2023_Preludiu_Sf.-Elefterie_v2.jpg\" alt=\"\" width=\"900\" height=\"1229\" srcset=\"https:\/\/tinerimearomana.ro\/corul-preludiu\/wp-content\/uploads\/sites\/9\/2023\/11\/19.11.2023_Preludiu_Sf.-Elefterie_v2.jpg 900w, https:\/\/tinerimearomana.ro\/corul-preludiu\/wp-content\/uploads\/sites\/9\/2023\/11\/19.11.2023_Preludiu_Sf.-Elefterie_v2-220x300.jpg 220w, https:\/\/tinerimearomana.ro\/corul-preludiu\/wp-content\/uploads\/sites\/9\/2023\/11\/19.11.2023_Preludiu_Sf.-Elefterie_v2-750x1024.jpg 750w, https:\/\/tinerimearomana.ro\/corul-preludiu\/wp-content\/uploads\/sites\/9\/2023\/11\/19.11.2023_Preludiu_Sf.-Elefterie_v2-768x1049.jpg 768w\" sizes=\"(max-width: 900px) 100vw, 900px\" \/><\/p>\n","protected":false},"excerpt":{"rendered":"<p>Corul de Camer\u0103 \u201dPreludiu \u2013 Voicu En\u0103chescu\u201d \u0219i dirijorul Andrei St\u0103nculescu v\u0103 invit\u0103 pe 19 noiembrie 2023, de la ora 18.00, la Biserica \u201dSf\u00e2ntul Elefterie\u201d, la un concert comemorativ, Cu glasul t\u0103u\u2026, dedicat dirijorului-fondator al ansamblului, chiar \u00een ziua \u00een care se \u00eempline\u0219te un an de la dispari\u021bia maestrului. Concertul este realizat de Centrul Na\u021bional&#8230;<\/p>\n","protected":false},"author":1,"featured_media":719,"comment_status":"closed","ping_status":"open","sticky":false,"template":"","format":"standard","meta":{"_kadence_starter_templates_imported_post":false,"_kad_post_transparent":"default","_kad_post_title":"default","_kad_post_layout":"default","_kad_post_sidebar_id":"","_kad_post_content_style":"default","_kad_post_vertical_padding":"default","_kad_post_feature":"","_kad_post_feature_position":"","_kad_post_header":false,"_kad_post_footer":false,"_kad_post_classname":"","footnotes":""},"categories":[2],"tags":[],"class_list":["post-718","post","type-post","status-publish","format-standard","has-post-thumbnail","hentry","category-concerte"],"_links":{"self":[{"href":"https:\/\/tinerimearomana.ro\/corul-preludiu\/wp-json\/wp\/v2\/posts\/718"}],"collection":[{"href":"https:\/\/tinerimearomana.ro\/corul-preludiu\/wp-json\/wp\/v2\/posts"}],"about":[{"href":"https:\/\/tinerimearomana.ro\/corul-preludiu\/wp-json\/wp\/v2\/types\/post"}],"author":[{"embeddable":true,"href":"https:\/\/tinerimearomana.ro\/corul-preludiu\/wp-json\/wp\/v2\/users\/1"}],"replies":[{"embeddable":true,"href":"https:\/\/tinerimearomana.ro\/corul-preludiu\/wp-json\/wp\/v2\/comments?post=718"}],"version-history":[{"count":3,"href":"https:\/\/tinerimearomana.ro\/corul-preludiu\/wp-json\/wp\/v2\/posts\/718\/revisions"}],"predecessor-version":[{"id":722,"href":"https:\/\/tinerimearomana.ro\/corul-preludiu\/wp-json\/wp\/v2\/posts\/718\/revisions\/722"}],"wp:featuredmedia":[{"embeddable":true,"href":"https:\/\/tinerimearomana.ro\/corul-preludiu\/wp-json\/wp\/v2\/media\/719"}],"wp:attachment":[{"href":"https:\/\/tinerimearomana.ro\/corul-preludiu\/wp-json\/wp\/v2\/media?parent=718"}],"wp:term":[{"taxonomy":"category","embeddable":true,"href":"https:\/\/tinerimearomana.ro\/corul-preludiu\/wp-json\/wp\/v2\/categories?post=718"},{"taxonomy":"post_tag","embeddable":true,"href":"https:\/\/tinerimearomana.ro\/corul-preludiu\/wp-json\/wp\/v2\/tags?post=718"}],"curies":[{"name":"wp","href":"https:\/\/api.w.org\/{rel}","templated":true}]}}