{"id":713,"date":"2023-11-03T16:21:16","date_gmt":"2023-11-03T16:21:16","guid":{"rendered":"https:\/\/tinerimearomana.ro\/corul-preludiu\/?p=713"},"modified":"2024-05-10T18:12:03","modified_gmt":"2024-05-10T18:12:03","slug":"corul-de-camera-preludiu-voicu-enachescu-o-prezenta-plina-de-culoare-la-festivalul-internationalmeridian-2023","status":"publish","type":"post","link":"https:\/\/tinerimearomana.ro\/corul-preludiu\/corul-de-camera-preludiu-voicu-enachescu-o-prezenta-plina-de-culoare-la-festivalul-internationalmeridian-2023\/","title":{"rendered":"CORUL DE CAMERA &#8216;PRELUDIU &#8211; VOICU ENACHESCU, O PREZENTA PLINA DE CULOARE LA FESTIVALUL INTERNATIONAL&#8221;MERIDIAN&#8221;  &#8211; 2023"},"content":{"rendered":"<div dir=\"auto\"><strong>Joi 09 noiembrie 2023<\/strong> de la ora <strong>17.00<\/strong> la <strong>sala Dalles<\/strong> din <strong>Bucure\u0219ti<\/strong>, <strong>Corul de Camer\u0103 Preludiu<\/strong> &#8211; <strong>Voicu En\u0103chescu<\/strong> dirijat de Andrei St\u0103nculescu, v\u0103 propune o nou\u0103 \u00eent\u00e2lnire cu for\u021ba unic\u0103 de seduc\u021bie a vocii umane, o nou\u0103 pledoarie plin\u00e2 de creativitate pentru disponibilitatea de a primi emo\u021biile \u0219i culorile sonore pe care doar un concert &#8220;A capella&#8221; de \u00eenalt\u0103 \u021binut\u0103 artistic\u0103 le poate oferi.<\/div>\n<div dir=\"auto\"><\/div>\n<div dir=\"auto\">Un program al extremelor, de la una dintre primele crea\u021bii ale Evului Mediu, la &#8220;eclectismul tehnologic&#8221; al crea\u021biei contemporane, \u00eentr-un eveniment desf\u0103\u0219urat \u00een cadrul Festivalului Interna\u021bional &#8220;Meridian&#8221; &#8211; 2023.<\/div>\n<div dir=\"auto\"><\/div>\n<div dir=\"auto\"><img fetchpriority=\"high\" decoding=\"async\" class=\"aligncenter size-full wp-image-715\" src=\"https:\/\/tinerimearomana.ro\/corul-preludiu\/wp-content\/uploads\/sites\/9\/2023\/11\/corul-preludiu-dalles.jpg\" alt=\"\" width=\"960\" height=\"1357\" srcset=\"https:\/\/tinerimearomana.ro\/corul-preludiu\/wp-content\/uploads\/sites\/9\/2023\/11\/corul-preludiu-dalles.jpg 960w, https:\/\/tinerimearomana.ro\/corul-preludiu\/wp-content\/uploads\/sites\/9\/2023\/11\/corul-preludiu-dalles-212x300.jpg 212w, https:\/\/tinerimearomana.ro\/corul-preludiu\/wp-content\/uploads\/sites\/9\/2023\/11\/corul-preludiu-dalles-724x1024.jpg 724w, https:\/\/tinerimearomana.ro\/corul-preludiu\/wp-content\/uploads\/sites\/9\/2023\/11\/corul-preludiu-dalles-768x1086.jpg 768w\" sizes=\"(max-width: 960px) 100vw, 960px\" \/><\/div>\n","protected":false},"excerpt":{"rendered":"<p>Joi 09 noiembrie 2023 de la ora 17.00 la sala Dalles din Bucure\u0219ti, Corul de Camer\u0103 Preludiu &#8211; Voicu En\u0103chescu dirijat de Andrei St\u0103nculescu, v\u0103 propune o nou\u0103 \u00eent\u00e2lnire cu for\u021ba unic\u0103 de seduc\u021bie a vocii umane, o nou\u0103 pledoarie plin\u00e2 de creativitate pentru disponibilitatea de a primi emo\u021biile \u0219i culorile sonore pe care doar&#8230;<\/p>\n","protected":false},"author":1,"featured_media":715,"comment_status":"closed","ping_status":"open","sticky":false,"template":"","format":"standard","meta":{"_kadence_starter_templates_imported_post":false,"_kad_post_transparent":"default","_kad_post_title":"default","_kad_post_layout":"default","_kad_post_sidebar_id":"","_kad_post_content_style":"default","_kad_post_vertical_padding":"default","_kad_post_feature":"","_kad_post_feature_position":"","_kad_post_header":false,"_kad_post_footer":false,"_kad_post_classname":"","footnotes":""},"categories":[2],"tags":[],"class_list":["post-713","post","type-post","status-publish","format-standard","has-post-thumbnail","hentry","category-concerte"],"_links":{"self":[{"href":"https:\/\/tinerimearomana.ro\/corul-preludiu\/wp-json\/wp\/v2\/posts\/713"}],"collection":[{"href":"https:\/\/tinerimearomana.ro\/corul-preludiu\/wp-json\/wp\/v2\/posts"}],"about":[{"href":"https:\/\/tinerimearomana.ro\/corul-preludiu\/wp-json\/wp\/v2\/types\/post"}],"author":[{"embeddable":true,"href":"https:\/\/tinerimearomana.ro\/corul-preludiu\/wp-json\/wp\/v2\/users\/1"}],"replies":[{"embeddable":true,"href":"https:\/\/tinerimearomana.ro\/corul-preludiu\/wp-json\/wp\/v2\/comments?post=713"}],"version-history":[{"count":3,"href":"https:\/\/tinerimearomana.ro\/corul-preludiu\/wp-json\/wp\/v2\/posts\/713\/revisions"}],"predecessor-version":[{"id":717,"href":"https:\/\/tinerimearomana.ro\/corul-preludiu\/wp-json\/wp\/v2\/posts\/713\/revisions\/717"}],"wp:featuredmedia":[{"embeddable":true,"href":"https:\/\/tinerimearomana.ro\/corul-preludiu\/wp-json\/wp\/v2\/media\/715"}],"wp:attachment":[{"href":"https:\/\/tinerimearomana.ro\/corul-preludiu\/wp-json\/wp\/v2\/media?parent=713"}],"wp:term":[{"taxonomy":"category","embeddable":true,"href":"https:\/\/tinerimearomana.ro\/corul-preludiu\/wp-json\/wp\/v2\/categories?post=713"},{"taxonomy":"post_tag","embeddable":true,"href":"https:\/\/tinerimearomana.ro\/corul-preludiu\/wp-json\/wp\/v2\/tags?post=713"}],"curies":[{"name":"wp","href":"https:\/\/api.w.org\/{rel}","templated":true}]}}