{"id":709,"date":"2023-06-03T04:53:24","date_gmt":"2023-06-03T04:53:24","guid":{"rendered":"https:\/\/tinerimearomana.ro\/corul-preludiu\/?p=709"},"modified":"2023-06-03T04:53:52","modified_gmt":"2023-06-03T04:53:52","slug":"hai-sa-ne-ntalnim-sambata-seara-un-spectacol-extraordinar-marca-preludiu","status":"publish","type":"post","link":"https:\/\/tinerimearomana.ro\/corul-preludiu\/hai-sa-ne-ntalnim-sambata-seara-un-spectacol-extraordinar-marca-preludiu\/","title":{"rendered":"&#8220;HAI SA NE-NTALNIM SAMBATA SEARA&#8221; &#8211; UN SPECTACOL EXTRAORDINAR MARCA &#8220;PRELUDIU&#8221;"},"content":{"rendered":"<p><strong>S\u00e2mb\u0103t\u0103, 24 iunie, <\/strong><strong><b>Palatul \u00a0\u201eTinerimea Rom\u00e2n\u0103\u201d<\/b><\/strong>\u00a0g\u0103zduie\u015fte evenimentul <strong><b>\u201cHai s\u0103 ne-nt\u00e2lnim s\u00e2mb\u0103t\u0103 sear\u0103\u201c<\/b><\/strong>, compus din <strong><b>Expozi\u021b<\/b><\/strong><strong><b>ia <\/b><\/strong><strong><b>\u201ePreludiu interbelic\u201d<\/b><\/strong>\u00a0\u2013 sala Foaier, ora 18.30 \u015fi <strong><b>concertul Corului de Camer\u0103 ,,Preludiu-Voicu En\u0103chescu\u201d,<\/b><\/strong>\u00a0dirijat de <strong><b>Andrei St\u0103nculescu<\/b><\/strong>\u00a0de la ora 19, \u00een program lucr\u0103ri \u00een aranjamentul lui Ioan Dobrinescu. Vor dansa Elena Duicu \u0219i Robert Andrei Vl\u0103descu, iar evenimentu \u00een ansamblu este regizat de <strong>Mihai Lungeanu. <\/strong>Concertul \u00ee\u0219i propune continuarea proiectului de anul trecut, aduc\u00e2nd ca element de noutate translatarea conceptului de spectacol itinerant din domeniul teatral \u00een cel muzical.<\/p>\n<p><strong><em><b><i>\u201eHai s\u0103 ne-nt\u00e2lnim s\u00e2mb\u0103t\u0103 sear\u0103 &#8211; Preludiu Interbelic\u201d<\/i><\/b><\/em><\/strong>\u00a0la Palatul Tinerimea Rom\u00e2n\u0103, propune o experien\u021b\u0103 imersiv\u0103, o parte din foaierele dar \u0219i sala de spectacole ale acestei cl\u0103diri istorice &#8211; construit\u0103 exact \u00een perioada interbelic\u0103, \u00eentre 1924 \u0219i 1927 &#8211; devenind prilej de expozi\u021bie vizual\u0103 \u0219i sonor\u0103. Regia \u0219i scenografia acestul concert-expozi\u021bie \u00eei apar\u0163in lui Mihai Lungeanu, regizorul a peste 70 de spectacole la Teatrul Na\u021bional Radiofonic. A fost regizor la Teatrul Nottara, profesor asociat la UNATC \u2013 Bucure\u015fti\u0219i profesor asociat al U.A.T.- T\u00e2rgu-Mure\u015f, dar este \u0219i fiul \u00a0cunoscutului interpret \u0219i actor al perioadei interbelice, Constantin Lungeanu.<\/p>\n<p><em>,,Fiecare \u00eenc\u0103pere va avea un anumit specific muzical \u0219i expozi\u021bional inedit. Ne-am g\u00e2ndit \u00a0ca foaierul Palatului Tinerimea Rom\u00e2n\u0103 s\u0103 g\u0103zduiasc\u0103 o expozi\u021bie a partenerilor no\u0219tri Muzeului Na\u021bional Tehnic, muzeu ce \u00eengrije\u0219te \u0219i pune la dispozi\u021bia publicului vizitator diverse ma\u0219in\u0103rii, biciclete, obiecte \u0219i machete din epoca respectiv\u0103. De asemenea, foaierul mare va g\u0103zdui \u0219i o fono-expoz\u021bie cu viniluri \u0219i partituri din epoc\u0103. Cea de-a doua \u00eenc\u0103<\/em><em>pere este g<\/em><em>\u00e2<\/em><em>ndit<\/em><em>\u0103 asemenea unui foto-cabinet \u0219i reprezint\u0103 un modul muzeal, parte a Muzeului ,,Micul Paris\u201d, al\u0103turi de care oamenii se pot fotografia imers\u00e2ndu-se astfel \u00ee<\/em><em>n atmosfera interbelic<\/em><em>\u0103 \u00eenaintea concertului efectiv. Cea de-a treia \u00eenc\u0103<\/em><em>pere este <\/em><em>\u00een mod evident, sala mare de concerte a Palatului, locul unde se va desf\u0103\u0219ura un concert spectacol, ce va ilustra muzical \u0219i vizual muzica de tango, foxtrot \u0219i muzic\u0103 <\/em><em>de inspira<\/em><em>\u021b<\/em><em>ie folcloric<\/em><em>\u0103 din perioada interbelic\u0103 \u00een aranjamentele maestrului Ioan Dobrinescu, cu titluri precum: Ionel, Ionelule, Co\u0219arul, Sanie cu zurg\u0103l\u0103i, Pentru tine am f\u0103cut nebunii, Trurli, etc. Iar fiindc\u0103 muzica \u0219i dansul erau de nedesp\u0103r\u021bit \u00een perioada respectiv\u0103, perechea de dansatori coordonat\u0103 de coregrafa Elena Duicu va impersona cum nu se poate mai bine patima \u0219i tr\u0103irile perioadei interbelice. Amfitrionul \u0219i cel ce semneaz\u0103 viziunea regizoral\u0103 \u0219<\/em><em>i scenografic<\/em><em>\u0103 a acestui spectacol este maestrul Mihai Lungeanu, un regizor ce nu are nevoie de prezent\u0103ri dar despre care nu mul\u021bi \u0219tiu c\u0103 este fiul celui care a lansat celebra melodie <\/em><strong><em><b><i>,,Vrei s\u0103 ne-nt\u00e2lnim s\u00e2mb\u0103t\u0103 sear\u0103\u201d<\/i><\/b><\/em><\/strong><em>, actorul de musical, teatru \u0219i film Constantin Lungeanu.\u201d<\/em>, declar\u0103 \u00a0Andrei St\u0103nculescu<\/p>\n<p>Bilete la Casa de bilete a Palatului TINERIMEA ROM\u00c2N\u0102 de luni p\u00e2n\u0103 vineri \u00eentre orele 12-14.<\/p>\n<p>Rezerv\u0103ri la telefon 021 3158165<\/p>\n<p><strong><em>\u00a0<\/em><\/strong>Organizator: C.N.A.T.R.<br \/>\nParteneri media \u015fi culturali: Radio Rom\u00e2nia Cultural, Radio Rom\u00e2nia Muzical, mediaTRUST, Rom\u00e2niaTV, Liternet, Agen\u021bia de cArte, Muzeul Na\u021bional Tehnic \u201eProf. ing. Dimitrie Leonida\u201d, Muzeul Micul Paris, BICITIME, Alexandru Afzali<\/p>\n<p><img fetchpriority=\"high\" decoding=\"async\" class=\"aligncenter size-full wp-image-710\" src=\"https:\/\/tinerimearomana.ro\/corul-preludiu\/wp-content\/uploads\/sites\/9\/2023\/06\/Interbelic-2023_web.jpg\" alt=\"\" width=\"900\" height=\"1274\" srcset=\"https:\/\/tinerimearomana.ro\/corul-preludiu\/wp-content\/uploads\/sites\/9\/2023\/06\/Interbelic-2023_web.jpg 900w, https:\/\/tinerimearomana.ro\/corul-preludiu\/wp-content\/uploads\/sites\/9\/2023\/06\/Interbelic-2023_web-212x300.jpg 212w, https:\/\/tinerimearomana.ro\/corul-preludiu\/wp-content\/uploads\/sites\/9\/2023\/06\/Interbelic-2023_web-723x1024.jpg 723w, https:\/\/tinerimearomana.ro\/corul-preludiu\/wp-content\/uploads\/sites\/9\/2023\/06\/Interbelic-2023_web-768x1087.jpg 768w\" sizes=\"(max-width: 900px) 100vw, 900px\" \/><\/p>\n","protected":false},"excerpt":{"rendered":"<p>S\u00e2mb\u0103t\u0103, 24 iunie, Palatul \u00a0\u201eTinerimea Rom\u00e2n\u0103\u201d\u00a0g\u0103zduie\u015fte evenimentul \u201cHai s\u0103 ne-nt\u00e2lnim s\u00e2mb\u0103t\u0103 sear\u0103\u201c, compus din Expozi\u021bia \u201ePreludiu interbelic\u201d\u00a0\u2013 sala Foaier, ora 18.30 \u015fi concertul Corului de Camer\u0103 ,,Preludiu-Voicu En\u0103chescu\u201d,\u00a0dirijat de Andrei St\u0103nculescu\u00a0de la ora 19, \u00een program lucr\u0103ri \u00een aranjamentul lui Ioan Dobrinescu. Vor dansa Elena Duicu \u0219i Robert Andrei Vl\u0103descu, iar evenimentu \u00een ansamblu este&#8230;<\/p>\n","protected":false},"author":1,"featured_media":710,"comment_status":"closed","ping_status":"open","sticky":false,"template":"","format":"standard","meta":{"_kadence_starter_templates_imported_post":false,"_kad_post_transparent":"default","_kad_post_title":"default","_kad_post_layout":"default","_kad_post_sidebar_id":"","_kad_post_content_style":"default","_kad_post_vertical_padding":"default","_kad_post_feature":"","_kad_post_feature_position":"","_kad_post_header":false,"_kad_post_footer":false,"_kad_post_classname":"","footnotes":""},"categories":[2],"tags":[],"class_list":["post-709","post","type-post","status-publish","format-standard","has-post-thumbnail","hentry","category-concerte"],"_links":{"self":[{"href":"https:\/\/tinerimearomana.ro\/corul-preludiu\/wp-json\/wp\/v2\/posts\/709"}],"collection":[{"href":"https:\/\/tinerimearomana.ro\/corul-preludiu\/wp-json\/wp\/v2\/posts"}],"about":[{"href":"https:\/\/tinerimearomana.ro\/corul-preludiu\/wp-json\/wp\/v2\/types\/post"}],"author":[{"embeddable":true,"href":"https:\/\/tinerimearomana.ro\/corul-preludiu\/wp-json\/wp\/v2\/users\/1"}],"replies":[{"embeddable":true,"href":"https:\/\/tinerimearomana.ro\/corul-preludiu\/wp-json\/wp\/v2\/comments?post=709"}],"version-history":[{"count":1,"href":"https:\/\/tinerimearomana.ro\/corul-preludiu\/wp-json\/wp\/v2\/posts\/709\/revisions"}],"predecessor-version":[{"id":711,"href":"https:\/\/tinerimearomana.ro\/corul-preludiu\/wp-json\/wp\/v2\/posts\/709\/revisions\/711"}],"wp:featuredmedia":[{"embeddable":true,"href":"https:\/\/tinerimearomana.ro\/corul-preludiu\/wp-json\/wp\/v2\/media\/710"}],"wp:attachment":[{"href":"https:\/\/tinerimearomana.ro\/corul-preludiu\/wp-json\/wp\/v2\/media?parent=709"}],"wp:term":[{"taxonomy":"category","embeddable":true,"href":"https:\/\/tinerimearomana.ro\/corul-preludiu\/wp-json\/wp\/v2\/categories?post=709"},{"taxonomy":"post_tag","embeddable":true,"href":"https:\/\/tinerimearomana.ro\/corul-preludiu\/wp-json\/wp\/v2\/tags?post=709"}],"curies":[{"name":"wp","href":"https:\/\/api.w.org\/{rel}","templated":true}]}}