{"id":682,"date":"2023-02-28T13:53:09","date_gmt":"2023-02-28T13:53:09","guid":{"rendered":"https:\/\/tinerimearomana.ro\/corul-preludiu\/?p=682"},"modified":"2023-03-08T16:00:27","modified_gmt":"2023-03-08T16:00:27","slug":"concert-extraordinar-preludiu-josquin-des-pres","status":"publish","type":"post","link":"https:\/\/tinerimearomana.ro\/corul-preludiu\/concert-extraordinar-preludiu-josquin-des-pres\/","title":{"rendered":"CONCERT EXTRAORDINAR PRELUDIU  &#8211; Josquin des Pr\u00e9s"},"content":{"rendered":"<p><strong>Concert \u201c<\/strong><strong><em>Milles regretz\u201d cu <\/em><\/strong><strong><b>Corul de camer\u0103 Preludiu \u2013 Voicu En\u0103chescu <\/b><\/strong><br \/>\n<strong><b>la Catedrala Sf. Iosif, pe 13 martie<\/b><\/strong><\/p>\n<p><strong><b>Luni, 13 martie<\/b><\/strong><strong><b>, de la ora 20:00<\/b><\/strong>, la <strong>Catedrala Sf. Iosif<\/strong>\u00a0va avea loc un concert al corului de camer\u0103 Preludiu \u2013 Voicu En\u0103chescu, dirijat de <strong><b>Andrei St\u0103nculescu<\/b><\/strong>.<\/p>\n<p>Onor\u00e2ndu-\u0219i statutul de forma\u021bie cameral\u0103 de elit\u0103, <em><i>Preludiu<\/i><\/em>\u00a0va ini\u021bia o c\u0103l\u0103torie \u00een lumea Rena\u0219terii, reu\u0219ind performan\u021ba reconstituirii unui stil \u0219i a unui anumit tip de atmosfer\u0103 specifice epocii, care descrie sentimente \u0219i emo\u021bii pe care le reg\u0103sim neschimbate \u0219i \u00een universul emo\u021bional al omului contemporan.<\/p>\n<p>Publicul va avea \u0219ansa rar\u0103 nu doar de a veni \u00een contact cu pagini de o des\u0103v\u00e2r\u0219it\u0103 calitate componistic\u0103 din crea\u021bia lui Josquin des Pr\u00e9s, ci \u0219i cu un mod special de a spune o poveste, dup\u0103 cum dirijorul Andrei St\u0103nculescu declara: <em>\u201cConcertul Milles regretz este un concept unic \u00een Rom\u00e2nia, g\u00e2ndit ca un concert lec\u021bie ce introduce publicul iubitor de muzic\u0103 <\/em><em>coral<\/em><em>\u0103 \u00een lumea <\/em><em><i>historically informed performance<\/i><\/em><em>\u00a0\u0219i \u00eendeob\u0219te, \u00een universul muzicii Rena\u0219terii. Concertul \u00ee<\/em><em>l evoc<\/em><em>\u0103 pe cel mai mare compozitor franco-flamand al Europei renascentiste, Josquin des Pr<\/em><em>\u00e9<\/em><em>s, iar firul conduc\u0103tor al concertului este Regretul. Regretul pe care \u00eel simte discipolul \u00een momentul mor\u021bii maestrului, regretul pe care \u00ee<\/em><em>l ai c<\/em><em>\u00e2nd iube\u0219<\/em><em>ti <\/em><em>\u0219i nu \u00ee\u021bi sunt \u00eemp\u0103rt\u0103\u0219ite sentimente, regretul p\u0103catului originar \u0219i dorul de gr\u0103dina Edenului, regretul r\u0103zboiului etc<\/em>.\u201d<\/p>\n<p>Invita\u021bi de onoare ai acestui proiect vor fi Diego Fratelli profesor la <em><i>Conservatorio della Svizzera<\/i><\/em><em><i>\u00a0<\/i><\/em><em><i>italiana<\/i><\/em>, unul dintre foarte pu\u021binii speciali\u0219ti \u00een muzica marelui Josquin \u0219i Mara Chiri\u021bescu fondatoarea editurii <em><i>Pavesiana.<\/i><\/em><\/p>\n<p>Concertul va surprinde prin aranjamente vocal instrumentale inedite, pe care soli\u0219tii invita\u021bi Victoria Ghirvu (sopran\u0103), Cristina Fieraru (sopran\u0103), Alina Bosovici (sopran\u0103), Daniel Ghirvu (tenor), Marius Nine (tenor), Andrei St\u0103nculescu (bariton), al\u0103turi de instrumenti\u0219tii Mihail Grigore (violoncel), Alexandru Stoica (oud), Costin Dumitra\u0219cu (l\u0103ut\u0103), Mihai Vaida (piccolo\/flaut), Alexandru Stroe (percu\u021bie), le vor citi dup\u0103 sistemul de nota\u021bii muzicale din timpul Rena\u0219terii, cu treceri timbrale de la <em><i>oud<\/i><\/em>-ul oriental la <em><i>l\u0103uta<\/i><\/em>\u00a0occidental\u0103, reconstituind eclectismul epocii.<\/p>\n<p>Organizator :\u00a0 <strong><b>Centrul Na\u021bional de Art\u0103 \u201eTinerimea Rom\u00e2n\u0103&#8221; <\/b><\/strong><br \/>\nParteneri :<strong><b>\u00a0<\/b><\/strong><strong>Arhiepiscopia Romano-Catolic\u0103 Bucure\u0219ti <\/strong>\u0219i<strong>\u00a0Editura <\/strong><strong><em><i>Pavesiana.<\/i><\/em><\/strong><br \/>\nParteneri media: <strong>Angelus TV<\/strong><strong><b>,<\/b><\/strong>\u00a0<strong><b>Radio Rom<\/b><\/strong><strong><b>\u00e2<\/b><\/strong><strong><b>nia Cultural <\/b><\/strong><strong><b>\u015f<\/b><\/strong><strong><b>i Radio Rom<\/b><\/strong><strong><b>\u00e2nia Muzical, Rom\u00e2<\/b><\/strong><strong><b>nia TV,<\/b><\/strong><strong><b>\u00a0Mediatrust,\u00a0<\/b><\/strong><strong><b>Observator Cultural, Liternet, Agen<\/b><\/strong><strong><b>\u0163<\/b><\/strong><strong><b>ia de carte.<\/b><\/strong><\/p>\n<p><img fetchpriority=\"high\" decoding=\"async\" class=\"aligncenter size-full wp-image-683\" src=\"https:\/\/tinerimearomana.ro\/corul-preludiu\/wp-content\/uploads\/sites\/9\/2023\/02\/corul-preludiu-sf-iosif.jpg\" alt=\"\" width=\"960\" height=\"640\" srcset=\"https:\/\/tinerimearomana.ro\/corul-preludiu\/wp-content\/uploads\/sites\/9\/2023\/02\/corul-preludiu-sf-iosif.jpg 960w, https:\/\/tinerimearomana.ro\/corul-preludiu\/wp-content\/uploads\/sites\/9\/2023\/02\/corul-preludiu-sf-iosif-300x200.jpg 300w, https:\/\/tinerimearomana.ro\/corul-preludiu\/wp-content\/uploads\/sites\/9\/2023\/02\/corul-preludiu-sf-iosif-768x512.jpg 768w\" sizes=\"(max-width: 960px) 100vw, 960px\" \/><\/p>\n<p><img decoding=\"async\" class=\"aligncenter size-full wp-image-706\" src=\"https:\/\/tinerimearomana.ro\/corul-preludiu\/wp-content\/uploads\/sites\/9\/2023\/02\/Concert-Preludiu-13martie_cu-Caru-cu-bere-1.jpg\" alt=\"\" width=\"600\" height=\"849\" srcset=\"https:\/\/tinerimearomana.ro\/corul-preludiu\/wp-content\/uploads\/sites\/9\/2023\/02\/Concert-Preludiu-13martie_cu-Caru-cu-bere-1.jpg 600w, https:\/\/tinerimearomana.ro\/corul-preludiu\/wp-content\/uploads\/sites\/9\/2023\/02\/Concert-Preludiu-13martie_cu-Caru-cu-bere-1-212x300.jpg 212w\" sizes=\"(max-width: 600px) 100vw, 600px\" \/><\/p>\n<p>&nbsp;<\/p>\n","protected":false},"excerpt":{"rendered":"<p>Concert \u201cMilles regretz\u201d cu Corul de camer\u0103 Preludiu \u2013 Voicu En\u0103chescu la Catedrala Sf. Iosif, pe 13 martie Luni, 13 martie, de la ora 20:00, la Catedrala Sf. Iosif\u00a0va avea loc un concert al corului de camer\u0103 Preludiu \u2013 Voicu En\u0103chescu, dirijat de Andrei St\u0103nculescu. Onor\u00e2ndu-\u0219i statutul de forma\u021bie cameral\u0103 de elit\u0103, Preludiu\u00a0va ini\u021bia o&#8230;<\/p>\n","protected":false},"author":1,"featured_media":683,"comment_status":"closed","ping_status":"open","sticky":false,"template":"","format":"standard","meta":{"_kadence_starter_templates_imported_post":false,"_kad_post_transparent":"default","_kad_post_title":"default","_kad_post_layout":"default","_kad_post_sidebar_id":"","_kad_post_content_style":"default","_kad_post_vertical_padding":"default","_kad_post_feature":"","_kad_post_feature_position":"","_kad_post_header":false,"_kad_post_footer":false,"_kad_post_classname":"","footnotes":""},"categories":[2],"tags":[],"class_list":["post-682","post","type-post","status-publish","format-standard","has-post-thumbnail","hentry","category-concerte"],"_links":{"self":[{"href":"https:\/\/tinerimearomana.ro\/corul-preludiu\/wp-json\/wp\/v2\/posts\/682"}],"collection":[{"href":"https:\/\/tinerimearomana.ro\/corul-preludiu\/wp-json\/wp\/v2\/posts"}],"about":[{"href":"https:\/\/tinerimearomana.ro\/corul-preludiu\/wp-json\/wp\/v2\/types\/post"}],"author":[{"embeddable":true,"href":"https:\/\/tinerimearomana.ro\/corul-preludiu\/wp-json\/wp\/v2\/users\/1"}],"replies":[{"embeddable":true,"href":"https:\/\/tinerimearomana.ro\/corul-preludiu\/wp-json\/wp\/v2\/comments?post=682"}],"version-history":[{"count":3,"href":"https:\/\/tinerimearomana.ro\/corul-preludiu\/wp-json\/wp\/v2\/posts\/682\/revisions"}],"predecessor-version":[{"id":707,"href":"https:\/\/tinerimearomana.ro\/corul-preludiu\/wp-json\/wp\/v2\/posts\/682\/revisions\/707"}],"wp:featuredmedia":[{"embeddable":true,"href":"https:\/\/tinerimearomana.ro\/corul-preludiu\/wp-json\/wp\/v2\/media\/683"}],"wp:attachment":[{"href":"https:\/\/tinerimearomana.ro\/corul-preludiu\/wp-json\/wp\/v2\/media?parent=682"}],"wp:term":[{"taxonomy":"category","embeddable":true,"href":"https:\/\/tinerimearomana.ro\/corul-preludiu\/wp-json\/wp\/v2\/categories?post=682"},{"taxonomy":"post_tag","embeddable":true,"href":"https:\/\/tinerimearomana.ro\/corul-preludiu\/wp-json\/wp\/v2\/tags?post=682"}],"curies":[{"name":"wp","href":"https:\/\/api.w.org\/{rel}","templated":true}]}}