{"id":675,"date":"2023-02-13T19:26:22","date_gmt":"2023-02-13T19:26:22","guid":{"rendered":"https:\/\/tinerimearomana.ro\/corul-preludiu\/?p=675"},"modified":"2023-02-13T19:51:49","modified_gmt":"2023-02-13T19:51:49","slug":"corul-de-camera-preludiu-voicu-enachescu-la-ateneul-roman-pe-26-februarie-2023","status":"publish","type":"post","link":"https:\/\/tinerimearomana.ro\/corul-preludiu\/corul-de-camera-preludiu-voicu-enachescu-la-ateneul-roman-pe-26-februarie-2023\/","title":{"rendered":"CORUL DE CAMERA PRELUDIU &#8211; VOICU ENACHESCU, PRIMUL CONCERT CU NOUA DENUMIRE, LA ATENEUL ROMAN"},"content":{"rendered":"<p><strong> \u00a0Duminic\u0103, 26 februarie, de la ora 19:00, la\u00a0Ateneul Rom\u00e2n<\/strong>\u00a0va avea loc un concert al <strong>corului Preludiu<\/strong>, dirijat de\u00a0<strong>Andrei St\u0103nculescu<\/strong>, prin care se\u00a0va\u00a0\u00a0 marca\u00a0\u00a0 schimbarea\u00a0\u00a0 denumirii\u00a0\u00a0 forma\u021biei\u00a0\u00a0 \u00een\u00a0<strong>Corul de camer\u0103 Preludiu \u2013 Voicu En\u0103chescu.<\/strong><\/p>\n<p>Programul ales cuprinde lucr\u0103ri celebre din repertoriul rom\u00e2nesc \u015fi universal. Seara va debuta \u00een sonorit\u0103\u0163ile unor spectaculoase prelucr\u0103ri corale precum\u00a0J. S. Bach \u2013 Boure,\u00a0W. A. Mozart &#8211; Eine kleine Nachtmusik, F. Schubert \u2013 P\u0103str\u0103vul,\u00a0A. Dvorak \u2013 Humoresque,\u00a0M. Ravel \u2013 Bolero,\u00a0A. Piazzolla &#8211; Libertango.<\/p>\n<p>\u00cen centrul programul se vor afla o serie de celebre coruri rom\u00e2ne\u0219ti de inspira\u021bie folcloric\u0103 :\u00a0T. Jarda &#8211; M\u0103 luai, luai,\u00a0A. Pop &#8211; Vine Hulpe,\u00a0D. Pop -Mare hib\u0103-i la Jib\u0103u, R. Paladi \u2013 Fl\u0103c\u0103ruia.<\/p>\n<p>Ultima parte a programul va reveni la gospel\u00a0\u015fi repertoriul interna\u0163ional prin Y. Falik \u2013 Neznakomka, A. Oehrwall &#8211; Joshua fit the battle, Bob Chilcott &#8211; Every time I feel the spirit,\u00a0F. Davelaar &#8211; E mariposa,\u00a0E. Murillo &#8211; La cabana.<\/p>\n<p>Diversitatea repertorial\u0103, una dintre m\u0103rcile distinctive ale Corul de camer\u0103 Preludiu \u2013 Voicu En\u0103chescu \u2013 forma\u0163ie care poart\u0103 de acum \u015fi numele fondatorului s\u0103u \u2013 este cea care a \u00eenc\u00e2ntat dintotdeauna publicul \u015fi care atrage \u00een continuare \u00een s\u0103lile de concert public de toate v\u00e2rstele.<\/p>\n<p>Organizator :\u00a0\u00a0<strong>Centrul Na\u021bional de Art\u0103 \u201eTinerimea Rom\u00e2n\u0103&#8221;<\/strong><br \/>\nPartener :\u00a0<strong>Filarmonica \u201cGeorge Enescu\u201d<\/strong><br \/>\nParteneri media:\u00a0<strong>TVR,\u00a0Radio Rom\u00e2nia Cultural\u00a0\u015fi Radio Rom\u00e2nia Muzical, Rom\u00e2nia TV,\u00a0Mediatrust,\u00a0Observator Cultural, Liternet, Agen\u0163ia de carte.<\/strong><\/p>\n<p><img fetchpriority=\"high\" decoding=\"async\" class=\"aligncenter size-full wp-image-679\" src=\"https:\/\/tinerimearomana.ro\/corul-preludiu\/wp-content\/uploads\/sites\/9\/2023\/02\/PRELUDIU-26-FEB2023.jpg\" alt=\"\" width=\"900\" height=\"1274\" srcset=\"https:\/\/tinerimearomana.ro\/corul-preludiu\/wp-content\/uploads\/sites\/9\/2023\/02\/PRELUDIU-26-FEB2023.jpg 900w, https:\/\/tinerimearomana.ro\/corul-preludiu\/wp-content\/uploads\/sites\/9\/2023\/02\/PRELUDIU-26-FEB2023-212x300.jpg 212w, https:\/\/tinerimearomana.ro\/corul-preludiu\/wp-content\/uploads\/sites\/9\/2023\/02\/PRELUDIU-26-FEB2023-723x1024.jpg 723w, https:\/\/tinerimearomana.ro\/corul-preludiu\/wp-content\/uploads\/sites\/9\/2023\/02\/PRELUDIU-26-FEB2023-768x1087.jpg 768w\" sizes=\"(max-width: 900px) 100vw, 900px\" \/><\/p>\n","protected":false},"excerpt":{"rendered":"<p>\u00a0Duminic\u0103, 26 februarie, de la ora 19:00, la\u00a0Ateneul Rom\u00e2n\u00a0va avea loc un concert al corului Preludiu, dirijat de\u00a0Andrei St\u0103nculescu, prin care se\u00a0va\u00a0\u00a0 marca\u00a0\u00a0 schimbarea\u00a0\u00a0 denumirii\u00a0\u00a0 forma\u021biei\u00a0\u00a0 \u00een\u00a0Corul de camer\u0103 Preludiu \u2013 Voicu En\u0103chescu. Programul ales cuprinde lucr\u0103ri celebre din repertoriul rom\u00e2nesc \u015fi universal. Seara va debuta \u00een sonorit\u0103\u0163ile unor spectaculoase prelucr\u0103ri corale precum\u00a0J. S. Bach&#8230;<\/p>\n","protected":false},"author":1,"featured_media":679,"comment_status":"closed","ping_status":"open","sticky":false,"template":"","format":"standard","meta":{"_kadence_starter_templates_imported_post":false,"_kad_post_transparent":"default","_kad_post_title":"default","_kad_post_layout":"default","_kad_post_sidebar_id":"","_kad_post_content_style":"default","_kad_post_vertical_padding":"default","_kad_post_feature":"","_kad_post_feature_position":"","_kad_post_header":false,"_kad_post_footer":false,"_kad_post_classname":"","footnotes":""},"categories":[2],"tags":[],"class_list":["post-675","post","type-post","status-publish","format-standard","has-post-thumbnail","hentry","category-concerte"],"_links":{"self":[{"href":"https:\/\/tinerimearomana.ro\/corul-preludiu\/wp-json\/wp\/v2\/posts\/675"}],"collection":[{"href":"https:\/\/tinerimearomana.ro\/corul-preludiu\/wp-json\/wp\/v2\/posts"}],"about":[{"href":"https:\/\/tinerimearomana.ro\/corul-preludiu\/wp-json\/wp\/v2\/types\/post"}],"author":[{"embeddable":true,"href":"https:\/\/tinerimearomana.ro\/corul-preludiu\/wp-json\/wp\/v2\/users\/1"}],"replies":[{"embeddable":true,"href":"https:\/\/tinerimearomana.ro\/corul-preludiu\/wp-json\/wp\/v2\/comments?post=675"}],"version-history":[{"count":5,"href":"https:\/\/tinerimearomana.ro\/corul-preludiu\/wp-json\/wp\/v2\/posts\/675\/revisions"}],"predecessor-version":[{"id":681,"href":"https:\/\/tinerimearomana.ro\/corul-preludiu\/wp-json\/wp\/v2\/posts\/675\/revisions\/681"}],"wp:featuredmedia":[{"embeddable":true,"href":"https:\/\/tinerimearomana.ro\/corul-preludiu\/wp-json\/wp\/v2\/media\/679"}],"wp:attachment":[{"href":"https:\/\/tinerimearomana.ro\/corul-preludiu\/wp-json\/wp\/v2\/media?parent=675"}],"wp:term":[{"taxonomy":"category","embeddable":true,"href":"https:\/\/tinerimearomana.ro\/corul-preludiu\/wp-json\/wp\/v2\/categories?post=675"},{"taxonomy":"post_tag","embeddable":true,"href":"https:\/\/tinerimearomana.ro\/corul-preludiu\/wp-json\/wp\/v2\/tags?post=675"}],"curies":[{"name":"wp","href":"https:\/\/api.w.org\/{rel}","templated":true}]}}