{"id":670,"date":"2023-01-09T22:13:16","date_gmt":"2023-01-09T22:13:16","guid":{"rendered":"https:\/\/tinerimearomana.ro\/corul-preludiu\/?p=670"},"modified":"2023-01-09T22:13:16","modified_gmt":"2023-01-09T22:13:16","slug":"concertul-corului-preludiu-dedicat-zilei-culturii-nationale","status":"publish","type":"post","link":"https:\/\/tinerimearomana.ro\/corul-preludiu\/concertul-corului-preludiu-dedicat-zilei-culturii-nationale\/","title":{"rendered":"CONCERTUL CORULUI PRELUDIU DEDICAT ZILEI CULTURII NATIONALE"},"content":{"rendered":"<div>Concert coral cu ocazia \u201cZilei Culturii Na\u021bionale\u201d<\/div>\n<div><\/div>\n<div dir=\"ltr\">Luni, <strong>16 ianuarie 2023<\/strong>, de la ora <strong>17:00<\/strong>, \u201cZiua Culturii Na\u021bionale\u201d va fi s\u0103rbatorit\u0103 de C.N.A.\u201dTinerimea Romana\u201d, la <strong>Palatul \u201cTinerimea Rom\u00e2n\u0103\u201d<\/strong>, din B-dul Schitu M\u0103gureanu nr.5, printr-un concert sus\u021binut de <strong>Corul de Camer\u0103 Preludi<\/strong>u condus de dirijorul Andrei St\u0103nculescu.<\/div>\n<div dir=\"ltr\"><\/div>\n<div dir=\"ltr\">Programul include pagini reprezentative inspirate de opera eminescian\u0103, dar \u0219i muzic\u0103 rom\u00e2neasc\u0103 de sorginte folcloric\u0103 din crea\u021bia compozitorilor Paul Constantinescu, Vasile Popovici, Adrian Pop \u0219i Valentin Gruescu.<\/div>\n<div dir=\"ltr\"><\/div>\n<div dir=\"ltr\"><img fetchpriority=\"high\" decoding=\"async\" class=\"aligncenter size-full wp-image-671\" src=\"https:\/\/tinerimearomana.ro\/corul-preludiu\/wp-content\/uploads\/sites\/9\/2023\/01\/afis-concert-Preludiu-16-ianuarie2023.jpg\" alt=\"\" width=\"900\" height=\"1221\" srcset=\"https:\/\/tinerimearomana.ro\/corul-preludiu\/wp-content\/uploads\/sites\/9\/2023\/01\/afis-concert-Preludiu-16-ianuarie2023.jpg 900w, https:\/\/tinerimearomana.ro\/corul-preludiu\/wp-content\/uploads\/sites\/9\/2023\/01\/afis-concert-Preludiu-16-ianuarie2023-221x300.jpg 221w, https:\/\/tinerimearomana.ro\/corul-preludiu\/wp-content\/uploads\/sites\/9\/2023\/01\/afis-concert-Preludiu-16-ianuarie2023-755x1024.jpg 755w, https:\/\/tinerimearomana.ro\/corul-preludiu\/wp-content\/uploads\/sites\/9\/2023\/01\/afis-concert-Preludiu-16-ianuarie2023-768x1042.jpg 768w\" sizes=\"(max-width: 900px) 100vw, 900px\" \/><\/div>\n","protected":false},"excerpt":{"rendered":"<p>Concert coral cu ocazia \u201cZilei Culturii Na\u021bionale\u201d Luni, 16 ianuarie 2023, de la ora 17:00, \u201cZiua Culturii Na\u021bionale\u201d va fi s\u0103rbatorit\u0103 de C.N.A.\u201dTinerimea Romana\u201d, la Palatul \u201cTinerimea Rom\u00e2n\u0103\u201d, din B-dul Schitu M\u0103gureanu nr.5, printr-un concert sus\u021binut de Corul de Camer\u0103 Preludiu condus de dirijorul Andrei St\u0103nculescu. Programul include pagini reprezentative inspirate de opera eminescian\u0103, dar&#8230;<\/p>\n","protected":false},"author":1,"featured_media":671,"comment_status":"closed","ping_status":"open","sticky":false,"template":"","format":"standard","meta":{"_kadence_starter_templates_imported_post":false,"_kad_post_transparent":"default","_kad_post_title":"default","_kad_post_layout":"default","_kad_post_sidebar_id":"","_kad_post_content_style":"default","_kad_post_vertical_padding":"default","_kad_post_feature":"","_kad_post_feature_position":"","_kad_post_header":false,"_kad_post_footer":false,"_kad_post_classname":"","footnotes":""},"categories":[2],"tags":[],"class_list":["post-670","post","type-post","status-publish","format-standard","has-post-thumbnail","hentry","category-concerte"],"_links":{"self":[{"href":"https:\/\/tinerimearomana.ro\/corul-preludiu\/wp-json\/wp\/v2\/posts\/670"}],"collection":[{"href":"https:\/\/tinerimearomana.ro\/corul-preludiu\/wp-json\/wp\/v2\/posts"}],"about":[{"href":"https:\/\/tinerimearomana.ro\/corul-preludiu\/wp-json\/wp\/v2\/types\/post"}],"author":[{"embeddable":true,"href":"https:\/\/tinerimearomana.ro\/corul-preludiu\/wp-json\/wp\/v2\/users\/1"}],"replies":[{"embeddable":true,"href":"https:\/\/tinerimearomana.ro\/corul-preludiu\/wp-json\/wp\/v2\/comments?post=670"}],"version-history":[{"count":1,"href":"https:\/\/tinerimearomana.ro\/corul-preludiu\/wp-json\/wp\/v2\/posts\/670\/revisions"}],"predecessor-version":[{"id":672,"href":"https:\/\/tinerimearomana.ro\/corul-preludiu\/wp-json\/wp\/v2\/posts\/670\/revisions\/672"}],"wp:featuredmedia":[{"embeddable":true,"href":"https:\/\/tinerimearomana.ro\/corul-preludiu\/wp-json\/wp\/v2\/media\/671"}],"wp:attachment":[{"href":"https:\/\/tinerimearomana.ro\/corul-preludiu\/wp-json\/wp\/v2\/media?parent=670"}],"wp:term":[{"taxonomy":"category","embeddable":true,"href":"https:\/\/tinerimearomana.ro\/corul-preludiu\/wp-json\/wp\/v2\/categories?post=670"},{"taxonomy":"post_tag","embeddable":true,"href":"https:\/\/tinerimearomana.ro\/corul-preludiu\/wp-json\/wp\/v2\/tags?post=670"}],"curies":[{"name":"wp","href":"https:\/\/api.w.org\/{rel}","templated":true}]}}