{"id":666,"date":"2022-12-02T13:06:06","date_gmt":"2022-12-02T13:06:06","guid":{"rendered":"https:\/\/tinerimearomana.ro\/corul-preludiu\/?p=666"},"modified":"2023-02-28T13:57:52","modified_gmt":"2023-02-28T13:57:52","slug":"corul-de-camera-preludiu-concert-de-colinde-la-ateneul-roman","status":"publish","type":"post","link":"https:\/\/tinerimearomana.ro\/corul-preludiu\/corul-de-camera-preludiu-concert-de-colinde-la-ateneul-roman\/","title":{"rendered":"CORUL DE CAMERA &#8220;PRELUDIU&#8221; &#8211; CONCERT DE COLINDE LA ATENEUL ROMAN"},"content":{"rendered":"<p><strong>Duminic\u0103, 11 decembrie 2022<\/strong>, <strong>ora 19<\/strong>, <strong>Corul de Camer\u0103 PRELUDIU<\/strong>, dirijor <strong>Andrei St\u0103nculescu<\/strong>, va sus\u0163ine tradi\u021bionalul<strong> Concert de colinde<\/strong> cu care a \u00eenc\u00e2ntat publicul \u00een fiecare an la Ateneul Rom\u00e2n. Acest concert va aduce aerul \u0219i atmosfera s\u0103rb\u0103torilor, dar \u0219i un g\u00e2nd de recuno\u0219tin\u021b\u0103 in memoriam <strong>Voicu En\u0103chescu<\/strong>, dirijor fondator \u0219i conduc\u0103torul corului timp de aproape cinci decenii.<\/p>\n<p>Eveniment cultural de prim rang, acest concert reprezint\u0103 un adev\u0103rat etalon de autenticitate \u0219i excelen\u021b\u0103 pe care <strong>Corul de Camer\u0103 PRELUDIU<\/strong> l-a creat \u0219i sus\u021binut de-a lungul anilor, \u00een ceea ce prive\u0219te acurate\u021bea interpret\u0103rii colindului rom\u00e2nesc. Publicul va fi ca \u00eentotdeauna atras de excep\u0163ionala panoramare ale celor mai diverse orient\u0103ri stilistice privind prelucrarea colindului rom\u00e2nesc ascult\u00e2nd Am plecat s\u0103 colindam, Ast\u0103zi s-a n\u0103scut Hristos, Gheorghe Cucu &#8211; Domnule\u021b \u0219i Domn din Cer, Nicolae Ursu &#8211; Vine Cr\u0103ciunu pe sar\u0103, Paul Constantinescu &#8211; Minune prea mare, Alexandru Pa\u0219canu &#8211; Dup\u0103 datini colind\u0103m, Tudor Jarda &#8211; La casa di peste drum, Felicia Donceanu &#8211; Colinde, colinde, Richard Oschanitzky &#8211; Dou\u0103 colinde laice, Dan Buciu &#8211; Steaua sus r\u0103sare, Gelu Stratulat &#8211; Sus la drumul mare, Adrian Pop &#8211; Colinda de pricin\u0103, Valentin Gruescu &#8211; Vis leg\u0103nat, Alin Chel\u0103rescu &#8211; Ave Maria, Dumitru Georgescu Kiriac, ar. Alin Chel\u0103rescu &#8211; O, ce veste minunat\u0103!<\/p>\n<p>S\u0103rb\u0103torind anul acesta 50 de ani de existen\u021b\u0103, <strong>Corul de Camer\u0103 Preludiu<\/strong> al Centrului Na\u021bional de Art\u0103 &#8220;Tinerimea Rom\u00e2n\u0103&#8221; \u00ee\u0219i va reafirma \u0219i cu acest prilej continuarea drumului s\u0103u artistic, \u00een care va reu\u0219i \u00eentr-un mod unic s\u0103 \u00eembine tradi\u0163ia \u015fi modernitatea.<br \/>\nBiletele pot fi achizi\u0163ionate de la Casa de Bilete a Ateneului Rom\u00e2n (Program: Mar\u021bi &#8211; Vineri 12:00 &#8211; 19:00, Telefon: 021.315.68.75. Plata doar \u00een numerar), Online, acces\u00e2nd site-ul www.fge.org.ro &#8211; sec\u021biunea \u201eCalendar\u201c.<\/p>\n<p>Organizator :\u00a0 Centrul Na\u021bional de Art\u0103 \u201eTinerimea Rom\u00e2n\u0103&#8221;<br \/>\nPartener : Filarmonica \u201cGeorge Enescu\u201c<br \/>\nParteneri media: TVR, Radio Rom\u00e2nia Cultural \u015fi Radio Rom\u00e2nia Muzical, Rom\u00e2nia TV,\u00a0Mediatrust,\u00a0Observator Cultural, Liternet, Agen\u0163ia de carte.<\/p>\n<p><img fetchpriority=\"high\" decoding=\"async\" class=\"aligncenter size-full wp-image-667\" src=\"https:\/\/tinerimearomana.ro\/corul-preludiu\/wp-content\/uploads\/sites\/9\/2022\/12\/colinde-preludiu-2022.jpg\" alt=\"\" width=\"900\" height=\"1274\" srcset=\"https:\/\/tinerimearomana.ro\/corul-preludiu\/wp-content\/uploads\/sites\/9\/2022\/12\/colinde-preludiu-2022.jpg 900w, https:\/\/tinerimearomana.ro\/corul-preludiu\/wp-content\/uploads\/sites\/9\/2022\/12\/colinde-preludiu-2022-212x300.jpg 212w, https:\/\/tinerimearomana.ro\/corul-preludiu\/wp-content\/uploads\/sites\/9\/2022\/12\/colinde-preludiu-2022-723x1024.jpg 723w, https:\/\/tinerimearomana.ro\/corul-preludiu\/wp-content\/uploads\/sites\/9\/2022\/12\/colinde-preludiu-2022-768x1087.jpg 768w\" sizes=\"(max-width: 900px) 100vw, 900px\" \/><\/p>\n","protected":false},"excerpt":{"rendered":"<p>Duminic\u0103, 11 decembrie 2022, ora 19, Corul de Camer\u0103 PRELUDIU, dirijor Andrei St\u0103nculescu, va sus\u0163ine tradi\u021bionalul Concert de colinde cu care a \u00eenc\u00e2ntat publicul \u00een fiecare an la Ateneul Rom\u00e2n. Acest concert va aduce aerul \u0219i atmosfera s\u0103rb\u0103torilor, dar \u0219i un g\u00e2nd de recuno\u0219tin\u021b\u0103 in memoriam Voicu En\u0103chescu, dirijor fondator \u0219i conduc\u0103torul corului timp de&#8230;<\/p>\n","protected":false},"author":1,"featured_media":667,"comment_status":"closed","ping_status":"open","sticky":false,"template":"","format":"standard","meta":{"_kadence_starter_templates_imported_post":false,"_kad_post_transparent":"default","_kad_post_title":"default","_kad_post_layout":"default","_kad_post_sidebar_id":"","_kad_post_content_style":"default","_kad_post_vertical_padding":"default","_kad_post_feature":"","_kad_post_feature_position":"","_kad_post_header":false,"_kad_post_footer":false,"_kad_post_classname":"","footnotes":""},"categories":[2],"tags":[],"class_list":["post-666","post","type-post","status-publish","format-standard","has-post-thumbnail","hentry","category-concerte"],"_links":{"self":[{"href":"https:\/\/tinerimearomana.ro\/corul-preludiu\/wp-json\/wp\/v2\/posts\/666"}],"collection":[{"href":"https:\/\/tinerimearomana.ro\/corul-preludiu\/wp-json\/wp\/v2\/posts"}],"about":[{"href":"https:\/\/tinerimearomana.ro\/corul-preludiu\/wp-json\/wp\/v2\/types\/post"}],"author":[{"embeddable":true,"href":"https:\/\/tinerimearomana.ro\/corul-preludiu\/wp-json\/wp\/v2\/users\/1"}],"replies":[{"embeddable":true,"href":"https:\/\/tinerimearomana.ro\/corul-preludiu\/wp-json\/wp\/v2\/comments?post=666"}],"version-history":[{"count":1,"href":"https:\/\/tinerimearomana.ro\/corul-preludiu\/wp-json\/wp\/v2\/posts\/666\/revisions"}],"predecessor-version":[{"id":668,"href":"https:\/\/tinerimearomana.ro\/corul-preludiu\/wp-json\/wp\/v2\/posts\/666\/revisions\/668"}],"wp:featuredmedia":[{"embeddable":true,"href":"https:\/\/tinerimearomana.ro\/corul-preludiu\/wp-json\/wp\/v2\/media\/667"}],"wp:attachment":[{"href":"https:\/\/tinerimearomana.ro\/corul-preludiu\/wp-json\/wp\/v2\/media?parent=666"}],"wp:term":[{"taxonomy":"category","embeddable":true,"href":"https:\/\/tinerimearomana.ro\/corul-preludiu\/wp-json\/wp\/v2\/categories?post=666"},{"taxonomy":"post_tag","embeddable":true,"href":"https:\/\/tinerimearomana.ro\/corul-preludiu\/wp-json\/wp\/v2\/tags?post=666"}],"curies":[{"name":"wp","href":"https:\/\/api.w.org\/{rel}","templated":true}]}}