{"id":623,"date":"2022-11-19T12:43:04","date_gmt":"2022-11-19T12:43:04","guid":{"rendered":"https:\/\/tinerimearomana.ro\/corul-preludiu\/?p=623"},"modified":"2022-11-19T12:53:01","modified_gmt":"2022-11-19T12:53:01","slug":"a-trecut-in-nefiinta-voicu-enachescu-personalitate-de-prim-rang-a-culturii-romane","status":"publish","type":"post","link":"https:\/\/tinerimearomana.ro\/corul-preludiu\/a-trecut-in-nefiinta-voicu-enachescu-personalitate-de-prim-rang-a-culturii-romane\/","title":{"rendered":"A TRECUT IN NEFIINTA VOICU ENACHESCU, PERSONALITATE DE PRIM RANG A CULTURII ROMANE"},"content":{"rendered":"<div class=\"x11i5rnm xat24cr x1mh8g0r x1vvkbs xdj266r x126k92a\">\n<div dir=\"auto\">\n<p>Cu ad\u00e2nca triste\u021be Centrul Na\u021bional de Art\u0103 &#8220;Tinerimea Rom\u00e2n\u0103&#8221; anun\u021b\u0103 trecerea \u00een nefiin\u021b\u0103 a <strong>Maestrului Voicu En\u0103chescu<\/strong>, personalitate de prin rang a culturii rom\u00e2ne, figur\u0103 proeminent\u0103 a artei corale din Rom\u00e2nia, fondatorul <strong>Corului de Camer\u0103 Preludiu<\/strong> \u0219i promotor neobosit timp de mai bine de 50 de ani a artei componistice precum \u0219i a inestimabilului tezaur folcloric rom\u00e2nesc.<br \/>\nCorpul ne\u00eensufle\u021bit va fi depus maine, duminic\u0103 20 noiembrie \u00eentre orele 13.30 \u0219i 17.00 \u00een Rotonda Ateneului Rom\u00e2n.<br \/>\nDumnezeu s\u0103-l odihneasc\u0103!<\/p>\n<p><strong>Voicu En\u0103chescu<\/strong><br \/>\nPeste 50 de ani vechime \u00een func\u0163ia de dirijor (corul Universit\u0103\u0163ii Bucure\u015fti, corul Casei de Cultura a Studen\u0163ilor, Corul de camera \u201ePreludiu\u201d).<\/p>\n<p>&#8211; recunoscut ca fiind unul dintre cei mai \u00eenzestra\u0163i dirijori de cor din Rom\u00e2nia, fapt pentru care \u00een luna mai a anului 2006 a fost reales pre\u015fedinte al Asocia\u0163iei Na\u0163ionale Corale din Rom\u00e2nia, organiza\u0163ie neguvernamental\u0103 ce reune\u015fte peste 80 de forma\u0163ii corale din \u0163ar\u0103 \u015fi aproximativ 120 de dirijori de cor \u015fi care este afiliat\u0103 la Federa\u0163ia interna\u0163ional\u0103 \u201eEUROPA CANTAT\u201d.<br \/>\n&#8211; dup\u0103 studiile liceale pe care le-a absolvit la liceul \u201eMatei Basarab\u201d din Bucure\u015fti, a urmat facultatea de pedagogie muzical\u0103 \u015fi dirijat coral la conservatorul \u201eCiprian Porumbescu\u201d, unde s-a bucurat de \u00eendrumarea unor distin\u015fi profesori \u015fi muzicieni: Zeno Vancea (contrapunct), Alexandru Pa\u015fcanu (armonie), \u015etefan Niculescu ( forme muzicale), Petre Cr\u0103ciun (dirijat coral).<br \/>\n&#8211; dup\u0103 o perioad\u0103 de 4 ani pe care i-a petrecut ca dirijor al renumitului cor al Universit\u0103\u0163ii Bucure\u015ftene, cor cu care a ob\u0163inut numai premiul I la toate competi\u0163iile artistice studen\u0163e\u015fti, \u00eenfiin\u0163eaz\u0103 la Casa de cultur\u0103 studen\u0163easc\u0103, \u00een anul 1972, Corul de camer\u0103 \u201ePreludiu\u201d, forma\u0163ie care \u00een anul 35 al existen\u0163ei sale se num\u0103r\u0103 printre corurile de elit\u0103 din Europa.<br \/>\n&#8211; a fost prezent, \u00eempreun\u0103 cu corul de camer\u0103 \u201ePreludiu\u201d, la toate edi\u0163iile Festivalului Interna\u0163ional \u201eGeorge Enescu\u201d organizate la Bucure\u015fti dup\u0103 anul 1989.<br \/>\n&#8211; a fost invitat \u00een numeroase jurii na\u0163ionale \u015fi interna\u0163ionale \u015fi a lucrat \u00een sistem \u201eatelier\u201d cu forma\u0163ii din Fran\u0163a, Olanda, Germania, Spania, S.U.A.<br \/>\n&#8211; a participat la numeroase concursuri \u015fi festivaluri interna\u0163ionale impun\u00e2ndu-se cu forma\u0163ia \u201ePRELUDIU\u201d cu deosebit\u0103 autoritate profesional\u0103.<\/p>\n<p>&#8211; amintim c\u00e2teva dintre cele mai reprezentative particip\u0103ri la competi\u0163ii interna\u0163ionale:<br \/>\n1973 \u2013 CEHIA \u2013 PARDUBICE ( Festival interna\u0163ional coral)<br \/>\n1974 \u2013 SLOVACIA \u2013 NITRA (Festival interna\u0163ional coral)<br \/>\n1976 \u2013 SPANIA \u2013 BARCELONA (\u201eXII Dia internacional del canto coral 1976\u201d)<br \/>\n1985 \u2013 SLOVENIA \u2013 CELJE (Festival interna\u0163ional coral de tineret)<br \/>\n1987 \u2013 GERMANIA \u2013 BERLIN (Festival de muzic\u0103 contemporan\u0103 dedicat \u00eemplinirii<br \/>\na 750 de ani de la \u00eenfiin\u0163area ora\u015fului)<br \/>\n1991 \u2013 GERMANIA \u2013 WOLFENBUTTEL (Festival european pentru coruri \u015fi<br \/>\norchestre de tineret)<br \/>\n1993 \u2013 FRAN\u0162A \u2013 AUTUN (Festival \u201eMusique en Morvan\u201d)<br \/>\n\u2013 VAISON \u2013 LA \u2013 ROMAINE (\u201eLe festival des Laureats\u201d)<br \/>\n1995 \u2013 FRAN\u0162A \u2013 MIREPOIX (\u201eRencontres musicales et chorales internationales de<br \/>\nMirepoix et de L\u0384Ariege\u201d)<br \/>\n1996 \u2013 FRAN\u0162A \u2013 AUTUN (Festival \u201eMusique en Morvan\u201d)<br \/>\n1997 \u2013 FRAN\u0162A \u2013 ANNECY (Festivalul estival al Alpilor &#8211; \u201eEstivalpes\u201d)<br \/>\n&#8211; a \u00eenregistrat peste 60 de turnee \u00een:<br \/>\n1973 \u2013 CEHIA \u2013 Pardubice, Praga, Havlickubrod, Chrudim<br \/>\n1974 \u2013 SLOVACIA \u2013 Nitra, Kutna \u2013 Hora<br \/>\n1975 \u2013 GERMANIA \u2013 Trossingen, Heildelberg, Landau, Balingen<br \/>\n1976 \u2013 SPANIA &#8211; Barcelona<br \/>\n1977 \u2013 S.U.A. \u2013 New-York, Clarksburg, Lexington, Murfreesboro, Atlanta<br \/>\nAZERBAIJAN \u2013 Baku<br \/>\n1979 \u2013 UNGARIA \u2013 Szolnok, Gyula, Budapesta<br \/>\n1981 \u2013 ESTONIA &#8211; Tallin<br \/>\n1982 \u2013 BULGARIA \u2013 Ruse, Plevna, Grivi\u0163a, Sofia, Trnovo, Kazanlic, Gabrovo,<br \/>\nTolbuhin, Varna<br \/>\n1984 \u2013 GRUZIA \u2013 Tbilisi<br \/>\n1985 \u2013 SLOVENIA \u2013 Celje<br \/>\n\u2013 RUSIA \u2013 Moscova<br \/>\n1987 \u2013 GERMANIA \u2013 Berlin<br \/>\n1991 \u2013 GERMANIA \u2013 Wolfenbuttel, Buckerburg<br \/>\n1992 \u2013 SPANIA \u2013 Sevilla (EXPO 92)<br \/>\n\u2013 GERMANIA \u2013 Brilon, Soest, Lohne, Menden, Meschede, Rosrath,<br \/>\nLagelieppe, Koln, Hammeln, Olsburg, Delbruck, Schloss-Holte<br \/>\n1993 \u2013 FRAN\u0162A \u2013 Autun, Couches, Brion, Vaison-la-Romaine, Mirabel, Montpellier<br \/>\n1995 \u2013 FRAN\u0162A \u2013 Mirepoix, Foix, Artigat, Carcassone, Vicdessos<br \/>\n\u2013 GERMANIA \u2013 Gaukonigshofen, Osterhofen, Passau, Thurmansbang,<br \/>\nFockinghausen, Nuttla, Brilon, Bad Wildungen<br \/>\n\u2013 OLANDA \u2013 Oostburg, Tiel, Amsterdam, Sluis, Heerlen, Haga<br \/>\n1996 \u2013 FRAN\u0162A \u2013 Autun, St. Leger sous Beuvray<br \/>\n1997 \u2013 FRAN\u0162A \u2013 Annecy, Plateau D\u2019Assy<br \/>\n\u2013 FRAN\u0162A \u2013 Colmar, Autun, Perouges, Sathonay, Annecy, Vaison-la-Romaine<br \/>\n\u2013 GERMANIA \u2013 Bonn, Fritzlar<br \/>\n1998 \u2013 FRAN\u0162A, SPANIA, PORTUGALIA<br \/>\n1999 \u2013 UNGARIA, ITALIA<br \/>\n2000 \u2013 UNGARIA, GERMANIA, FRAN\u0162A, OLANDA, ELVE\u0162IA<br \/>\n2001 \u2013 UNGARIA, GERMANIA, OLANDA<br \/>\n2002 \u2013 SUEDIA, SPANIA, CHINA<\/p>\n<p>&#8211; la cea de a VI-a edi\u0163ie a Festivalului Interna\u0163ional de la Beijing (2002), prezen\u0163a corului \u201ePRELUDIU\u201d a fost \u00eencununat\u0103 de un succes deosebit:<br \/>\n&#8211; Premiul I \u015fi medalia de aur ;<br \/>\n&#8211; Premiul pentru cea mai bun\u0103 interpretare a unei lucr\u0103ri corale \u00een limba chinez\u0103 ;<br \/>\n&#8211; Premiul pentru cel mai bun dirijor acordat conduc\u0103torului forma\u0163iei Voicu<br \/>\nEn\u0103chescu.<br \/>\n&#8211; are \u00een repertoriu aproximativ 300 de lucr\u0103ri, de la muzic\u0103 preclasic\u0103 p\u00e2n\u0103 la crea\u0163ii contemporane \u015fi 250 de \u00eenregistr\u0103ri radio \u015fi filme de televiziune.<br \/>\n&#8211; \u00een ultimii ani a editat 3 CD-uri: \u201eColinde \u015fi c\u00e2ntece de Cr\u0103ciun\u201d \u2013 1997, \u201eMuzic\u0103 bizantin\u0103 \u00een cultura rom\u00e2neasc\u0103\u201d \u2013 1998, \u201eMae\u015ftrii ai artei corale rom\u00e2ne\u015fti\u201d \u2013 2002.<br \/>\n&#8211; a fost invitat s\u0103 dirijeze cele mai reprezentative forma\u0163ii corale ale filarmonicilor din \u0163ar\u0103: Ia\u015fi, Craiova, Timi\u015foara, Bucure\u015fti.<br \/>\n&#8211; din 1998 este pre\u0219edintele Adocia\u021biei Na\u021bionale Corale din Rom\u00e2nia.<br \/>\n&#8211; din 1991 p\u00e2n\u0103 \u00een 2014 a fost directorul Centrului Na\u0163ional de Art\u0103 \u201eTinerimea Rom\u00e2n\u0103\u201d din Bucure\u015fti, institu\u0163ie profesional\u0103 de spectacole \u015fi turnee artistice aflate sub egida Ministerului Culturii \u015fi Cultelor.<br \/>\n&#8211; a fost membru al Consiliului de administra\u0163ie al Societ\u0103\u0163ii Rom\u00e2ne de Radio (1999 \u2013 2001) \u015fi de televiziune (2002-2004)<br \/>\n&#8211; \u00een anul 2004 a primit Ordinul \u201eMeritul Cultural\u201d \u00een grad de Comandor (la categoria F) pentru \u201ePromovarea culturii\u201d.<\/p>\n<p>Activitatea sus\u021binut\u0103, \u00eencununat\u0103 de succese notabile pe cele mai importante scene de concert ale \u021b\u0103rii, a fost continuat\u0103 de <strong>Maestrul Voicu En\u0103chescu<\/strong> al\u0103turi de <strong>Corul de Camer\u0103 Preludiu<\/strong> p\u00e2n\u0103 \u00een anul 2021.<\/p>\n<\/div>\n<\/div>\n","protected":false},"excerpt":{"rendered":"<p>Cu ad\u00e2nca triste\u021be Centrul Na\u021bional de Art\u0103 &#8220;Tinerimea Rom\u00e2n\u0103&#8221; anun\u021b\u0103 trecerea \u00een nefiin\u021b\u0103 a Maestrului Voicu En\u0103chescu, personalitate de prin rang a culturii rom\u00e2ne, figur\u0103 proeminent\u0103 a artei corale din Rom\u00e2nia, fondatorul Corului de Camer\u0103 Preludiu \u0219i promotor neobosit timp de mai bine de 50 de ani a artei componistice precum \u0219i a inestimabilului tezaur&#8230;<\/p>\n","protected":false},"author":1,"featured_media":624,"comment_status":"closed","ping_status":"open","sticky":false,"template":"","format":"standard","meta":{"_kadence_starter_templates_imported_post":false,"_kad_post_transparent":"default","_kad_post_title":"default","_kad_post_layout":"default","_kad_post_sidebar_id":"","_kad_post_content_style":"default","_kad_post_vertical_padding":"default","_kad_post_feature":"","_kad_post_feature_position":"","_kad_post_header":false,"_kad_post_footer":false,"_kad_post_classname":"","footnotes":""},"categories":[4],"tags":[],"class_list":["post-623","post","type-post","status-publish","format-standard","has-post-thumbnail","hentry","category-presa"],"_links":{"self":[{"href":"https:\/\/tinerimearomana.ro\/corul-preludiu\/wp-json\/wp\/v2\/posts\/623"}],"collection":[{"href":"https:\/\/tinerimearomana.ro\/corul-preludiu\/wp-json\/wp\/v2\/posts"}],"about":[{"href":"https:\/\/tinerimearomana.ro\/corul-preludiu\/wp-json\/wp\/v2\/types\/post"}],"author":[{"embeddable":true,"href":"https:\/\/tinerimearomana.ro\/corul-preludiu\/wp-json\/wp\/v2\/users\/1"}],"replies":[{"embeddable":true,"href":"https:\/\/tinerimearomana.ro\/corul-preludiu\/wp-json\/wp\/v2\/comments?post=623"}],"version-history":[{"count":3,"href":"https:\/\/tinerimearomana.ro\/corul-preludiu\/wp-json\/wp\/v2\/posts\/623\/revisions"}],"predecessor-version":[{"id":627,"href":"https:\/\/tinerimearomana.ro\/corul-preludiu\/wp-json\/wp\/v2\/posts\/623\/revisions\/627"}],"wp:featuredmedia":[{"embeddable":true,"href":"https:\/\/tinerimearomana.ro\/corul-preludiu\/wp-json\/wp\/v2\/media\/624"}],"wp:attachment":[{"href":"https:\/\/tinerimearomana.ro\/corul-preludiu\/wp-json\/wp\/v2\/media?parent=623"}],"wp:term":[{"taxonomy":"category","embeddable":true,"href":"https:\/\/tinerimearomana.ro\/corul-preludiu\/wp-json\/wp\/v2\/categories?post=623"},{"taxonomy":"post_tag","embeddable":true,"href":"https:\/\/tinerimearomana.ro\/corul-preludiu\/wp-json\/wp\/v2\/tags?post=623"}],"curies":[{"name":"wp","href":"https:\/\/api.w.org\/{rel}","templated":true}]}}