{"id":529,"date":"2022-06-17T17:29:18","date_gmt":"2022-06-17T17:29:18","guid":{"rendered":"https:\/\/tinerimearomana.ro\/corul-preludiu\/?p=529"},"modified":"2022-11-10T22:16:52","modified_gmt":"2022-11-10T22:16:52","slug":"corul-de-camera-preludiu-concert-extraordinar-la-catedrala-sf-iosif","status":"publish","type":"post","link":"https:\/\/tinerimearomana.ro\/corul-preludiu\/corul-de-camera-preludiu-concert-extraordinar-la-catedrala-sf-iosif\/","title":{"rendered":"CORUL DE CAMERA &#8220;PRELUDIU&#8221; CONCERT EXTRAORDINAR LA CATEDRALA SF.IOSIF"},"content":{"rendered":"<p><strong>Corul de camer\u0103 \u201dPreludiu\u201d<\/strong> al Centrului Na\u0163ional de Art\u0103 Tinerimea Rom\u00e2n\u0103 va sus\u0163ine sub conducerea lui <strong>Andrei St\u0103nculescu<\/strong>, la org\u0103 <strong>Eduard Antal<\/strong> un concert extraordinar la <strong>Catedrala Sf. Iosif<\/strong>, \u00een seara de <strong>29 iunie<\/strong>, de la <strong>ora 20<\/strong>.<\/p>\n<p>Concertul aduce \u00een fa\u021ba publicului temele universale ale umanit\u0103\u021bii, care traverseaz\u0103 \u00eentreaga istorie a omenirii \u0219i r\u0103m\u00e2n permanent relevante pentru marii compozitori. \u201cIn illo tempore\u201d desemneaz\u0103 \u00een crea\u021bia lui Eliade timpul mitic, momentul \u00een care toate lucrurile au fost create.<\/p>\n<p>Programul muzical va \u00eencepe cu dou\u0103 lucr\u0103ri religioase nec\u00e2ntate de la momentul premierei lor, din secolul 17 : Orazio Benevolo &#8211; Kyrie &amp; Agnus Dei din Missa ,,Tu es Petrus\u201d \u015fi Ludwig Daser &#8211; Fragment din \u201cPassionis Domini nostri Jesu Christi\u201d. Orazio Benevolo, fiul unui patiser francez, a tr\u0103it la Roma \u0219i a fost capel-maistru al Capellei Giulia, una dintre marile capele a Basilicii papale San Pietro. Missa \u201cTu es Petrus\u201d la 16 voci, este scris\u0103 la finalul vie\u021bii acestuia, \u00een anul 1666 \u0219i este o \u201cmesse parodie\u201d ce folose\u0219te materialul muzical al motetului palestrinian \u201cTu es Petrus\u201d. \u201cPassionis Domini nostri Jesu Christi\u201d este un oratoriu publicat \u00een anul 1578 \u0219i nemaic\u00e2ntat de la momentul premierei. Printre primele cuvinte ale textului sacru folosit de Daser, reg\u0103sim chiar titlul concertului &#8211; ,,In illo tempore\u201d. Edi\u021bia realizat\u0103 \u00een nota\u021bie modern\u0103 apar\u021bine dirijorului Andrei St\u0103nculescu.<\/p>\n<p>\u00cen continuarea programului, temele universale abordate \u0219i puse \u00een oglind\u0103 sunt: prim\u0103vara, zborul, dragostea, atmosfera nocturn\u0103 \u0219i dansul, \u00een luc\u0103rile : Claudio Monteverdi &#8211; O, primavera,<br \/>\nClaude Debussy &#8211; Salut, printemps!, Eric Whitacre &#8211; Leonardo dreams of his flying machine, Tiberiu Olah &#8211; Pas\u0103rea m\u0103iastr\u0103, Josef Rheinberger \u2013 Abendlied, Camille Saint-Saens &#8211; Romance du soir,<br \/>\nClaude Le Jeune &#8211; Revecy venir du Printans \u00a0&#8211; Rechant \u00e0 5, Olivier Messiaen &#8211; Premier rechant din \u201cCinq rechants\u201d, Din dirin din &#8211; Dans spaniol din sec. XV\u00a0\u015fi Maurice Ravel &#8211; Bol\u00e9ro arr. Andrei T\u0103n\u0103sescu.<\/p>\n<p>Organizatori :\u00a0 Centrul Na\u021bional de Art\u0103 \u201eTinerimea Rom\u00e2n\u0103&#8221; si Arhiepiscopia Romano-Catolic\u0103 de Bucure\u0219ti &#8211; Oficiul pentru Bunuri Culturale Ecleziastice \u0219i Patrimoniu<br \/>\nParteneri media: Radio Rom\u00e2nia Cultural \u015fi Radio Rom\u00e2nia Muzical, Rom\u00e2nia TV,\u00a0Mediatrust,\u00a0Observator Cultural, Liternet, Agen\u0163ia de carte, Q Magazine.<\/p>\n<p><img decoding=\"async\" class=\"aligncenter size-full wp-image-530\" src=\"https:\/\/tinerimearomana.ro\/corul-preludiu\/wp-content\/uploads\/sites\/9\/2022\/06\/Preludiu-29-iunie-2022_WEB.jpg\" alt=\"\" width=\"100%\" height=\"auto\" srcset=\"https:\/\/tinerimearomana.ro\/corul-preludiu\/wp-content\/uploads\/sites\/9\/2022\/06\/Preludiu-29-iunie-2022_WEB.jpg 960w, https:\/\/tinerimearomana.ro\/corul-preludiu\/wp-content\/uploads\/sites\/9\/2022\/06\/Preludiu-29-iunie-2022_WEB-212x300.jpg 212w, https:\/\/tinerimearomana.ro\/corul-preludiu\/wp-content\/uploads\/sites\/9\/2022\/06\/Preludiu-29-iunie-2022_WEB-723x1024.jpg 723w, https:\/\/tinerimearomana.ro\/corul-preludiu\/wp-content\/uploads\/sites\/9\/2022\/06\/Preludiu-29-iunie-2022_WEB-768x1087.jpg 768w\" sizes=\"(max-width: 960px) 100vw, 960px\" \/>[:]\n","protected":false},"excerpt":{"rendered":"<p>Corul de camer\u0103 \u201dPreludiu\u201d al Centrului Na\u0163ional de Art\u0103 Tinerimea Rom\u00e2n\u0103 va sus\u0163ine sub conducerea lui Andrei St\u0103nculescu, la org\u0103 Eduard Antal un concert extraordinar la Catedrala Sf. Iosif, \u00een seara de 29 iunie, de la ora 20. Concertul aduce \u00een fa\u021ba publicului temele universale ale umanit\u0103\u021bii, care traverseaz\u0103 \u00eentreaga istorie a omenirii \u0219i r\u0103m\u00e2n&#8230;<\/p>\n","protected":false},"author":1,"featured_media":530,"comment_status":"open","ping_status":"open","sticky":false,"template":"","format":"standard","meta":{"_kadence_starter_templates_imported_post":false,"_kad_post_transparent":"","_kad_post_title":"","_kad_post_layout":"","_kad_post_sidebar_id":"","_kad_post_content_style":"","_kad_post_vertical_padding":"","_kad_post_feature":"","_kad_post_feature_position":"","_kad_post_header":false,"_kad_post_footer":false,"_kad_post_classname":"","footnotes":""},"categories":[2],"tags":[],"class_list":["post-529","post","type-post","status-publish","format-standard","has-post-thumbnail","hentry","category-concerte"],"_links":{"self":[{"href":"https:\/\/tinerimearomana.ro\/corul-preludiu\/wp-json\/wp\/v2\/posts\/529"}],"collection":[{"href":"https:\/\/tinerimearomana.ro\/corul-preludiu\/wp-json\/wp\/v2\/posts"}],"about":[{"href":"https:\/\/tinerimearomana.ro\/corul-preludiu\/wp-json\/wp\/v2\/types\/post"}],"author":[{"embeddable":true,"href":"https:\/\/tinerimearomana.ro\/corul-preludiu\/wp-json\/wp\/v2\/users\/1"}],"replies":[{"embeddable":true,"href":"https:\/\/tinerimearomana.ro\/corul-preludiu\/wp-json\/wp\/v2\/comments?post=529"}],"version-history":[{"count":3,"href":"https:\/\/tinerimearomana.ro\/corul-preludiu\/wp-json\/wp\/v2\/posts\/529\/revisions"}],"predecessor-version":[{"id":611,"href":"https:\/\/tinerimearomana.ro\/corul-preludiu\/wp-json\/wp\/v2\/posts\/529\/revisions\/611"}],"wp:featuredmedia":[{"embeddable":true,"href":"https:\/\/tinerimearomana.ro\/corul-preludiu\/wp-json\/wp\/v2\/media\/530"}],"wp:attachment":[{"href":"https:\/\/tinerimearomana.ro\/corul-preludiu\/wp-json\/wp\/v2\/media?parent=529"}],"wp:term":[{"taxonomy":"category","embeddable":true,"href":"https:\/\/tinerimearomana.ro\/corul-preludiu\/wp-json\/wp\/v2\/categories?post=529"},{"taxonomy":"post_tag","embeddable":true,"href":"https:\/\/tinerimearomana.ro\/corul-preludiu\/wp-json\/wp\/v2\/tags?post=529"}],"curies":[{"name":"wp","href":"https:\/\/api.w.org\/{rel}","templated":true}]}}