{"id":526,"date":"2022-05-22T12:42:53","date_gmt":"2022-05-22T12:42:53","guid":{"rendered":"https:\/\/tinerimearomana.ro\/corul-preludiu\/?p=526"},"modified":"2022-11-10T22:16:52","modified_gmt":"2022-11-10T22:16:52","slug":"prezenta-de-traditie-a-corului-de-camera-preludiu-la-simn-2022","status":"publish","type":"post","link":"https:\/\/tinerimearomana.ro\/corul-preludiu\/prezenta-de-traditie-a-corului-de-camera-preludiu-la-simn-2022\/","title":{"rendered":"PREZENTA DE TRADITIE A CORULUI DE CAMERA PRELUDIU LA SIMN 2022"},"content":{"rendered":"<p><strong>Corul de Camer\u0103 &#8220;Preludiu&#8221;<\/strong> al Centrului Na\u021bional de Art\u0103 &#8220;Tinerimea Rom\u00e2n\u0103&#8221; o prezen\u021b\u0103 cu tradi\u021bie la S\u0103pt\u0103m\u00e2na Interna\u021bional\u0103 a Muzicii Noi!<br \/>\n<strong>Luni 23 mai de la ora 19:00<\/strong> \u00een sala &#8220;George Enescu&#8221; a Universit\u0103\u021bii Na\u021bionale de Muzic\u0103 din Bucure\u0219ti, <strong>Corul de Camer\u0103 &#8220;Preludiu&#8221;<\/strong> dirijat de Andrei St\u0103nculescu, va panorama un cadru larg al crea\u021biei secolului XX \u0219i \u00eenceput de secol XXI.<\/p>\n<p>Preg\u0103tind acest eveniment, dirijorul<strong> Andrei St\u0103nculescu<\/strong> declara:<br \/>\n<em>&#8220;Suntem extrem de onora\u021bi de invita\u021bia \u00een cadrul acestui prestigios Festival.<\/em><br \/>\n<em>Pentru mine este cu at\u00e2t mai emo\u021bionant, fiindc\u0103 \u00een S\u0103pt\u0103m\u00e2na Interna\u021bional\u0103 a Muzicii Noi a anului 2017 am dirijat pentru prima dat\u0103 public Corul de Camer\u0103 Preludiu, ansamblu al c\u0103rui dirijor sunt ast\u0103zi.<\/em><\/p>\n<p><img decoding=\"async\" class=\"aligncenter size-full wp-image-527\" src=\"https:\/\/tinerimearomana.ro\/corul-preludiu\/wp-content\/uploads\/sites\/9\/2022\/05\/PRELUDIU_SIMN_23-MAI-2022.jpg\" alt=\"\" width=\"100%\" height=\"auto\" srcset=\"https:\/\/tinerimearomana.ro\/corul-preludiu\/wp-content\/uploads\/sites\/9\/2022\/05\/PRELUDIU_SIMN_23-MAI-2022.jpg 960w, https:\/\/tinerimearomana.ro\/corul-preludiu\/wp-content\/uploads\/sites\/9\/2022\/05\/PRELUDIU_SIMN_23-MAI-2022-212x300.jpg 212w, https:\/\/tinerimearomana.ro\/corul-preludiu\/wp-content\/uploads\/sites\/9\/2022\/05\/PRELUDIU_SIMN_23-MAI-2022-724x1024.jpg 724w, https:\/\/tinerimearomana.ro\/corul-preludiu\/wp-content\/uploads\/sites\/9\/2022\/05\/PRELUDIU_SIMN_23-MAI-2022-768x1086.jpg 768w\" sizes=\"(max-width: 960px) 100vw, 960px\" \/>[:]\n","protected":false},"excerpt":{"rendered":"<p>Corul de Camer\u0103 &#8220;Preludiu&#8221; al Centrului Na\u021bional de Art\u0103 &#8220;Tinerimea Rom\u00e2n\u0103&#8221; o prezen\u021b\u0103 cu tradi\u021bie la S\u0103pt\u0103m\u00e2na Interna\u021bional\u0103 a Muzicii Noi! Luni 23 mai de la ora 19:00 \u00een sala &#8220;George Enescu&#8221; a Universit\u0103\u021bii Na\u021bionale de Muzic\u0103 din Bucure\u0219ti, Corul de Camer\u0103 &#8220;Preludiu&#8221; dirijat de Andrei St\u0103nculescu, va panorama un cadru larg al crea\u021biei secolului&#8230;<\/p>\n","protected":false},"author":1,"featured_media":527,"comment_status":"open","ping_status":"open","sticky":false,"template":"","format":"standard","meta":{"_kadence_starter_templates_imported_post":false,"_kad_post_transparent":"","_kad_post_title":"","_kad_post_layout":"","_kad_post_sidebar_id":"","_kad_post_content_style":"","_kad_post_vertical_padding":"","_kad_post_feature":"","_kad_post_feature_position":"","_kad_post_header":false,"_kad_post_footer":false,"_kad_post_classname":"","footnotes":""},"categories":[2],"tags":[],"class_list":["post-526","post","type-post","status-publish","format-standard","has-post-thumbnail","hentry","category-concerte"],"_links":{"self":[{"href":"https:\/\/tinerimearomana.ro\/corul-preludiu\/wp-json\/wp\/v2\/posts\/526"}],"collection":[{"href":"https:\/\/tinerimearomana.ro\/corul-preludiu\/wp-json\/wp\/v2\/posts"}],"about":[{"href":"https:\/\/tinerimearomana.ro\/corul-preludiu\/wp-json\/wp\/v2\/types\/post"}],"author":[{"embeddable":true,"href":"https:\/\/tinerimearomana.ro\/corul-preludiu\/wp-json\/wp\/v2\/users\/1"}],"replies":[{"embeddable":true,"href":"https:\/\/tinerimearomana.ro\/corul-preludiu\/wp-json\/wp\/v2\/comments?post=526"}],"version-history":[{"count":2,"href":"https:\/\/tinerimearomana.ro\/corul-preludiu\/wp-json\/wp\/v2\/posts\/526\/revisions"}],"predecessor-version":[{"id":610,"href":"https:\/\/tinerimearomana.ro\/corul-preludiu\/wp-json\/wp\/v2\/posts\/526\/revisions\/610"}],"wp:featuredmedia":[{"embeddable":true,"href":"https:\/\/tinerimearomana.ro\/corul-preludiu\/wp-json\/wp\/v2\/media\/527"}],"wp:attachment":[{"href":"https:\/\/tinerimearomana.ro\/corul-preludiu\/wp-json\/wp\/v2\/media?parent=526"}],"wp:term":[{"taxonomy":"category","embeddable":true,"href":"https:\/\/tinerimearomana.ro\/corul-preludiu\/wp-json\/wp\/v2\/categories?post=526"},{"taxonomy":"post_tag","embeddable":true,"href":"https:\/\/tinerimearomana.ro\/corul-preludiu\/wp-json\/wp\/v2\/tags?post=526"}],"curies":[{"name":"wp","href":"https:\/\/api.w.org\/{rel}","templated":true}]}}