{"id":506,"date":"2022-03-01T21:52:06","date_gmt":"2022-03-01T21:52:06","guid":{"rendered":"https:\/\/tinerimearomana.ro\/corul-preludiu\/?p=506"},"modified":"2022-11-10T22:17:58","modified_gmt":"2022-11-10T22:17:58","slug":"corul-de-camera-preludiu-concert-de-muzica-franceza","status":"publish","type":"post","link":"https:\/\/tinerimearomana.ro\/corul-preludiu\/corul-de-camera-preludiu-concert-de-muzica-franceza\/","title":{"rendered":"Corul de Camer\u0103 Preludiu \u2013 concert de muzic\u0103 francez\u0103"},"content":{"rendered":"<p><strong>Corul de camer\u0103 Preludiu<\/strong> dirijat de <strong>Andrei St\u0103nculescu<\/strong> invit\u0103 publicul la un concert special pe data de 9 martie, ora 19.00, la Sala \u201cGeorge Enescu\u201d a Universit\u0103\u0163ii Na\u021bionale de Muzic\u0103 din Bucure\u0219ti (UNMB), concert realizat \u00een colaborare de Centrul Na\u021bional de Art\u0103 Tinerimea Rom\u00e2n\u0103 (CNATR), Radio Rom\u00e2nia Muzical \u0219i Universitatea Na\u021bional\u0103 de Muzic\u0103 din Bucure\u0219ti \u015fi prezentat de realizatorul Radio Rom\u00e2nia Muzical, Liviu Pe\u0163u. Acompaniaz\u0103 la pian\/clavecin \u2013 Flavian Chitic, l\u0103ut\u0103\/teorb\u0103 &#8211; Costin Dumitra\u0219cu.<\/p>\n<p>Publicul va avea ocazia de a asculta \u00een interpretarea Corului de camer\u0103 Preludiu lucr\u0103ri corale din repertoriul de gen mai rar interpretate la noi, de la Josquin des Prez, Guillaume Costeley, Jean-Philippe Rameau, p\u00e2n\u0103 la Georges Bizet, Camille Saint-Saens \u015fi ajung\u00e2nd, evident, la Claude Debussy, Francis Poulenc \u015fi Maurice Ravel : <em><i>Trois chansons, Nicolette, Trois beaux oiseaux du Paradis, Ronde<\/i><\/em>\u00a0\u015fi, nu \u00een ultimul r\u00e2nd, celebrul <em><i>Bolero<\/i><\/em>, \u00een aranjamentul lui Andrei T\u0103n\u0103sescu.<\/p>\n<p><strong>Dirijorul Andrei St\u0103nculescu<\/strong> declara \u00eenaintea acestui concert : <em><i>\u201cCorul de camer\u0103 Preludiu propune publicului o odisee muzical\u0103 ce \u00eel aniverseaz\u0103 pe compozitorul Maurice Ravel \u0219i schi\u021beaz\u0103 o hart\u0103 istoric\u0103 a devenirii muzicii acestuia.\u201d <\/i><\/em><\/p>\n<p>Concertul de la UNMB va fi precedat de un altul, pe 7 martie, ora 19.00, g\u0103zduit de Institutul Francez din Rom\u00e2nia la Bucure\u0219ti, eveniment marc\u00e2nd rela\u0163ia istoric\u0103 \u00eentre cele dou\u0103 \u0163\u0103ri, rezultat al colabor\u0103rii dintre Centrul Na\u021bional de Art\u0103 Tinerimea Rom\u00e2n\u0103 \u0219i Institutul Francez.<\/p>\n<p>Organizator :\u00a0 <strong><b>Centrul Na\u021bional de Art\u0103 \u201eTinerimea Rom\u00e2n\u0103&#8221;<\/b><\/strong><\/p>\n<p>Parteneri: <strong><b>Universitatea Na\u0163ional\u0103 de Muzic\u0103 din Bucure\u015fti, Radio Rom\u00e2nia Muzical, Institutul Cultural Francez. <\/b><\/strong><\/p>\n<p>Parteneri media: <strong><b>Radio Rom\u00e2nia Cultural \u015fi Radio Rom\u00e2nia Muzical, Rom\u00e2nia TV,\u00a0Mediatrust,\u00a0Observator Cultural, Liternet, Agen\u0163ia de carte, Q Magazine.<\/b><\/strong><\/p>\n<div class=\"su-row\"><div class=\"su-column su-column-size-1-2\"><div class=\"su-column-inner su-u-clearfix su-u-trim\"><img decoding=\"async\" class=\"aligncenter size-full wp-image-508\" src=\"https:\/\/tinerimearomana.ro\/corul-preludiu\/wp-content\/uploads\/sites\/9\/2022\/03\/Concert-Preludiu_7martie2022.jpg\" alt=\"\" width=\"100%\" height=\"auto\" srcset=\"https:\/\/tinerimearomana.ro\/corul-preludiu\/wp-content\/uploads\/sites\/9\/2022\/03\/Concert-Preludiu_7martie2022.jpg 960w, https:\/\/tinerimearomana.ro\/corul-preludiu\/wp-content\/uploads\/sites\/9\/2022\/03\/Concert-Preludiu_7martie2022-212x300.jpg 212w, https:\/\/tinerimearomana.ro\/corul-preludiu\/wp-content\/uploads\/sites\/9\/2022\/03\/Concert-Preludiu_7martie2022-723x1024.jpg 723w, https:\/\/tinerimearomana.ro\/corul-preludiu\/wp-content\/uploads\/sites\/9\/2022\/03\/Concert-Preludiu_7martie2022-768x1087.jpg 768w\" sizes=\"(max-width: 960px) 100vw, 960px\" \/><\/div><\/div>\n<div class=\"su-column su-column-size-1-2\"><div class=\"su-column-inner su-u-clearfix su-u-trim\"> <img decoding=\"async\" class=\"aligncenter size-full wp-image-507\" src=\"https:\/\/tinerimearomana.ro\/corul-preludiu\/wp-content\/uploads\/sites\/9\/2022\/03\/Concert-Preludiu_9martie2022.jpg\" alt=\"\" width=\"100%\" height=\"auto\" srcset=\"https:\/\/tinerimearomana.ro\/corul-preludiu\/wp-content\/uploads\/sites\/9\/2022\/03\/Concert-Preludiu_9martie2022.jpg 960w, https:\/\/tinerimearomana.ro\/corul-preludiu\/wp-content\/uploads\/sites\/9\/2022\/03\/Concert-Preludiu_9martie2022-212x300.jpg 212w, https:\/\/tinerimearomana.ro\/corul-preludiu\/wp-content\/uploads\/sites\/9\/2022\/03\/Concert-Preludiu_9martie2022-723x1024.jpg 723w, https:\/\/tinerimearomana.ro\/corul-preludiu\/wp-content\/uploads\/sites\/9\/2022\/03\/Concert-Preludiu_9martie2022-768x1087.jpg 768w\" sizes=\"(max-width: 960px) 100vw, 960px\" \/><\/div><\/div><\/div>\n[:]\n","protected":false},"excerpt":{"rendered":"<p>Corul de camer\u0103 Preludiu dirijat de Andrei St\u0103nculescu invit\u0103 publicul la un concert special pe data de 9 martie, ora 19.00, la Sala \u201cGeorge Enescu\u201d a Universit\u0103\u0163ii Na\u021bionale de Muzic\u0103 din Bucure\u0219ti (UNMB), concert realizat \u00een colaborare de Centrul Na\u021bional de Art\u0103 Tinerimea Rom\u00e2n\u0103 (CNATR), Radio Rom\u00e2nia Muzical \u0219i Universitatea Na\u021bional\u0103 de Muzic\u0103 din Bucure\u0219ti&#8230;<\/p>\n","protected":false},"author":1,"featured_media":508,"comment_status":"open","ping_status":"open","sticky":false,"template":"","format":"standard","meta":{"_kadence_starter_templates_imported_post":false,"_kad_post_transparent":"","_kad_post_title":"","_kad_post_layout":"","_kad_post_sidebar_id":"","_kad_post_content_style":"","_kad_post_vertical_padding":"","_kad_post_feature":"","_kad_post_feature_position":"","_kad_post_header":false,"_kad_post_footer":false,"_kad_post_classname":"","footnotes":""},"categories":[2],"tags":[],"class_list":["post-506","post","type-post","status-publish","format-standard","has-post-thumbnail","hentry","category-concerte"],"_links":{"self":[{"href":"https:\/\/tinerimearomana.ro\/corul-preludiu\/wp-json\/wp\/v2\/posts\/506"}],"collection":[{"href":"https:\/\/tinerimearomana.ro\/corul-preludiu\/wp-json\/wp\/v2\/posts"}],"about":[{"href":"https:\/\/tinerimearomana.ro\/corul-preludiu\/wp-json\/wp\/v2\/types\/post"}],"author":[{"embeddable":true,"href":"https:\/\/tinerimearomana.ro\/corul-preludiu\/wp-json\/wp\/v2\/users\/1"}],"replies":[{"embeddable":true,"href":"https:\/\/tinerimearomana.ro\/corul-preludiu\/wp-json\/wp\/v2\/comments?post=506"}],"version-history":[{"count":2,"href":"https:\/\/tinerimearomana.ro\/corul-preludiu\/wp-json\/wp\/v2\/posts\/506\/revisions"}],"predecessor-version":[{"id":617,"href":"https:\/\/tinerimearomana.ro\/corul-preludiu\/wp-json\/wp\/v2\/posts\/506\/revisions\/617"}],"wp:featuredmedia":[{"embeddable":true,"href":"https:\/\/tinerimearomana.ro\/corul-preludiu\/wp-json\/wp\/v2\/media\/508"}],"wp:attachment":[{"href":"https:\/\/tinerimearomana.ro\/corul-preludiu\/wp-json\/wp\/v2\/media?parent=506"}],"wp:term":[{"taxonomy":"category","embeddable":true,"href":"https:\/\/tinerimearomana.ro\/corul-preludiu\/wp-json\/wp\/v2\/categories?post=506"},{"taxonomy":"post_tag","embeddable":true,"href":"https:\/\/tinerimearomana.ro\/corul-preludiu\/wp-json\/wp\/v2\/tags?post=506"}],"curies":[{"name":"wp","href":"https:\/\/api.w.org\/{rel}","templated":true}]}}