{"id":499,"date":"2022-01-14T10:59:08","date_gmt":"2022-01-14T10:59:08","guid":{"rendered":"https:\/\/tinerimearomana.ro\/corul-preludiu\/?p=499"},"modified":"2022-11-10T22:17:58","modified_gmt":"2022-11-10T22:17:58","slug":"concert-coral-cu-ocazia-zilei-culturii-nationale","status":"publish","type":"post","link":"https:\/\/tinerimearomana.ro\/corul-preludiu\/concert-coral-cu-ocazia-zilei-culturii-nationale\/","title":{"rendered":"Concert coral cu ocazia \u201cZilei Culturii Na\u021bionale\u201d"},"content":{"rendered":"<p><strong>Mar\u021bi, 18 ianuarie 2022<\/strong>, de la ora 18:00, \u201cZiua Culturii Na\u021bionale\u201d va fi s\u0103rbatorit\u0103 de C.N.A.\u201dTinerimea Romana\u201d, la Palatul \u201cTinerimea Rom\u00e2n\u0103\u201d, din B-dul Schitu M\u0103gureanu nr.5, printr-un concert sus\u021binut de <strong>Corul de Camer\u0103 Preludiu<\/strong> condus de dirijorul Andrei St\u0103nculescu.<\/p>\n<p>Programul, printre altele, include lucr\u0103ri semnificative ale unor compozitori rom\u00e2ni printre care: Paul Constantinescu, Vasile Popovici, Eugen Doga,Tudor Flondor, Felicia Donceanu, pe versuri eminesciene.<br \/>\nConcertul este organizat in parteneriat cu TrinitasTV.<\/p>\n<p><img decoding=\"async\" class=\"aligncenter size-full wp-image-503\" src=\"https:\/\/tinerimearomana.ro\/corul-preludiu\/wp-content\/uploads\/sites\/9\/2022\/01\/PRELUDIU_18-ian.2022_web2.jpg\" alt=\"\" width=\"100%\" height=\"auto\" srcset=\"https:\/\/tinerimearomana.ro\/corul-preludiu\/wp-content\/uploads\/sites\/9\/2022\/01\/PRELUDIU_18-ian.2022_web2.jpg 900w, https:\/\/tinerimearomana.ro\/corul-preludiu\/wp-content\/uploads\/sites\/9\/2022\/01\/PRELUDIU_18-ian.2022_web2-212x300.jpg 212w, https:\/\/tinerimearomana.ro\/corul-preludiu\/wp-content\/uploads\/sites\/9\/2022\/01\/PRELUDIU_18-ian.2022_web2-724x1024.jpg 724w, https:\/\/tinerimearomana.ro\/corul-preludiu\/wp-content\/uploads\/sites\/9\/2022\/01\/PRELUDIU_18-ian.2022_web2-768x1086.jpg 768w\" sizes=\"(max-width: 900px) 100vw, 900px\" \/>[:]\n","protected":false},"excerpt":{"rendered":"<p>Mar\u021bi, 18 ianuarie 2022, de la ora 18:00, \u201cZiua Culturii Na\u021bionale\u201d va fi s\u0103rbatorit\u0103 de C.N.A.\u201dTinerimea Romana\u201d, la Palatul \u201cTinerimea Rom\u00e2n\u0103\u201d, din B-dul Schitu M\u0103gureanu nr.5, printr-un concert sus\u021binut de Corul de Camer\u0103 Preludiu condus de dirijorul Andrei St\u0103nculescu. Programul, printre altele, include lucr\u0103ri semnificative ale unor compozitori rom\u00e2ni printre care: Paul Constantinescu, Vasile Popovici,&#8230;<\/p>\n","protected":false},"author":1,"featured_media":393,"comment_status":"open","ping_status":"open","sticky":false,"template":"","format":"standard","meta":{"_kadence_starter_templates_imported_post":false,"_kad_post_transparent":"default","_kad_post_title":"default","_kad_post_layout":"default","_kad_post_sidebar_id":"","_kad_post_content_style":"default","_kad_post_vertical_padding":"default","_kad_post_feature":"","_kad_post_feature_position":"","_kad_post_header":false,"_kad_post_footer":false,"_kad_post_classname":"","footnotes":""},"categories":[2],"tags":[],"class_list":["post-499","post","type-post","status-publish","format-standard","has-post-thumbnail","hentry","category-concerte"],"_links":{"self":[{"href":"https:\/\/tinerimearomana.ro\/corul-preludiu\/wp-json\/wp\/v2\/posts\/499"}],"collection":[{"href":"https:\/\/tinerimearomana.ro\/corul-preludiu\/wp-json\/wp\/v2\/posts"}],"about":[{"href":"https:\/\/tinerimearomana.ro\/corul-preludiu\/wp-json\/wp\/v2\/types\/post"}],"author":[{"embeddable":true,"href":"https:\/\/tinerimearomana.ro\/corul-preludiu\/wp-json\/wp\/v2\/users\/1"}],"replies":[{"embeddable":true,"href":"https:\/\/tinerimearomana.ro\/corul-preludiu\/wp-json\/wp\/v2\/comments?post=499"}],"version-history":[{"count":5,"href":"https:\/\/tinerimearomana.ro\/corul-preludiu\/wp-json\/wp\/v2\/posts\/499\/revisions"}],"predecessor-version":[{"id":616,"href":"https:\/\/tinerimearomana.ro\/corul-preludiu\/wp-json\/wp\/v2\/posts\/499\/revisions\/616"}],"wp:featuredmedia":[{"embeddable":true,"href":"https:\/\/tinerimearomana.ro\/corul-preludiu\/wp-json\/wp\/v2\/media\/393"}],"wp:attachment":[{"href":"https:\/\/tinerimearomana.ro\/corul-preludiu\/wp-json\/wp\/v2\/media?parent=499"}],"wp:term":[{"taxonomy":"category","embeddable":true,"href":"https:\/\/tinerimearomana.ro\/corul-preludiu\/wp-json\/wp\/v2\/categories?post=499"},{"taxonomy":"post_tag","embeddable":true,"href":"https:\/\/tinerimearomana.ro\/corul-preludiu\/wp-json\/wp\/v2\/tags?post=499"}],"curies":[{"name":"wp","href":"https:\/\/api.w.org\/{rel}","templated":true}]}}