{"id":495,"date":"2021-12-03T16:27:47","date_gmt":"2021-12-03T16:27:47","guid":{"rendered":"https:\/\/tinerimearomana.ro\/corul-preludiu\/?p=495"},"modified":"2022-11-10T22:17:58","modified_gmt":"2022-11-10T22:17:58","slug":"orchestra-romana-de-tineret-si-corul-de-camera-preludiu-concert-de-craciun-la-ateneul-roman","status":"publish","type":"post","link":"https:\/\/tinerimearomana.ro\/corul-preludiu\/orchestra-romana-de-tineret-si-corul-de-camera-preludiu-concert-de-craciun-la-ateneul-roman\/","title":{"rendered":"ORCHESTRA ROMANA DE TINERET SI CORUL DE CAMER\u0102 &#8220;PRELUDIU&#8221; &#8211; CONCERT DE CRACIUN LA ATENEUL ROMAN"},"content":{"rendered":"<p><strong>Corul de camera Preludiu<\/strong> \u015fi<strong> Orchestra Rom\u00e2n\u0103 de Tineret<\/strong> dirijate de <strong>Andrei St\u0103nculescu<\/strong> vor evolua pe <strong>8 decembrie<\/strong>, <strong>ora 19<\/strong>,<strong> la Ateneul Rom\u00e2n<\/strong>, \u00eentr-un prim eveniment pe care \u00eel sus\u0163in \u00een aceast\u0103 formul\u0103, sub conducerea muzical\u0103 a t\u00e2n\u0103rului dirijor. Soli\u0219tii concertului vor fi : Diana Alexe \u2013 sopran\u0103, \u0218tefania Chi\u021bulescu \u2013 mezzosopran\u0103, Andreea Iftimescu \u2013 contralto, Andrei Laz\u0103r \u2013 tenor, Jinxin Chen \u2013 bariton.<\/p>\n<p>Managerul Centrului Na\u0163ional de Art\u0103 Tinerimea Rom\u00e2n\u0103, <strong>Marin Cazacu<\/strong> declara : \u201cT\u00e2n\u0103rul dirijor Andrei St\u0103nculescu, actualul dirijor al Corului de camera Preludiu, apare pentru prima oar\u0103 la Ateneul Rom\u00e2n \u00eentr-un concert vocal-simfonic \u00een care corul Preludiu va interpreta at\u00e2t un program a cappella cuprinz\u00e2nd colinde celebre din repertoriul rom\u00e2nesc \u015fi universal, c\u00e2t \u015fi, al\u0103turi de Orchestra<br \/>\nRom\u00e2n\u0103 de Tineret, Oratoriul de Cr\u0103ciun de Camille Saint-Saens, prin care anivers\u0103m centenarul celebrului muzician francez.\u201d<\/p>\n<p>\u00cen programul muzical preg\u0103tit de corul Preludiu pentru partea a cappella a concertului vor putea fi ascultate lucr\u0103ri celebre de sezon precum Richard Oschanitzky &#8211; Dou\u0103 colinde laice, Gheorghe Cucu &#8211; Domnule\u021b \u0219i domn din cer, Alexandru Pa\u0219canu &#8211; Dup\u0103 datini colind\u0103m, Valentin Teodorian &#8211; Leg\u0103nelul lui Iisus, Paul Constantinescu &#8211; Minune prea mare, sau cunoscutele c\u00e2ntece de Cr\u0103ciun interna\u0163ionale Le Roi des cieux, No\u00ebl Nouvelet, Cantique de No\u00ebl. \u00cen partea a doua, va fi prezentat Oratoriul de Cr\u0103ciun op. 12 de Camille Saint-Sa\u00ebns.<\/p>\n<p>Dirijorul Andrei St\u0103nculescu declara \u00eenaintea concertului ,,Acest concert reprezint\u0103 debutul meu pe scena Ateneului Rom\u00e2n, o onoare \u0219i o responsabilitate imens\u0103 pentru orice muzician rom\u00e2n \u0219i nu numai. Din fericire, am al\u0103turi de mine dou\u0103 ansambluri extraordinare, pe care le cunosc \u0219i cu care am mai colaborat. Nici una dintre cele dou\u0103 nu are nevoie de prezent\u0103ri, dar \u021bin s\u0103 spun c\u0103 foarte rar \u00een lume se \u00eent\u00e2mpl\u0103 ca dou\u0103 forma\u021bii de un asemenea nivel s\u0103 se afle sub egida acelea\u0219i institu\u021bii, \u00een cazul acesta Centrul Na\u021bional de Art\u0103 Tinerimea Rom\u00e2n\u0103\u201d.<\/p>\n<p><strong>Organizator : Centrul Na\u021bional de Art\u0103 \u201eTinerimea Rom\u00e2n\u0103&#8221;<\/strong><br \/>\n<strong>Co-organizator : Filarmonica \u201eGeorge Enescu\u201d<\/strong><br \/>\n<strong>Parteneri media: Radio Rom\u00e2nia Cultural \u015fi Radio Rom\u00e2nia Muzical, Rom\u00e2nia TV,\u00a0Mediatrust,<\/strong><br \/>\n<strong>Liternet, Agen\u0163ia de carte, Q Magazine.<\/strong><\/p>\n<p><img decoding=\"async\" class=\"aligncenter size-full wp-image-496\" src=\"https:\/\/tinerimearomana.ro\/corul-preludiu\/wp-content\/uploads\/sites\/9\/2021\/12\/Preludiu_8dec_web-1.jpg\" alt=\"\" width=\"100%\" height=\"auto\" srcset=\"https:\/\/tinerimearomana.ro\/corul-preludiu\/wp-content\/uploads\/sites\/9\/2021\/12\/Preludiu_8dec_web-1.jpg 960w, https:\/\/tinerimearomana.ro\/corul-preludiu\/wp-content\/uploads\/sites\/9\/2021\/12\/Preludiu_8dec_web-1-212x300.jpg 212w, https:\/\/tinerimearomana.ro\/corul-preludiu\/wp-content\/uploads\/sites\/9\/2021\/12\/Preludiu_8dec_web-1-723x1024.jpg 723w, https:\/\/tinerimearomana.ro\/corul-preludiu\/wp-content\/uploads\/sites\/9\/2021\/12\/Preludiu_8dec_web-1-768x1087.jpg 768w\" sizes=\"(max-width: 960px) 100vw, 960px\" \/>[:]\n","protected":false},"excerpt":{"rendered":"<p>Corul de camera Preludiu \u015fi Orchestra Rom\u00e2n\u0103 de Tineret dirijate de Andrei St\u0103nculescu vor evolua pe 8 decembrie, ora 19, la Ateneul Rom\u00e2n, \u00eentr-un prim eveniment pe care \u00eel sus\u0163in \u00een aceast\u0103 formul\u0103, sub conducerea muzical\u0103 a t\u00e2n\u0103rului dirijor. Soli\u0219tii concertului vor fi : Diana Alexe \u2013 sopran\u0103, \u0218tefania Chi\u021bulescu \u2013 mezzosopran\u0103, Andreea Iftimescu \u2013&#8230;<\/p>\n","protected":false},"author":1,"featured_media":496,"comment_status":"open","ping_status":"open","sticky":false,"template":"","format":"standard","meta":{"_kadence_starter_templates_imported_post":false,"_kad_post_transparent":"","_kad_post_title":"","_kad_post_layout":"","_kad_post_sidebar_id":"","_kad_post_content_style":"","_kad_post_vertical_padding":"","_kad_post_feature":"","_kad_post_feature_position":"","_kad_post_header":false,"_kad_post_footer":false,"_kad_post_classname":"","footnotes":""},"categories":[2],"tags":[],"class_list":["post-495","post","type-post","status-publish","format-standard","has-post-thumbnail","hentry","category-concerte"],"_links":{"self":[{"href":"https:\/\/tinerimearomana.ro\/corul-preludiu\/wp-json\/wp\/v2\/posts\/495"}],"collection":[{"href":"https:\/\/tinerimearomana.ro\/corul-preludiu\/wp-json\/wp\/v2\/posts"}],"about":[{"href":"https:\/\/tinerimearomana.ro\/corul-preludiu\/wp-json\/wp\/v2\/types\/post"}],"author":[{"embeddable":true,"href":"https:\/\/tinerimearomana.ro\/corul-preludiu\/wp-json\/wp\/v2\/users\/1"}],"replies":[{"embeddable":true,"href":"https:\/\/tinerimearomana.ro\/corul-preludiu\/wp-json\/wp\/v2\/comments?post=495"}],"version-history":[{"count":2,"href":"https:\/\/tinerimearomana.ro\/corul-preludiu\/wp-json\/wp\/v2\/posts\/495\/revisions"}],"predecessor-version":[{"id":615,"href":"https:\/\/tinerimearomana.ro\/corul-preludiu\/wp-json\/wp\/v2\/posts\/495\/revisions\/615"}],"wp:featuredmedia":[{"embeddable":true,"href":"https:\/\/tinerimearomana.ro\/corul-preludiu\/wp-json\/wp\/v2\/media\/496"}],"wp:attachment":[{"href":"https:\/\/tinerimearomana.ro\/corul-preludiu\/wp-json\/wp\/v2\/media?parent=495"}],"wp:term":[{"taxonomy":"category","embeddable":true,"href":"https:\/\/tinerimearomana.ro\/corul-preludiu\/wp-json\/wp\/v2\/categories?post=495"},{"taxonomy":"post_tag","embeddable":true,"href":"https:\/\/tinerimearomana.ro\/corul-preludiu\/wp-json\/wp\/v2\/tags?post=495"}],"curies":[{"name":"wp","href":"https:\/\/api.w.org\/{rel}","templated":true}]}}