{"id":487,"date":"2021-11-12T09:37:11","date_gmt":"2021-11-12T09:37:11","guid":{"rendered":"https:\/\/tinerimearomana.ro\/corul-preludiu\/?p=487"},"modified":"2022-11-10T22:18:33","modified_gmt":"2022-11-10T22:18:33","slug":"concert-al-corului-de-camera-preludiu-dedicat-sf-cecilia-ocrotitoarea-muzicii","status":"publish","type":"post","link":"https:\/\/tinerimearomana.ro\/corul-preludiu\/concert-al-corului-de-camera-preludiu-dedicat-sf-cecilia-ocrotitoarea-muzicii\/","title":{"rendered":"CONCERT AL CORULUI DE CAMERA &#8220;PRELUDIU&#8221; DEDICAT ST.CECILIA OCROTITOAREA MUZICII"},"content":{"rendered":"<p><strong>Luni 22 noiembrie<\/strong>, de la ora <strong>20.00<\/strong> \u00een continuarea slujbei de sear\u0103, la <strong>Catedrala Sf.Iosif din Bucure\u0219ti<\/strong> va avea loc un recital inedit al <strong>Corului de Camer\u0103 &#8220;Preludiu&#8221;<\/strong> dirijat de <strong>Andrei St\u0103nculescu<\/strong>.<\/p>\n<p>Dedicat <strong>St.Cecilia<\/strong>, ocrotitoarea muzicii, programul cuprinde \u0219i lucr\u0103ri foarte rar interpretate \u00een Rom\u00e2nia, care acoper\u0103 peste trei secole de istorie a muzicii \u0219i o surprinz\u0103toare varietate stilistic\u0103, \u00eentr-o versiune interpretativ\u0103 de nivel interna\u021bional.<\/p>\n<p>&#8220;Concertul va fi transmis online in direct pe\u00a0<a href=\"http:\/\/www.angelustv.ro\/\" target=\"_blank\" rel=\"noopener\" data-saferedirecturl=\"https:\/\/www.google.com\/url?q=http:\/\/www.angelustv.ro&amp;source=gmail&amp;ust=1636800319663000&amp;usg=AOvVaw0p-QEJPzzrKar9gFNO-m0T\">www.angelustv.ro<\/a>&#8221;<\/p>\n<p><img decoding=\"async\" class=\"aligncenter size-full wp-image-488\" src=\"https:\/\/tinerimearomana.ro\/corul-preludiu\/wp-content\/uploads\/sites\/9\/2021\/11\/Afis-22nov_web.jpg\" alt=\"\" width=\"100%\" height=\"auto\" \/>[:]\n","protected":false},"excerpt":{"rendered":"<p>Luni 22 noiembrie, de la ora 20.00 \u00een continuarea slujbei de sear\u0103, la Catedrala Sf.Iosif din Bucure\u0219ti va avea loc un recital inedit al Corului de Camer\u0103 &#8220;Preludiu&#8221; dirijat de Andrei St\u0103nculescu. Dedicat St.Cecilia, ocrotitoarea muzicii, programul cuprinde \u0219i lucr\u0103ri foarte rar interpretate \u00een Rom\u00e2nia, care acoper\u0103 peste trei secole de istorie a muzicii \u0219i&#8230;<\/p>\n","protected":false},"author":1,"featured_media":488,"comment_status":"open","ping_status":"open","sticky":false,"template":"","format":"standard","meta":{"_kadence_starter_templates_imported_post":false,"_kad_post_transparent":"","_kad_post_title":"","_kad_post_layout":"","_kad_post_sidebar_id":"","_kad_post_content_style":"","_kad_post_vertical_padding":"","_kad_post_feature":"","_kad_post_feature_position":"","_kad_post_header":false,"_kad_post_footer":false,"_kad_post_classname":"","footnotes":""},"categories":[2],"tags":[],"class_list":["post-487","post","type-post","status-publish","format-standard","has-post-thumbnail","hentry","category-concerte"],"_links":{"self":[{"href":"https:\/\/tinerimearomana.ro\/corul-preludiu\/wp-json\/wp\/v2\/posts\/487"}],"collection":[{"href":"https:\/\/tinerimearomana.ro\/corul-preludiu\/wp-json\/wp\/v2\/posts"}],"about":[{"href":"https:\/\/tinerimearomana.ro\/corul-preludiu\/wp-json\/wp\/v2\/types\/post"}],"author":[{"embeddable":true,"href":"https:\/\/tinerimearomana.ro\/corul-preludiu\/wp-json\/wp\/v2\/users\/1"}],"replies":[{"embeddable":true,"href":"https:\/\/tinerimearomana.ro\/corul-preludiu\/wp-json\/wp\/v2\/comments?post=487"}],"version-history":[{"count":5,"href":"https:\/\/tinerimearomana.ro\/corul-preludiu\/wp-json\/wp\/v2\/posts\/487\/revisions"}],"predecessor-version":[{"id":620,"href":"https:\/\/tinerimearomana.ro\/corul-preludiu\/wp-json\/wp\/v2\/posts\/487\/revisions\/620"}],"wp:featuredmedia":[{"embeddable":true,"href":"https:\/\/tinerimearomana.ro\/corul-preludiu\/wp-json\/wp\/v2\/media\/488"}],"wp:attachment":[{"href":"https:\/\/tinerimearomana.ro\/corul-preludiu\/wp-json\/wp\/v2\/media?parent=487"}],"wp:term":[{"taxonomy":"category","embeddable":true,"href":"https:\/\/tinerimearomana.ro\/corul-preludiu\/wp-json\/wp\/v2\/categories?post=487"},{"taxonomy":"post_tag","embeddable":true,"href":"https:\/\/tinerimearomana.ro\/corul-preludiu\/wp-json\/wp\/v2\/tags?post=487"}],"curies":[{"name":"wp","href":"https:\/\/api.w.org\/{rel}","templated":true}]}}