{"id":480,"date":"2021-10-26T21:15:08","date_gmt":"2021-10-26T21:15:08","guid":{"rendered":"https:\/\/tinerimearomana.ro\/corul-preludiu\/?p=480"},"modified":"2022-11-10T22:18:33","modified_gmt":"2022-11-10T22:18:33","slug":"corul-de-camera-preludiu-dirijat-de-andrei-stanculescu-va-sustine-un-concert-extrordinar-la-ramnicu-valcea","status":"publish","type":"post","link":"https:\/\/tinerimearomana.ro\/corul-preludiu\/corul-de-camera-preludiu-dirijat-de-andrei-stanculescu-va-sustine-un-concert-extrordinar-la-ramnicu-valcea\/","title":{"rendered":"CORUL DE CAMERA &#8220;PRELUDIU&#8221; DIRIJAT DE ANDREI STANCULESCU VA SUSTINE UN CONCERT EXTRORDINAR LA RAMNICU VALCEA"},"content":{"rendered":"<p><strong>CORUL PRELUDIU<\/strong>, sub bagheta t\u00e2n\u0103rului dirijor Andrei St\u0103nculescu, al\u0103turi de <strong>CORUL EUPHONIA<\/strong>, \u00eentr-un CONCERT EXTRAORDINAR pe scena <strong>FILARMONICII ION DUMITRESCU<\/strong> din<strong> R\u00e2mnicu V\u00e2lcea<\/strong>.<\/p>\n<p>V\u0103 invit\u0103m <strong>vineri, 29 octombrie 2021<\/strong>, <strong>ora 19<\/strong>, \u00een <strong>Sala Lahovari<\/strong> a Filarmonicii Ion Dumitrescu din <strong>R\u00e2mnicu V\u00e2lcea<\/strong>, la un Concert Extraordinar sus\u021binut de Corul de camer\u0103 Preludiu, soli\u0219ti Alina Bosovici (sopran\u0103), Gabriela M\u0103dinc\u0103 (sopran\u0103), Marius Nine (bariton), acompania\u021bi de Flavian Chitic (pian) \u0219i Costin Dumitra\u0219cu (l\u0103ut\u0103), al\u0103turi de Corul Euphonia, sub bagheta dirijorului Andrei St\u0103nculescu.<\/p>\n<p>Despre povestea preg\u0103tirii dar \u0219i despre c\u00e2teva surprize repertoriale cuprinse \u00een cadrul acestui eveniment, Andrei St\u0103nculescu declara:<br \/>\n<em>\u201cConcertul extraordinar al Corului de camer\u0103 Preludiu, propune o c\u0103l\u0103torie muzical\u0103 g\u00e2ndit\u0103 pe dou\u0103 traiectorii, care, pe de-o parte \u00eencearc\u0103 s\u0103 prezinte at\u00e2t c\u00e2t se poate corolarul zonelor geografice esen\u021biale muzicii corale, iar pe de alt\u0103 parte \u00eencearc\u0103 s\u0103 le organizeze istoric, contur\u00e2nd astfel o hart\u0103 \u00een timp \u0219i spa\u021biu prin istoria muzicii.<\/em><\/p>\n<p>C\u0103l\u0103toria \u00eencepe \u00een Fran\u021ba secolului XVI, \u00een zona franco-flamand\u0103, de unde porne\u0219te povestea muzicii plurivocale \u0219i urm\u0103re\u0219te dezvoltarea madrigalului, p\u00e2n\u0103 la forma des\u0103v\u00e2r\u0219it\u0103 a acestuia &#8211; \u00een Italia compozitorului Claudio Monteverdi.<br \/>\n\u00cen laboratorul de crea\u021bie al Corului Preludiu, am \u00eencercat s\u0103 p\u0103str\u0103m o form\u0103 c\u00e2t mai apropiat\u0103 istoric a partiturilor abordate cercet\u00e2nd particularit\u0103\u021bile de pronun\u021bie ale limbii franceze din perioada respectiv\u0103, dar \u0219i aduc\u00e2nd \u00een peisaj un instrument aproape necunoscut \u00een Rom\u00e2nia, l\u0103uta, at\u00e2t de proprie perioadei respective.<\/p>\n<p>C\u0103l\u0103toria noastr\u0103 continu\u0103 prin Germania, Ucraina, America latin\u0103, Norvegia \u0219i ajunge s\u0103 tr\u0103iasc\u0103 the american dream prin lumea muzicii contemporane.<\/p>\n<p><strong>Corul de camer\u0103 Preludiu<\/strong> a preg\u0103tit, pe l\u00e2ng\u0103 lucr\u0103rile din repertoriul consacrat, nu mai pu\u021bin de 4 audi\u021bii absolute \u00een Rom\u00e2nia, dintre care amintesc doar lucrarea compozitorului Eric Whitacre &#8211; Leonardo Dreams of His Flying machine, partitur\u0103 care a reprezentat o provocare pentru ansamblul nostru, dar \u0219i o fantastic\u0103 ocazie de a explora universul unui compozitor care pare s\u0103 posede resurse semantice infinite. Aceast\u0103 partitur\u0103, cu subiect \u0219i cu sonorit\u0103\u021bi ce privesc \u00eenapoi reveren\u021bial c\u0103tre perioada Rena\u0219terii, ne-a oferit prilejul s\u0103 cre\u0103m o copert\u0103 palindromic\u0103, ca o privire retrospectiv\u0103 \u0219i o recunoa\u0219tere deopotriv\u0103 a tot ce a c\u00e2\u0219tigat compozi\u021bia vocal\u0103 pe parcursul a 5 secole de crea\u021bie.<\/p>\n<p>Acest concert reprezint\u0103 debutul meu la pupitrul dirijoral al acestui fantastic ansamblu cu aproape 50 de ani de existen\u021b\u0103, lucru onorant \u0219i extrem de motivant, dar, de asemenea \u0219i o reveren\u021b\u0103 adresat\u0103 maestrului nostru, dirijorul \u0219i creatorul corului Preludiu, <strong>maestrul Voicu En\u0103chescu.\u201d<\/strong><\/p>\n<p><img decoding=\"async\" class=\"aligncenter size-full wp-image-483\" src=\"https:\/\/tinerimearomana.ro\/corul-preludiu\/wp-content\/uploads\/sites\/9\/2021\/10\/concert-preludiu-oct2021.jpg\" alt=\"\" width=\"100%\" height=\"auto\" srcset=\"https:\/\/tinerimearomana.ro\/corul-preludiu\/wp-content\/uploads\/sites\/9\/2021\/10\/concert-preludiu-oct2021.jpg 960w, https:\/\/tinerimearomana.ro\/corul-preludiu\/wp-content\/uploads\/sites\/9\/2021\/10\/concert-preludiu-oct2021-212x300.jpg 212w, https:\/\/tinerimearomana.ro\/corul-preludiu\/wp-content\/uploads\/sites\/9\/2021\/10\/concert-preludiu-oct2021-723x1024.jpg 723w, https:\/\/tinerimearomana.ro\/corul-preludiu\/wp-content\/uploads\/sites\/9\/2021\/10\/concert-preludiu-oct2021-768x1088.jpg 768w\" sizes=\"(max-width: 960px) 100vw, 960px\" \/>[:]\n","protected":false},"excerpt":{"rendered":"<p>CORUL PRELUDIU, sub bagheta t\u00e2n\u0103rului dirijor Andrei St\u0103nculescu, al\u0103turi de CORUL EUPHONIA, \u00eentr-un CONCERT EXTRAORDINAR pe scena FILARMONICII ION DUMITRESCU din R\u00e2mnicu V\u00e2lcea. V\u0103 invit\u0103m vineri, 29 octombrie 2021, ora 19, \u00een Sala Lahovari a Filarmonicii Ion Dumitrescu din R\u00e2mnicu V\u00e2lcea, la un Concert Extraordinar sus\u021binut de Corul de camer\u0103 Preludiu, soli\u0219ti Alina Bosovici (sopran\u0103),&#8230;<\/p>\n","protected":false},"author":1,"featured_media":483,"comment_status":"open","ping_status":"open","sticky":false,"template":"","format":"standard","meta":{"_kadence_starter_templates_imported_post":false,"_kad_post_transparent":"","_kad_post_title":"","_kad_post_layout":"","_kad_post_sidebar_id":"","_kad_post_content_style":"","_kad_post_vertical_padding":"","_kad_post_feature":"","_kad_post_feature_position":"","_kad_post_header":false,"_kad_post_footer":false,"_kad_post_classname":"","footnotes":""},"categories":[2],"tags":[],"class_list":["post-480","post","type-post","status-publish","format-standard","has-post-thumbnail","hentry","category-concerte"],"_links":{"self":[{"href":"https:\/\/tinerimearomana.ro\/corul-preludiu\/wp-json\/wp\/v2\/posts\/480"}],"collection":[{"href":"https:\/\/tinerimearomana.ro\/corul-preludiu\/wp-json\/wp\/v2\/posts"}],"about":[{"href":"https:\/\/tinerimearomana.ro\/corul-preludiu\/wp-json\/wp\/v2\/types\/post"}],"author":[{"embeddable":true,"href":"https:\/\/tinerimearomana.ro\/corul-preludiu\/wp-json\/wp\/v2\/users\/1"}],"replies":[{"embeddable":true,"href":"https:\/\/tinerimearomana.ro\/corul-preludiu\/wp-json\/wp\/v2\/comments?post=480"}],"version-history":[{"count":5,"href":"https:\/\/tinerimearomana.ro\/corul-preludiu\/wp-json\/wp\/v2\/posts\/480\/revisions"}],"predecessor-version":[{"id":619,"href":"https:\/\/tinerimearomana.ro\/corul-preludiu\/wp-json\/wp\/v2\/posts\/480\/revisions\/619"}],"wp:featuredmedia":[{"embeddable":true,"href":"https:\/\/tinerimearomana.ro\/corul-preludiu\/wp-json\/wp\/v2\/media\/483"}],"wp:attachment":[{"href":"https:\/\/tinerimearomana.ro\/corul-preludiu\/wp-json\/wp\/v2\/media?parent=480"}],"wp:term":[{"taxonomy":"category","embeddable":true,"href":"https:\/\/tinerimearomana.ro\/corul-preludiu\/wp-json\/wp\/v2\/categories?post=480"},{"taxonomy":"post_tag","embeddable":true,"href":"https:\/\/tinerimearomana.ro\/corul-preludiu\/wp-json\/wp\/v2\/tags?post=480"}],"curies":[{"name":"wp","href":"https:\/\/api.w.org\/{rel}","templated":true}]}}