{"id":471,"date":"2020-11-19T11:34:17","date_gmt":"2020-11-19T11:34:17","guid":{"rendered":"http:\/\/tinerimearomana.ro\/corul-preludiu\/?p=471"},"modified":"2022-11-19T12:55:07","modified_gmt":"2022-11-19T12:55:07","slug":"concert-on-line-al-corului-de-camera-preludiu-dirijat-de-voicu-enachescu","status":"publish","type":"post","link":"https:\/\/tinerimearomana.ro\/corul-preludiu\/concert-on-line-al-corului-de-camera-preludiu-dirijat-de-voicu-enachescu\/","title":{"rendered":"Concert on line al Corului de Camer\u0103 Preludiu dirijat de Voicu En\u0103chescu"},"content":{"rendered":"<p style=\"font-weight: 400;\">\u00a0\u00a0\u00a0\u00a0\u00a0\u00a0\u00a0\u00a0\u00a0\u00a0\u00a0<strong>\u00a0Corul de Camer\u0103 Preludiu<\/strong> al Centrului Na\u021bional de Art\u0103 \u201cTinerimea Rom\u00e2n\u0103\u201d dirijat de Voicu En\u0103chescu va putea fi urm\u0103rit on line vineri, 20 noiembrie, de la ora 18, la adresa de facebook: <a href=\"https:\/\/www.facebook.com\/CentrulNationalTinerimeaRomana.\">click aici<\/a><\/p>\n<p style=\"font-weight: 400;\">\u00a0\u00a0\u00a0\u00a0\u00a0\u00a0\u00a0\u00a0\u00a0\u00a0\u00a0 \u00cen condi\u021biile impuse de criza sanitar\u0103, actul muzical pe viu nu mai poate fi adus \u00een fa\u021ba publicului dec\u00e2t prin intermediul aparaturii audio-video.\u00a0Al\u0103turi de celelalte forma\u021bii artistice ale <strong>Centrului Na\u021bional de Art\u0103 &#8220;Tinerimea Rom\u00e2n\u0103&#8221;<\/strong>, Corul de Camer\u0103 Preludiu, \u00eenfiin\u021bat \u0219i condus de dirijorul Voicu En\u0103chescu\u00a0dore\u0219te s\u0103 fie \u00een continuare al\u0103turi de publicul s\u0103u \u0219i reu\u0219e\u0219te, \u00een pofida restric\u021biilor, s\u0103 impresioneze prin calit\u0103\u021bile artistice care l-au consacrat.<\/p>\n<p style=\"font-weight: 400;\">\u00a0\u00a0\u00a0\u00a0\u00a0\u00a0\u00a0\u00a0\u00a0\u00a0\u00a0 A\u0219adar, v\u0103 invit\u0103m la un recital de bijuterii corale, interpretate \u2013 a\u0219a cum au f\u0103cut-o dintotdeauna \u2013 la cel mai \u00eenalt nivel artistic, \u00eentr-un mesaj de \u00eencredere \u0219i optimism \u00eentr-un viitor, sperat apropiat, al normalit\u0103\u021bii.<\/p>\n<p style=\"font-weight: 400;\">\u00a0\u00a0\u00a0\u00a0\u00a0\u00a0\u00a0\u00a0\u00a0\u00a0\u00a0 \u00cen programul Corului Preludiu ve\u0163i recunoa\u015fte piese celebre ale repertoriului coral a cappella :\u00a0Pierre Passereau\u00a0\u2013\u00a0<em>Il est bel et bon<\/em>,\u00a0anonim spaniol \u2013\u00a0<em>Dindirin<\/em>,\u00a0Edvard Grieg\u00a0\u2013\u00a0<em>Ave Maris Stella<\/em>,\u00a0Georges Bizet \u2013\u00a0<em>Arleziana<\/em>,\u00a0Yuri Falik \u2013\u00a0<em>Neznakomka<\/em>, Mihail Jora \u2013\u00a0<em>M\u0103 mieram<\/em>, Vasile Sp\u0103t\u0103relu \u2013\u00a0<em>Floare albastr\u0103<\/em>\u00a0(soli\u0219ti Marius Melinte \u0219i Alina Bosovici), Gheorghe Danga \u2013\u00a0<em>S\u00e2rba pe loc<\/em>.<\/p>\n<p style=\"font-weight: 400;\">\u00a0\u00a0\u00a0\u00a0\u00a0\u00a0\u00a0\u00a0\u00a0\u00a0\u00a0 De\u021bin\u0103tor de-a lungul carierei a numeroase premii interna\u021bionale ce au fost acordate at\u00e2t <strong>Corului de Camer\u0103 Preludiu<\/strong>, c\u00e2t \u0219i artei sale dirijorale, <strong>Voicu En\u0103chescu<\/strong> reprezint\u0103 unul dintre reperele mi\u0219c\u0103rii corale din Rom\u00e2nia. Cu numeroase prezen\u021be de nivel interna\u021bional, foarte multe concerte \u00een \u021bar\u0103 \u0219i o impresionant\u0103 colec\u021bie de \u00eenregistr\u0103ri dedicate repertoriului religios ortodox, Corul de Camer\u0103 Preludiu format \u0219i dirijat de Voicu En\u0103chescu reprezint\u0103 o autoritate artistic\u0103 de necontestat, reprezentativ\u0103 pentru spa\u021biul nostru cultural \u0219i spiritual.<\/p>\n<p><img decoding=\"async\" class=\"aligncenter size-full wp-image-473\" src=\"http:\/\/tinerimearomana.ro\/corul-preludiu\/wp-content\/uploads\/sites\/9\/2020\/11\/corul-preludiu-20nov2020.jpg\" alt=\"\" width=\"100%\" height=\"auto\" srcset=\"https:\/\/tinerimearomana.ro\/corul-preludiu\/wp-content\/uploads\/sites\/9\/2020\/11\/corul-preludiu-20nov2020.jpg 900w, https:\/\/tinerimearomana.ro\/corul-preludiu\/wp-content\/uploads\/sites\/9\/2020\/11\/corul-preludiu-20nov2020-300x207.jpg 300w, https:\/\/tinerimearomana.ro\/corul-preludiu\/wp-content\/uploads\/sites\/9\/2020\/11\/corul-preludiu-20nov2020-768x530.jpg 768w\" sizes=\"(max-width: 900px) 100vw, 900px\" \/>[:]\n","protected":false},"excerpt":{"rendered":"<p>\u00a0\u00a0\u00a0\u00a0\u00a0\u00a0\u00a0\u00a0\u00a0\u00a0\u00a0\u00a0Corul de Camer\u0103 Preludiu al Centrului Na\u021bional de Art\u0103 \u201cTinerimea Rom\u00e2n\u0103\u201d dirijat de Voicu En\u0103chescu va putea fi urm\u0103rit on line vineri, 20 noiembrie, de la ora 18, la adresa de facebook: click aici \u00a0\u00a0\u00a0\u00a0\u00a0\u00a0\u00a0\u00a0\u00a0\u00a0\u00a0 \u00cen condi\u021biile impuse de criza sanitar\u0103, actul muzical pe viu nu mai poate fi adus \u00een fa\u021ba publicului dec\u00e2t prin&#8230;<\/p>\n","protected":false},"author":1,"featured_media":473,"comment_status":"open","ping_status":"open","sticky":false,"template":"","format":"standard","meta":{"_kadence_starter_templates_imported_post":false,"_kad_post_transparent":"default","_kad_post_title":"default","_kad_post_layout":"default","_kad_post_sidebar_id":"","_kad_post_content_style":"default","_kad_post_vertical_padding":"default","_kad_post_feature":"","_kad_post_feature_position":"","_kad_post_header":false,"_kad_post_footer":false,"_kad_post_classname":"","footnotes":""},"categories":[2],"tags":[],"class_list":["post-471","post","type-post","status-publish","format-standard","has-post-thumbnail","hentry","category-concerte"],"_links":{"self":[{"href":"https:\/\/tinerimearomana.ro\/corul-preludiu\/wp-json\/wp\/v2\/posts\/471"}],"collection":[{"href":"https:\/\/tinerimearomana.ro\/corul-preludiu\/wp-json\/wp\/v2\/posts"}],"about":[{"href":"https:\/\/tinerimearomana.ro\/corul-preludiu\/wp-json\/wp\/v2\/types\/post"}],"author":[{"embeddable":true,"href":"https:\/\/tinerimearomana.ro\/corul-preludiu\/wp-json\/wp\/v2\/users\/1"}],"replies":[{"embeddable":true,"href":"https:\/\/tinerimearomana.ro\/corul-preludiu\/wp-json\/wp\/v2\/comments?post=471"}],"version-history":[{"count":4,"href":"https:\/\/tinerimearomana.ro\/corul-preludiu\/wp-json\/wp\/v2\/posts\/471\/revisions"}],"predecessor-version":[{"id":630,"href":"https:\/\/tinerimearomana.ro\/corul-preludiu\/wp-json\/wp\/v2\/posts\/471\/revisions\/630"}],"wp:featuredmedia":[{"embeddable":true,"href":"https:\/\/tinerimearomana.ro\/corul-preludiu\/wp-json\/wp\/v2\/media\/473"}],"wp:attachment":[{"href":"https:\/\/tinerimearomana.ro\/corul-preludiu\/wp-json\/wp\/v2\/media?parent=471"}],"wp:term":[{"taxonomy":"category","embeddable":true,"href":"https:\/\/tinerimearomana.ro\/corul-preludiu\/wp-json\/wp\/v2\/categories?post=471"},{"taxonomy":"post_tag","embeddable":true,"href":"https:\/\/tinerimearomana.ro\/corul-preludiu\/wp-json\/wp\/v2\/tags?post=471"}],"curies":[{"name":"wp","href":"https:\/\/api.w.org\/{rel}","templated":true}]}}