{"id":467,"date":"2020-11-09T11:29:27","date_gmt":"2020-11-09T11:29:27","guid":{"rendered":"http:\/\/tinerimearomana.ro\/corul-preludiu\/?p=467"},"modified":"2022-11-19T12:55:07","modified_gmt":"2022-11-19T12:55:07","slug":"noiembrie-2020-corul-de-camera-preludiu-48-de-ani","status":"publish","type":"post","link":"https:\/\/tinerimearomana.ro\/corul-preludiu\/noiembrie-2020-corul-de-camera-preludiu-48-de-ani\/","title":{"rendered":"NOIEMBRIE 2020 &#8211; CORUL DE CAMERA PRELUDIU 48 DE ANI!"},"content":{"rendered":"<p><span style=\"font-weight: 400;\">Primul concert al forma\u021biei a avut loc la 1 noiembrie 1972 pe scena Casei de Cultur\u0103 a Studen\u021bilor din Bucure\u0219ti. Membrii fondatori fuseser\u0103 selec\u021biona\u021bi din Corul Universit\u0103\u021bii, dirijat \u00een acea perioad\u0103 tot de Voicu En\u0103chescu. Acestora li s-au mai al\u0103turat un grup de studen\u021bi de la Conservator, constituind astfel nucleul de \u00eenceput al \u201ePreludiului\u201d.<\/span><\/p>\n<p><span style=\"font-weight: 400;\"><strong>Corul de Camer\u0103 PRELUDIU<\/strong> face parte dintre forma\u021biile artistice ale Centrului Na\u021bional de Art\u0103 \u201cTinerimea Rom\u00e2n\u0103\u201d.<\/span><\/p>\n<p><span style=\"font-weight: 400;\">Cu numeroase prezen\u021be de nivel interna\u021bional, foarte multe concerte \u00een \u021bar\u0103 \u0219i o impresionant\u0103 colec\u021bie de \u00eenregistr\u0103ri dedicate repertoriului religios ortodox, <strong>Corul de Camer\u0103 Preludiu<\/strong> fondat \u0219i dirijat de Voicu En\u0103chescu reprezint\u0103 o autoritate artistic\u0103 de necontestat, reprezentativ\u0103 pentru spa\u021biul cultural na\u021bional \u0219i interna\u021bional.<\/span><\/p>\n<p><span style=\"font-weight: 400;\">De la apari\u021bia sa \u015fi p\u00e2n\u0103 \u00een prezent forma\u021bia a parcurs un drum ascendent, care a consolidat cu fiecare concert, an dup\u0103 an, prestigiul coralei.\u00a0<\/span><\/p>\n<p><span style=\"font-weight: 400;\">Mereu primenit, trec\u00e2nd de la statutul de cor de amatori la cel de forma\u021bie profesionist\u0103, \u201ePreludiu\u201d \u00ee\u015fi aduce o deosebit\u0103 contribu\u021bie la transmiterea actului artistic \u00een r\u00e2ndurile publicului meloman din Rom\u00e2nia \u015fi din str\u0103in\u0103tate, remarc\u00e2ndu-se prin m\u0103iestria sa interpretativ\u0103 prin prospe\u021bimea \u015fi, \u00een acela\u0219i timp, prin maturitatea sa. Secretul rezid\u0103, desigur, \u00een talentul \u015fi muzicalitatea nativ\u0103 a cori\u0219tilor, dublate de aprofundate studii muzicale, dar, f\u0103r\u0103 \u00eendoial\u0103, trebuie c\u0103utat \u015fi \u00een muzicalitatea, rafinamentul \u015fi deosebitul sim\u0163 artistic al dirijorului.\u00a0<\/span><\/p>\n<p><span style=\"font-weight: 400;\">Repertoriul Corului de camer\u0103 <\/span><b>\u201ePreludiu\u201d<\/b><span style=\"font-weight: 400;\"> este vast, cuprinz\u00e2nd peste 400 de lucr\u0103ri de muzic\u0103 preclasic\u0103, clasic\u0103 \u015fi romantic\u0103, colinde de Cr\u0103ciun \u015fi c\u00e2ntece religioase, muzic\u0103 rom\u00e2neasc\u0103 \u015fi c\u00e2ntece din muzica popoarelor, lucr\u0103ri din literatura contemporan\u0103, lucr\u0103ri vocal-simfonice. Trebuie men\u021bionat faptul c\u0103 toate aceste piese sunt interpretate \u00een limba lor originar\u0103.<\/span><\/p>\n<p><span style=\"font-weight: 400;\">\u201cO ideea imaginat\u0103, construit\u0103 cu migal\u0103 \u015fi cu un talent de excep\u021bie de dirijorul <\/span><b>Voicu En\u0103chescu<\/b><span style=\"font-weight: 400;\">. Voicu, adic\u0103 omul cu care se identific\u0103 tinere\u021bea mea \u015fi credin\u021ba mea \u00een valorile rom\u00e2ne\u0219ti.\u201d <\/span><i><span style=\"font-weight: 400;\">Nicolae Dan Fruntelat\u0103<\/span><\/i><\/p>\n<p><i><span style=\"font-weight: 400;\">Marcel Corneloup<\/span><\/i><span style=\"font-weight: 400;\">, pre\u0219edintele \u201eA Coeur Joie International\u201d, a afirmat, dup\u0103 audierea unui concert al Corului \u201ePreludiu\u201d: \u201eDe c\u00e2te ori v\u0103 ascult, cred c\u0103 perfec\u021biunea exist\u0103. Ce frumuse\u021be!\u201d<\/span><\/p>\n<p><span style=\"font-weight: 400;\">Ca o recunoa\u0219tere a activit\u0103\u021bii artistice deosebite, dirijorul <\/span><b>Voicu En\u0103chescu<\/b><span style=\"font-weight: 400;\"> a fost decorat cu Ordinul \u201eMeritul Cultural\u201d \u00een Grad de Comandor pentru promovarea culturii.<\/span><\/p>\n<p><img decoding=\"async\" class=\"aligncenter size-full wp-image-468\" src=\"http:\/\/tinerimearomana.ro\/corul-preludiu\/wp-content\/uploads\/sites\/9\/2020\/11\/Corul-Preludiu-Nov-2020.jpg\" alt=\"\" width=\"100%\" height=\"auto\" srcset=\"https:\/\/tinerimearomana.ro\/corul-preludiu\/wp-content\/uploads\/sites\/9\/2020\/11\/Corul-Preludiu-Nov-2020.jpg 800w, https:\/\/tinerimearomana.ro\/corul-preludiu\/wp-content\/uploads\/sites\/9\/2020\/11\/Corul-Preludiu-Nov-2020-300x169.jpg 300w, https:\/\/tinerimearomana.ro\/corul-preludiu\/wp-content\/uploads\/sites\/9\/2020\/11\/Corul-Preludiu-Nov-2020-768x433.jpg 768w\" sizes=\"(max-width: 800px) 100vw, 800px\" \/>[:]\n","protected":false},"excerpt":{"rendered":"<p>Primul concert al forma\u021biei a avut loc la 1 noiembrie 1972 pe scena Casei de Cultur\u0103 a Studen\u021bilor din Bucure\u0219ti. Membrii fondatori fuseser\u0103 selec\u021biona\u021bi din Corul Universit\u0103\u021bii, dirijat \u00een acea perioad\u0103 tot de Voicu En\u0103chescu. Acestora li s-au mai al\u0103turat un grup de studen\u021bi de la Conservator, constituind astfel nucleul de \u00eenceput al \u201ePreludiului\u201d. Corul&#8230;<\/p>\n","protected":false},"author":1,"featured_media":468,"comment_status":"open","ping_status":"open","sticky":false,"template":"","format":"standard","meta":{"_kadence_starter_templates_imported_post":false,"_kad_post_transparent":"","_kad_post_title":"","_kad_post_layout":"","_kad_post_sidebar_id":"","_kad_post_content_style":"","_kad_post_vertical_padding":"","_kad_post_feature":"","_kad_post_feature_position":"","_kad_post_header":false,"_kad_post_footer":false,"_kad_post_classname":"","footnotes":""},"categories":[2],"tags":[],"class_list":["post-467","post","type-post","status-publish","format-standard","has-post-thumbnail","hentry","category-concerte"],"_links":{"self":[{"href":"https:\/\/tinerimearomana.ro\/corul-preludiu\/wp-json\/wp\/v2\/posts\/467"}],"collection":[{"href":"https:\/\/tinerimearomana.ro\/corul-preludiu\/wp-json\/wp\/v2\/posts"}],"about":[{"href":"https:\/\/tinerimearomana.ro\/corul-preludiu\/wp-json\/wp\/v2\/types\/post"}],"author":[{"embeddable":true,"href":"https:\/\/tinerimearomana.ro\/corul-preludiu\/wp-json\/wp\/v2\/users\/1"}],"replies":[{"embeddable":true,"href":"https:\/\/tinerimearomana.ro\/corul-preludiu\/wp-json\/wp\/v2\/comments?post=467"}],"version-history":[{"count":2,"href":"https:\/\/tinerimearomana.ro\/corul-preludiu\/wp-json\/wp\/v2\/posts\/467\/revisions"}],"predecessor-version":[{"id":629,"href":"https:\/\/tinerimearomana.ro\/corul-preludiu\/wp-json\/wp\/v2\/posts\/467\/revisions\/629"}],"wp:featuredmedia":[{"embeddable":true,"href":"https:\/\/tinerimearomana.ro\/corul-preludiu\/wp-json\/wp\/v2\/media\/468"}],"wp:attachment":[{"href":"https:\/\/tinerimearomana.ro\/corul-preludiu\/wp-json\/wp\/v2\/media?parent=467"}],"wp:term":[{"taxonomy":"category","embeddable":true,"href":"https:\/\/tinerimearomana.ro\/corul-preludiu\/wp-json\/wp\/v2\/categories?post=467"},{"taxonomy":"post_tag","embeddable":true,"href":"https:\/\/tinerimearomana.ro\/corul-preludiu\/wp-json\/wp\/v2\/tags?post=467"}],"curies":[{"name":"wp","href":"https:\/\/api.w.org\/{rel}","templated":true}]}}