{"id":458,"date":"2019-12-23T12:32:41","date_gmt":"2019-12-23T12:32:41","guid":{"rendered":"http:\/\/tinerimearomana.ro\/corul-preludiu\/?p=458"},"modified":"2022-11-19T12:55:07","modified_gmt":"2022-11-19T12:55:07","slug":"concert-traditional-de-colinde-la-ateneul-roman-al-corului-de-camera-preludiu-dirijat-de-voicu-enachescu","status":"publish","type":"post","link":"https:\/\/tinerimearomana.ro\/corul-preludiu\/concert-traditional-de-colinde-la-ateneul-roman-al-corului-de-camera-preludiu-dirijat-de-voicu-enachescu\/","title":{"rendered":"CONCERT TRADITIONAL DE COLINDE LA ATENEUL ROMAN AL CORULUI DE CAMERA PRELUDIU DIRIJAT DE VOICU ENACHESCU"},"content":{"rendered":"<p><strong>Concertul tradi\u021bional de colinde al Corului de camer\u0103 Preludiu<\/strong> al Centrului Na\u021bional de Art\u0103 &#8220;Tinerimea Rom\u00e2n\u0103&#8221; dirijat de <strong>Voicu En\u0103chescu<\/strong> va avea loc \u00een aceast\u0103 sear\u0103 la <strong>Ateneul Rom\u00e2n<\/strong> de la ore <strong>19.00<\/strong>.<br \/>\nAcest concert reprezint\u0103 din punct de vedere valoric unul dintre momentele de v\u00e2rf ale manifest\u0103rilor de gen \u00een pragul s\u0103rb\u0103torilor de iarn\u0103.<\/p>\n<p><strong>Corul de Camer\u0103 Preludiu<\/strong> condus de dirijorul Voicu En\u0103chescu reprezint\u0103 un etalon de rafinament stilistic, oferind versiuni de colinde \u00een cel mai \u00eenalt \u0219i luminos spirit al Cr\u0103ciunului!<\/p>\n<p><img decoding=\"async\" class=\"aligncenter size-full wp-image-459\" src=\"http:\/\/tinerimearomana.ro\/corul-preludiu\/wp-content\/uploads\/sites\/9\/2019\/12\/Preludiu_23.DEC_.2019.jpg\" alt=\"\" width=\"100%\" height=\"auto\" srcset=\"https:\/\/tinerimearomana.ro\/corul-preludiu\/wp-content\/uploads\/sites\/9\/2019\/12\/Preludiu_23.DEC_.2019.jpg 800w, https:\/\/tinerimearomana.ro\/corul-preludiu\/wp-content\/uploads\/sites\/9\/2019\/12\/Preludiu_23.DEC_.2019-212x300.jpg 212w, https:\/\/tinerimearomana.ro\/corul-preludiu\/wp-content\/uploads\/sites\/9\/2019\/12\/Preludiu_23.DEC_.2019-724x1024.jpg 724w, https:\/\/tinerimearomana.ro\/corul-preludiu\/wp-content\/uploads\/sites\/9\/2019\/12\/Preludiu_23.DEC_.2019-768x1086.jpg 768w\" sizes=\"(max-width: 800px) 100vw, 800px\" \/>[:]\n","protected":false},"excerpt":{"rendered":"<p>Concertul tradi\u021bional de colinde al Corului de camer\u0103 Preludiu al Centrului Na\u021bional de Art\u0103 &#8220;Tinerimea Rom\u00e2n\u0103&#8221; dirijat de Voicu En\u0103chescu va avea loc \u00een aceast\u0103 sear\u0103 la Ateneul Rom\u00e2n de la ore 19.00. Acest concert reprezint\u0103 din punct de vedere valoric unul dintre momentele de v\u00e2rf ale manifest\u0103rilor de gen \u00een pragul s\u0103rb\u0103torilor de iarn\u0103&#8230;.<\/p>\n","protected":false},"author":1,"featured_media":459,"comment_status":"open","ping_status":"open","sticky":false,"template":"","format":"standard","meta":{"_kadence_starter_templates_imported_post":false,"_kad_post_transparent":"","_kad_post_title":"","_kad_post_layout":"","_kad_post_sidebar_id":"","_kad_post_content_style":"","_kad_post_vertical_padding":"","_kad_post_feature":"","_kad_post_feature_position":"","_kad_post_header":false,"_kad_post_footer":false,"_kad_post_classname":"","footnotes":""},"categories":[2],"tags":[],"class_list":["post-458","post","type-post","status-publish","format-standard","has-post-thumbnail","hentry","category-concerte"],"_links":{"self":[{"href":"https:\/\/tinerimearomana.ro\/corul-preludiu\/wp-json\/wp\/v2\/posts\/458"}],"collection":[{"href":"https:\/\/tinerimearomana.ro\/corul-preludiu\/wp-json\/wp\/v2\/posts"}],"about":[{"href":"https:\/\/tinerimearomana.ro\/corul-preludiu\/wp-json\/wp\/v2\/types\/post"}],"author":[{"embeddable":true,"href":"https:\/\/tinerimearomana.ro\/corul-preludiu\/wp-json\/wp\/v2\/users\/1"}],"replies":[{"embeddable":true,"href":"https:\/\/tinerimearomana.ro\/corul-preludiu\/wp-json\/wp\/v2\/comments?post=458"}],"version-history":[{"count":2,"href":"https:\/\/tinerimearomana.ro\/corul-preludiu\/wp-json\/wp\/v2\/posts\/458\/revisions"}],"predecessor-version":[{"id":628,"href":"https:\/\/tinerimearomana.ro\/corul-preludiu\/wp-json\/wp\/v2\/posts\/458\/revisions\/628"}],"wp:featuredmedia":[{"embeddable":true,"href":"https:\/\/tinerimearomana.ro\/corul-preludiu\/wp-json\/wp\/v2\/media\/459"}],"wp:attachment":[{"href":"https:\/\/tinerimearomana.ro\/corul-preludiu\/wp-json\/wp\/v2\/media?parent=458"}],"wp:term":[{"taxonomy":"category","embeddable":true,"href":"https:\/\/tinerimearomana.ro\/corul-preludiu\/wp-json\/wp\/v2\/categories?post=458"},{"taxonomy":"post_tag","embeddable":true,"href":"https:\/\/tinerimearomana.ro\/corul-preludiu\/wp-json\/wp\/v2\/tags?post=458"}],"curies":[{"name":"wp","href":"https:\/\/api.w.org\/{rel}","templated":true}]}}