{"id":424,"date":"2019-09-29T15:37:09","date_gmt":"2019-09-29T15:37:09","guid":{"rendered":"http:\/\/tinerimearomana.ro\/corul-preludiu\/?p=424"},"modified":"2022-11-19T13:00:38","modified_gmt":"2022-11-19T13:00:38","slug":"corul-de-camera-preludiu-in-concert-in-data-de-05-octombrie-2019-la-campulung-moldovenesc","status":"publish","type":"post","link":"https:\/\/tinerimearomana.ro\/corul-preludiu\/corul-de-camera-preludiu-in-concert-in-data-de-05-octombrie-2019-la-campulung-moldovenesc\/","title":{"rendered":"CORUL DE CAMERA &#8220;PRELUDIU&#8221; IN CONCERT IN DATA DE 05 OCTOMBRIE 2019 LA CAMPULUNG MOLDOVENESC"},"content":{"rendered":"<p>Corul de Camer\u0103 &#8220;Preludiu&#8221; al Centrului Na\u021bional de Art\u0103 Tinerimea Rom\u00e2n\u0103, creat \u0219i condus de dirijorul Voicu En\u0103chescu, va concerta s\u00e2mb\u0103t\u0103 05 octombrie de la ora 17.00 la Biserica Romano-Catolic\u0103 &#8220;\u00cen\u0103l\u021barea Domnului&#8221; din C\u00e2mpulung Moldovenesc.<br \/>\nPrezen\u021b\u0103 constant\u0103 \u00een cadrul tuturor evenimentelor importante din activitatea coral\u0103 din Rom\u00e2nia, Corul de Camer\u0103 &#8220;Preludiu&#8221; va fi de aceast\u0103 dat\u0103 parte din lista de invita\u021bi de onoare a unui \u0219ir de manifest\u0103ri care s\u0103rb\u0103toresc aniversarea Coralei B\u0103rb\u0103te\u0219ti &#8220;Bucovina&#8221; din localitate.<\/p>\n<p><img decoding=\"async\" class=\"aligncenter size-full wp-image-426\" src=\"http:\/\/tinerimearomana.ro\/corul-preludiu\/wp-content\/uploads\/sites\/9\/2019\/09\/Corul-Preludiu_Foto_Virgil-Oprina1.jpg\" alt=\"\" width=\"100%\" height=\"auto\" srcset=\"https:\/\/tinerimearomana.ro\/corul-preludiu\/wp-content\/uploads\/sites\/9\/2019\/09\/Corul-Preludiu_Foto_Virgil-Oprina1.jpg 900w, https:\/\/tinerimearomana.ro\/corul-preludiu\/wp-content\/uploads\/sites\/9\/2019\/09\/Corul-Preludiu_Foto_Virgil-Oprina1-300x169.jpg 300w, https:\/\/tinerimearomana.ro\/corul-preludiu\/wp-content\/uploads\/sites\/9\/2019\/09\/Corul-Preludiu_Foto_Virgil-Oprina1-768x433.jpg 768w\" sizes=\"(max-width: 900px) 100vw, 900px\" \/><\/p>\n[:]\n","protected":false},"excerpt":{"rendered":"<p>Corul de Camer\u0103 &#8220;Preludiu&#8221; al Centrului Na\u021bional de Art\u0103 Tinerimea Rom\u00e2n\u0103, creat \u0219i condus de dirijorul Voicu En\u0103chescu, va concerta s\u00e2mb\u0103t\u0103 05 octombrie de la ora 17.00 la Biserica Romano-Catolic\u0103 &#8220;\u00cen\u0103l\u021barea Domnului&#8221; din C\u00e2mpulung Moldovenesc. Prezen\u021b\u0103 constant\u0103 \u00een cadrul tuturor evenimentelor importante din activitatea coral\u0103 din Rom\u00e2nia, Corul de Camer\u0103 &#8220;Preludiu&#8221; va fi de aceast\u0103&#8230;<\/p>\n","protected":false},"author":1,"featured_media":426,"comment_status":"open","ping_status":"open","sticky":false,"template":"","format":"standard","meta":{"_kadence_starter_templates_imported_post":false,"_kad_post_transparent":"","_kad_post_title":"","_kad_post_layout":"","_kad_post_sidebar_id":"","_kad_post_content_style":"","_kad_post_vertical_padding":"","_kad_post_feature":"","_kad_post_feature_position":"","_kad_post_header":false,"_kad_post_footer":false,"_kad_post_classname":"","footnotes":""},"categories":[2],"tags":[],"class_list":["post-424","post","type-post","status-publish","format-standard","has-post-thumbnail","hentry","category-concerte"],"_links":{"self":[{"href":"https:\/\/tinerimearomana.ro\/corul-preludiu\/wp-json\/wp\/v2\/posts\/424"}],"collection":[{"href":"https:\/\/tinerimearomana.ro\/corul-preludiu\/wp-json\/wp\/v2\/posts"}],"about":[{"href":"https:\/\/tinerimearomana.ro\/corul-preludiu\/wp-json\/wp\/v2\/types\/post"}],"author":[{"embeddable":true,"href":"https:\/\/tinerimearomana.ro\/corul-preludiu\/wp-json\/wp\/v2\/users\/1"}],"replies":[{"embeddable":true,"href":"https:\/\/tinerimearomana.ro\/corul-preludiu\/wp-json\/wp\/v2\/comments?post=424"}],"version-history":[{"count":3,"href":"https:\/\/tinerimearomana.ro\/corul-preludiu\/wp-json\/wp\/v2\/posts\/424\/revisions"}],"predecessor-version":[{"id":650,"href":"https:\/\/tinerimearomana.ro\/corul-preludiu\/wp-json\/wp\/v2\/posts\/424\/revisions\/650"}],"wp:featuredmedia":[{"embeddable":true,"href":"https:\/\/tinerimearomana.ro\/corul-preludiu\/wp-json\/wp\/v2\/media\/426"}],"wp:attachment":[{"href":"https:\/\/tinerimearomana.ro\/corul-preludiu\/wp-json\/wp\/v2\/media?parent=424"}],"wp:term":[{"taxonomy":"category","embeddable":true,"href":"https:\/\/tinerimearomana.ro\/corul-preludiu\/wp-json\/wp\/v2\/categories?post=424"},{"taxonomy":"post_tag","embeddable":true,"href":"https:\/\/tinerimearomana.ro\/corul-preludiu\/wp-json\/wp\/v2\/tags?post=424"}],"curies":[{"name":"wp","href":"https:\/\/api.w.org\/{rel}","templated":true}]}}