{"id":420,"date":"2019-03-28T08:15:50","date_gmt":"2019-03-28T08:15:50","guid":{"rendered":"http:\/\/tinerimearomana.ro\/corul-preludiu\/?p=420"},"modified":"2022-11-19T13:00:38","modified_gmt":"2022-11-19T13:00:38","slug":"corul-de-camera-preludiu-concert-in-cadrul-festivalului-chei-la-universitatea-nationala-de-muzica-bucuresti","status":"publish","type":"post","link":"https:\/\/tinerimearomana.ro\/corul-preludiu\/corul-de-camera-preludiu-concert-in-cadrul-festivalului-chei-la-universitatea-nationala-de-muzica-bucuresti\/","title":{"rendered":"CORUL DE CAMERA PRELUDIU, CONCERT IN CADRUL FESTIVALULUI &#8220;CHEI&#8221; LA  UNIVERSITATEA NA\u021aIONALA DE MUZIC\u0102 BUCURE\u0218TI"},"content":{"rendered":"<p>Vineri 29 martie 2019 de la ora 19.00 Corul de Camer\u0103 PRELUDIU al Centrului Na\u021bional de Art\u0103 &#8220;Tinerimea Rom\u00e2n\u0103&#8221; dirijat de Voicu En\u0103chescu va sus\u021bine un concert \u00een sala George Enescu a Universit\u0103\u021bii Na\u021bionale de Muzic\u0103 \u00een cadrul celei de a XI-a edi\u021bii a festivalului CHEI.<\/p>\n<p>Programul va oferi publicului o panoramare a istoriei crea\u021biei corale, prin versiuni de mare rafinament \u0219i acurate\u021be stilistic\u0103 a unei adev\u0103rate colec\u021bii de bijuterii muzicale.<\/p>\n<p>PROGRAM DE CONCERT<br \/>\nFESTIVALUL\u201dCHEI\u201d \u2013 UNMB, 29 MARTIE 2019<\/p>\n<p>LUCA MARENZIO &#8211; SCHERZANDO CON DILETTO<br \/>\nANTONIO SCANDELLI &#8211; BONZORNO MADONA<br \/>\nTOMASSO L. da VITTORIA &#8211; AVE MARIA<br \/>\nFRANZ SCHUBERT &#8211; DIE FORELLE<br \/>\nIURII FALIK &#8211; NEZNAKOMKA<br \/>\nALEXANDRU PA\u0218CANU &#8211; NOAPTEA DE MAI<br \/>\nFRANCISC HUBIC &#8211; SUIT\u0102 VECHE DIN BIHOR<br \/>\nDAN DEDIU &#8211; CINE E MORARUL?<br \/>\nDAN BUCIU &#8211; TREI C\u00c2NTECE ROM\u00c2NE\u0218TI<br \/>\nFELICIA DONCEANU &#8211; \u00ceNTRE PAS\u0102RI<br \/>\nEMILIO MURILLO &#8211; LA CABANA<br \/>\nFRANK DAVELAAR &#8211; E MARIPOSA<br \/>\nnegro spiritual &#8211; JOSHUA<br \/>\nnegro spiritual &#8211; EV&#8217;RY TIME<\/p>\n<p><img decoding=\"async\" class=\"aligncenter size-full wp-image-421\" src=\"http:\/\/tinerimearomana.ro\/corul-preludiu\/wp-content\/uploads\/sites\/9\/2019\/03\/Preludiu_Foto_Virgil-Oprina_29Martie.jpg\" alt=\"\" width=\"100%\" height=\"auto\" srcset=\"https:\/\/tinerimearomana.ro\/corul-preludiu\/wp-content\/uploads\/sites\/9\/2019\/03\/Preludiu_Foto_Virgil-Oprina_29Martie.jpg 800w, https:\/\/tinerimearomana.ro\/corul-preludiu\/wp-content\/uploads\/sites\/9\/2019\/03\/Preludiu_Foto_Virgil-Oprina_29Martie-300x191.jpg 300w, https:\/\/tinerimearomana.ro\/corul-preludiu\/wp-content\/uploads\/sites\/9\/2019\/03\/Preludiu_Foto_Virgil-Oprina_29Martie-768x489.jpg 768w\" sizes=\"(max-width: 800px) 100vw, 800px\" \/>[:]\n","protected":false},"excerpt":{"rendered":"<p>Vineri 29 martie 2019 de la ora 19.00 Corul de Camer\u0103 PRELUDIU al Centrului Na\u021bional de Art\u0103 &#8220;Tinerimea Rom\u00e2n\u0103&#8221; dirijat de Voicu En\u0103chescu va sus\u021bine un concert \u00een sala George Enescu a Universit\u0103\u021bii Na\u021bionale de Muzic\u0103 \u00een cadrul celei de a XI-a edi\u021bii a festivalului CHEI. Programul va oferi publicului o panoramare a istoriei crea\u021biei&#8230;<\/p>\n","protected":false},"author":1,"featured_media":421,"comment_status":"open","ping_status":"open","sticky":false,"template":"","format":"standard","meta":{"_kadence_starter_templates_imported_post":false,"_kad_post_transparent":"","_kad_post_title":"","_kad_post_layout":"","_kad_post_sidebar_id":"","_kad_post_content_style":"","_kad_post_vertical_padding":"","_kad_post_feature":"","_kad_post_feature_position":"","_kad_post_header":false,"_kad_post_footer":false,"_kad_post_classname":"","footnotes":""},"categories":[2],"tags":[],"class_list":["post-420","post","type-post","status-publish","format-standard","has-post-thumbnail","hentry","category-concerte"],"_links":{"self":[{"href":"https:\/\/tinerimearomana.ro\/corul-preludiu\/wp-json\/wp\/v2\/posts\/420"}],"collection":[{"href":"https:\/\/tinerimearomana.ro\/corul-preludiu\/wp-json\/wp\/v2\/posts"}],"about":[{"href":"https:\/\/tinerimearomana.ro\/corul-preludiu\/wp-json\/wp\/v2\/types\/post"}],"author":[{"embeddable":true,"href":"https:\/\/tinerimearomana.ro\/corul-preludiu\/wp-json\/wp\/v2\/users\/1"}],"replies":[{"embeddable":true,"href":"https:\/\/tinerimearomana.ro\/corul-preludiu\/wp-json\/wp\/v2\/comments?post=420"}],"version-history":[{"count":2,"href":"https:\/\/tinerimearomana.ro\/corul-preludiu\/wp-json\/wp\/v2\/posts\/420\/revisions"}],"predecessor-version":[{"id":649,"href":"https:\/\/tinerimearomana.ro\/corul-preludiu\/wp-json\/wp\/v2\/posts\/420\/revisions\/649"}],"wp:featuredmedia":[{"embeddable":true,"href":"https:\/\/tinerimearomana.ro\/corul-preludiu\/wp-json\/wp\/v2\/media\/421"}],"wp:attachment":[{"href":"https:\/\/tinerimearomana.ro\/corul-preludiu\/wp-json\/wp\/v2\/media?parent=420"}],"wp:term":[{"taxonomy":"category","embeddable":true,"href":"https:\/\/tinerimearomana.ro\/corul-preludiu\/wp-json\/wp\/v2\/categories?post=420"},{"taxonomy":"post_tag","embeddable":true,"href":"https:\/\/tinerimearomana.ro\/corul-preludiu\/wp-json\/wp\/v2\/tags?post=420"}],"curies":[{"name":"wp","href":"https:\/\/api.w.org\/{rel}","templated":true}]}}