{"id":400,"date":"2018-10-12T13:20:38","date_gmt":"2018-10-12T13:20:38","guid":{"rendered":"http:\/\/tinerimearomana.ro\/corul-preludiu\/?p=400"},"modified":"2022-11-19T13:01:19","modified_gmt":"2022-11-19T13:01:19","slug":"corul-de-camera-preludiu-concerte-la-drobeta-turnu-severin-cluj-calarasi-alba-iulia-cernavoda-bucuresti","status":"publish","type":"post","link":"https:\/\/tinerimearomana.ro\/corul-preludiu\/corul-de-camera-preludiu-concerte-la-drobeta-turnu-severin-cluj-calarasi-alba-iulia-cernavoda-bucuresti\/","title":{"rendered":"CORUL DE CAMERA PRELUDIU, CONCERTE LA DROBETA TURNU-SEVERIN, CLUJ, CALARA\u0218I, ALBA IULIA, CERNAVOD\u0102, BUCURE\u0218TI"},"content":{"rendered":"<div class=\"su-row\"><div class=\"su-column su-column-size-3-5\"><div class=\"su-column-inner su-u-clearfix su-u-trim\">\n<p>CORUL DE CAMER\u0102 PRELUDIU al Centrului Na\u021bional de Art\u0103 &#8220;Tinerimea Rom\u00e2n\u0103&#8221; &#8211; o intens\u0103 activitate concertistic\u0103 \u00een aceast\u0103 toamn\u0103!<\/p>\n<p>Dirijat de Voicu En\u0103chescu, Corul de Camer\u0103 Preludiu, una dintre forma\u021biile camerale profesioniste cu cel mai bogat palmares din Rom\u00e2nia, va sus\u021bine concerte \u00een \u021bar\u0103 \u00een perioada urm\u0103toare, onor\u00e2nd invita\u021bii la festivaluri de prestigiu, marc\u00e2nd momente importante din via\u021ba cultural\u0103 rom\u00e2neasc\u0103.<\/p>\n<p>Iat\u0103 mai jos programul perioadei urm\u0103toare:<\/p>\n<p><strong>14 octombrie 2018, ora 19.00<\/strong> \u2013 Catedrala Ortodox\u0103 DROBETA TURNU SEVERIN, \u00een cadrul Festivalului \u201cZilele Cet\u0103\u021bii Medievale a Severinului\u201d \u2013 Fortress New Time<\/p>\n<p><strong>20 octombrie 2018, ora 16.00<\/strong> \u2013 CLUJ, Sala Auditorium Maximum a Universit\u0103\u021bii Babe\u0219-Bolyai, \u00een cadrul Festivalului \u201cAugustin Bena\u201d, edi\u021bia a X-a<\/p>\n<p><strong>27 octombrie 2018, ora 18.00<\/strong> \u2013 C\u0102L\u0102RA\u0218I, Sala \u201eBarbu \u0218tirbei\u201d, \u00een cadrul Reuniunii Corale,dedicate anivers\u0103rii a 40 de ani ai Corului Camerata Danubii<\/p>\n<p><strong>17 noiembrie 2018, ora 18.45<\/strong> &#8211; ALBA IULIA, Catedrala Re\u00eentregirii Neamului, \u00een cadrul manifest\u0103rilor dedicate Centenarului Marii Uniri<\/p>\n<p><strong>24 noiembrie 2018, ora 18.00<\/strong> &#8211; CERNAVOD\u0102, Casa de Cultur\u0103 \u201eI.D.Chirescu\u201d, \u00een cadrul Festivalului \u201cI. D. Chirescu\u201d, edi\u021bia XXXVII-a<\/p>\n<p><strong>31 octombrie 2018, ora 19.00<\/strong> \u2013 BUCURE\u0218TI, ATENEUL ROM\u00c2N, Corul de Camer\u0103 Preludiu va sus\u021bine un moment \u00een cadrul unui Concert comemorativ Liviu D\u0103nceanu, \u00een cadrul c\u0103ruia vor evolua mai mul\u021bi arti\u0219ti invita\u021bi.<\/p>\n<\/div><\/div>\n<div class=\"su-column su-column-size-2-5\"><div class=\"su-column-inner su-u-clearfix su-u-trim\">\n<div class=\"su-custom-gallery su-custom-gallery-align-left su-custom-gallery-title-never su-lightbox-gallery\"><div class=\"su-custom-gallery-slide\" style=\"width:270px;height:190px\"><a href=\"https:\/\/tinerimearomana.ro\/corul-preludiu\/wp-content\/uploads\/sites\/9\/2018\/05\/concert-aniversar-voicu-enachescu752.jpg\" title=\"concert-aniversar-voicu-enachescu752\"><img fetchpriority=\"high\" decoding=\"async\" src=\"https:\/\/tinerimearomana.ro\/corul-preludiu\/wp-content\/uploads\/sites\/9\/2018\/05\/concert-aniversar-voicu-enachescu752.jpg\" alt=\"concert-aniversar-voicu-enachescu752\" width=\"270\" height=\"190\" \/><span class=\"su-custom-gallery-title\">concert-aniversar-voicu-enachescu752<\/span><\/a><\/div><div class=\"su-clear\"><\/div><\/div>\n<\/div><\/div><\/div>\n[:]\n","protected":false},"excerpt":{"rendered":"<p>[:]<\/p>\n","protected":false},"author":1,"featured_media":393,"comment_status":"open","ping_status":"open","sticky":false,"template":"","format":"standard","meta":{"_kadence_starter_templates_imported_post":false,"_kad_post_transparent":"","_kad_post_title":"","_kad_post_layout":"","_kad_post_sidebar_id":"","_kad_post_content_style":"","_kad_post_vertical_padding":"","_kad_post_feature":"","_kad_post_feature_position":"","_kad_post_header":false,"_kad_post_footer":false,"_kad_post_classname":"","footnotes":""},"categories":[2],"tags":[],"class_list":["post-400","post","type-post","status-publish","format-standard","has-post-thumbnail","hentry","category-concerte"],"_links":{"self":[{"href":"https:\/\/tinerimearomana.ro\/corul-preludiu\/wp-json\/wp\/v2\/posts\/400"}],"collection":[{"href":"https:\/\/tinerimearomana.ro\/corul-preludiu\/wp-json\/wp\/v2\/posts"}],"about":[{"href":"https:\/\/tinerimearomana.ro\/corul-preludiu\/wp-json\/wp\/v2\/types\/post"}],"author":[{"embeddable":true,"href":"https:\/\/tinerimearomana.ro\/corul-preludiu\/wp-json\/wp\/v2\/users\/1"}],"replies":[{"embeddable":true,"href":"https:\/\/tinerimearomana.ro\/corul-preludiu\/wp-json\/wp\/v2\/comments?post=400"}],"version-history":[{"count":6,"href":"https:\/\/tinerimearomana.ro\/corul-preludiu\/wp-json\/wp\/v2\/posts\/400\/revisions"}],"predecessor-version":[{"id":652,"href":"https:\/\/tinerimearomana.ro\/corul-preludiu\/wp-json\/wp\/v2\/posts\/400\/revisions\/652"}],"wp:featuredmedia":[{"embeddable":true,"href":"https:\/\/tinerimearomana.ro\/corul-preludiu\/wp-json\/wp\/v2\/media\/393"}],"wp:attachment":[{"href":"https:\/\/tinerimearomana.ro\/corul-preludiu\/wp-json\/wp\/v2\/media?parent=400"}],"wp:term":[{"taxonomy":"category","embeddable":true,"href":"https:\/\/tinerimearomana.ro\/corul-preludiu\/wp-json\/wp\/v2\/categories?post=400"},{"taxonomy":"post_tag","embeddable":true,"href":"https:\/\/tinerimearomana.ro\/corul-preludiu\/wp-json\/wp\/v2\/tags?post=400"}],"curies":[{"name":"wp","href":"https:\/\/api.w.org\/{rel}","templated":true}]}}