{"id":387,"date":"2018-05-19T12:25:56","date_gmt":"2018-05-19T12:25:56","guid":{"rendered":"http:\/\/tinerimearomana.ro\/corul-preludiu\/?p=387"},"modified":"2022-11-19T12:40:15","modified_gmt":"2022-11-19T12:40:15","slug":"concert-aniversar-voicu-enachescu-75-de-ani","status":"publish","type":"post","link":"https:\/\/tinerimearomana.ro\/corul-preludiu\/concert-aniversar-voicu-enachescu-75-de-ani\/","title":{"rendered":"CONCERT ANIVERSAR &#8211; VOICU ENACHESCU 75 DE ANI!"},"content":{"rendered":"<div class=\"su-row\"><div class=\"su-column su-column-size-3-5\"><div class=\"su-column-inner su-u-clearfix su-u-trim\">\n<p>Corul de Camer\u0103 Preludiu al Centrului Na\u021bional de Art\u0103 \u201cTinerimea Rom\u00e2n\u0103\u201d va sus\u0163ine la Ateneul Rom\u00e2n luni 28 mai de la ora 19.00 un concert dedicat s\u0103rb\u0103toririi dirijorului Voicu En\u0103chescu, formatorul \u0219i dirijorul corului de peste 45 de ani, cu titlul <em>VOICU EN\u0102CHESCU 75 DE ANI!<\/em>, eveniment organizat \u00een colaborare cu Filarmonica \u201cGeorge Enescu\u201d.<\/p>\n<p>De\u021bin\u0103tor de-a lungul carierei a numeroase premii interna\u021bionale ce au fost acordate at\u00e2t Corului de Camer\u0103 Preludiu c\u00e2t \u0219i artei sale dirijorale, Voicu En\u0103chescu reprezint\u0103 unul dintre reperele mi\u0219c\u0103rii corale din Rom\u00e2nia.<\/p>\n<p>Cu numeroase prezen\u021be de nivel interna\u021bional, foarte multe concerte \u00een \u021bar\u0103 \u0219i o impresionant\u0103 colec\u021bie de \u00eenregistr\u0103ri dedicate repertoriului religios ortodox, Corul de Camer\u0103 Preludiu format \u0219i dirijat de Voicu En\u0103chescu reprezint\u0103 o autoritate artistic\u0103 de necontestat, reprezentativ\u0103 pentru spa\u021biul nostru cultural \u0219i spiritual.<\/p>\n<p>Programul aniversar va oferi publicului ocazia de vedea, asculta \u0219i recunoa\u0219te pe viu spiritul artistic creat de dirijorul Voicu En\u0103chescu care define\u0219te Corul de Camer\u0103 Preludiu, put\u00e2nd s\u0103 recunoasc\u0103 chiar pe cei care au f\u0103cut cunoscute publicului larg o bun\u0103 parte dintre aceste piese, at\u00e2t prin intermediul discurilor \u0219i al CD-urilor, c\u00e2t mai ales prin zecile de \u00eenregistr\u0103ri f\u0103cute la radio de-a lungul celor 45 de ani de activitate.<\/p>\n<p>Parteneri media : <strong>Radio Rom\u00e2nia Cultural, Radio Rom\u00e2nia Muzical, Rom\u00e2nia TV, Observator Cultural, Q Magazine, RFI, ArtLine.ro, Mediatrust.<\/strong><\/p>\n<\/div><\/div>\n<div class=\"su-column su-column-size-2-5\"><div class=\"su-column-inner su-u-clearfix su-u-trim\">\n<div class=\"su-custom-gallery su-custom-gallery-align-left su-custom-gallery-title-never su-lightbox-gallery\"><div class=\"su-custom-gallery-slide\" style=\"width:270px;height:400px\"><a href=\"https:\/\/tinerimearomana.ro\/corul-preludiu\/wp-content\/uploads\/sites\/9\/2018\/05\/concert-aniversar-voicu-enachescu75.jpg\" title=\"concert-aniversar-voicu-enachescu75\"><img fetchpriority=\"high\" decoding=\"async\" src=\"https:\/\/tinerimearomana.ro\/corul-preludiu\/wp-content\/uploads\/sites\/9\/2018\/05\/concert-aniversar-voicu-enachescu75.jpg\" alt=\"concert-aniversar-voicu-enachescu75\" width=\"270\" height=\"400\" \/><span class=\"su-custom-gallery-title\">concert-aniversar-voicu-enachescu75<\/span><\/a><\/div><div class=\"su-clear\"><\/div><\/div>\n<div class=\"su-custom-gallery su-custom-gallery-align-left su-custom-gallery-title-never su-lightbox-gallery\"><div class=\"su-custom-gallery-slide\" style=\"width:270px;height:200px\"><a href=\"https:\/\/tinerimearomana.ro\/corul-preludiu\/wp-content\/uploads\/sites\/9\/2018\/05\/concert-aniversar-voicu-enachescu752.jpg\" title=\"concert-aniversar-voicu-enachescu752\"><img decoding=\"async\" src=\"https:\/\/tinerimearomana.ro\/corul-preludiu\/wp-content\/uploads\/sites\/9\/2018\/05\/concert-aniversar-voicu-enachescu752.jpg\" alt=\"concert-aniversar-voicu-enachescu752\" width=\"270\" height=\"200\" \/><span class=\"su-custom-gallery-title\">concert-aniversar-voicu-enachescu752<\/span><\/a><\/div><div class=\"su-custom-gallery-slide\" style=\"width:270px;height:200px\"><a href=\"https:\/\/tinerimearomana.ro\/corul-preludiu\/wp-content\/uploads\/sites\/9\/2018\/05\/concert-aniversar-voicu-enachescu753.jpg\" title=\"concert-aniversar-voicu-enachescu753\"><img decoding=\"async\" src=\"https:\/\/tinerimearomana.ro\/corul-preludiu\/wp-content\/uploads\/sites\/9\/2018\/05\/concert-aniversar-voicu-enachescu753.jpg\" alt=\"concert-aniversar-voicu-enachescu753\" width=\"270\" height=\"200\" \/><span class=\"su-custom-gallery-title\">concert-aniversar-voicu-enachescu753<\/span><\/a><\/div><div class=\"su-clear\"><\/div><\/div>\n<\/div><\/div><\/div>\n<p><strong>BIOGRAFII<\/strong><\/p>\n<p><strong>Voicu En\u0103chescu<\/strong><\/p>\n<p>S-a n\u0103scut la data de 24 mai 1943 in localitatea Br\u0103ne\u0219ti, jude\u021bul D\u00e2mbovi\u021ba. A fost student al Conservatorului de Muzic\u0103 Ciprian Porumbescu, Bucure\u0219ti, unde i-a avut ca profesori pe Zeno Vancea, Alexandru Pa\u0219canu, Petre Cr\u0103ciun sau Constantin Roma\u0219canu. Primii pa\u0219i spre arta coral\u0103 se \u00eentrez\u0103resc in Corul de Copii Radio, unde devine fascinat de maestrul dirijor de la aceea perioada &#8211; Ion Vanica, astfel c\u0103 la scurt timp descoper\u0103 imensa pasiune pentru dirijatul coral.<\/p>\n<p>\u00cen toamna anului 1972 porne\u0219te spre drumul afirmarii artistice cu un grup coral \u00eenfiin\u021bat \u0219i condus cu d\u0103ruire, alc\u0103tuit din studen\u021bi ai Universita\u021bii Bucure\u0219ti \u0219i ai Conservatorului. Corul de Camer\u0103 Preludiu, c\u0103ci acesta fusese numele inspirat ales, avea s\u0103 devin\u0103 \u00een timp unul dintre cele mai titrate \u0219i apreciate ansambluri corale din Rom\u00e2nia, at\u00e2t pentru acurate\u021bea sunetului, muzicalitate, c\u00e2t mai ales pentru pasiunea \u0219i profesionalismul maestrului s\u0103u fondator &#8211; Voicu En\u0103chescu. Cei 40 de ani de existen\u021b\u0103 ai Corului Preludiu \u00eenseamn\u0103 peste 300 de \u00eenregistr\u0103ri radio \u0219i tv, un disc Electrecord \u0219i trei CD-uri, peste 1500 de concerte \u00een \u021bar\u0103, \u00een Europa, Asia, Statele Unite ale Americii, particip\u0103ri la festivaluri de prestigiu. Voicu En\u0103chescu \u0219i Corul Preludiu au primit premiile pentru cel mai bun dirijor \u0219i premiul I \u0219i medalia de aur la Festivalul Coral Interna\u021bional din Beijing, China (2002, 2012).<\/p>\n<p>\u00cen 1991 devine director al Centrului Na\u021bional de Art\u0103 Tinerimea rom\u00e2n\u0103, edificiu cultural pe care \u00eel manageriaz\u0103 \u0219i ast\u0103zi. De-a lungul timpului, Voicu En\u0103chescu a dirijat corurile Filarmonicilor din \u021bar\u0103 &#8211; Craiova, Ia\u0219i, Bucure\u0219ti \u0219i a sus\u021binut workshop-uri de specialitate cu coruri din Fran\u021ba, Olanda, Grecia, Republica Moldova sau Polonia.<\/p>\n<p>Din 1998, Voicu En\u0103chescu \u00eembrac\u0103 func\u021bia de pre\u0219edinte al Asocia\u021biei Na\u021bionale Corale din Rom\u00e2nia. \u00cen 2004 a fost decorat cu Ordinul \u201eMeritul Cultural \u00een Grad de Comandor pentru Promovarea Culturii\u201d.<\/p>\n<p><strong>Corul de camer\u0103 \u201ePreludiu\u201d<\/strong><\/p>\n<p>De la apari\u0163ia sa \u015fi p\u00e2n\u0103 \u00een prezent forma\u0163ia a parcurs un drum ascendent, care a consolidat cu fiecare concert, an dup\u0103 an, prestigiul coralei. Mereu primenit, trec\u00e2nd de la statutul de cor de amatori la cel de forma\u0163ie profesionist\u0103, \u201ePreludiu\u201d \u00ee\u015fi aduce o deosebit\u0103 contribu\u0163ie la transmiterea actului artistic \u00een r\u00e2ndurile publicului meloman din Rom\u00e2nia \u015fi din str\u0103in\u0103tate, remarc\u00e2ndu-se prin m\u0103iestria sa interpretativ\u0103 prin prospe\u0163imea \u015fi, \u00een acela\u015fi timp, prin maturitatea sa.<\/p>\n<p>Secretul rezid\u0103, desigur, \u00een talentul \u015fi muzicalitatea nativ\u0103 a cori\u015ftilor, dublate de aprofundate studii muzicale, dar, f\u0103r\u0103 \u00eendoial\u0103, trebuie c\u0103utat \u015fi \u00een muzicalitatea, rafinamentul \u015fi deosebitul sim\u0163 artistic al dirijorului. Repertoriul Corului de camer\u0103 \u201ePreludiu\u201d este vast, cuprinz\u00e2nd peste 300 de lucr\u0103ri de muzic\u0103 preclasic\u0103, clasic\u0103 \u015fi romantic\u0103, colinde de Cr\u0103ciun \u015fi c\u00e2ntece religioase, muzic\u0103 rom\u00e2neasc\u0103 \u015fi c\u00e2ntece din muzica popoarelor, lucr\u0103ri din literatura contemporan\u0103, lucr\u0103ri vocal-simfonice. Trebuie men\u0163ionat c\u0103 toate aceste piese sunt interpretate \u00een limba lor originar\u0103.<\/p>\n<p>\u00cen cei 42 de ani de activitate \u201ePreludiu\u201d a realizat peste 350 de \u00eenregistr\u0103ri radio \u015fi TV, un disc \u201eElectrecord\u201d \u015fi trei C.D. (Colinde \u015fi c\u00e2ntece de Cr\u0103ciun, Muzica bizantin\u0103 \u00een cultura rom\u00e2neasc\u0103, Mae\u015ftri ai artei corale rom\u00e2ne\u015fti). De la apari\u0163ia sa, forma\u0163ia a prezentat mai mult de 2.500 de concerte pe marile scene din Rom\u00e2nia \u015fi din str\u0103in\u0103tate, \u00een cursul celor peste 90 de turnee efectuate \u00een 30 de \u0163\u0103ri din Europa, America \u015fi Asia, fiind laureat\u0103 la mai multe festivaluri interna\u0163ionale (Pardubice, Nitra, Barcelona, Celje). Corul de camer\u0103 \u201ePreludiu\u201d \u015fi dirijorul Voicu En\u0103chescu au primit, cu ocazia edi\u0163iei a XIII-a a Festivalului Interna\u0163ional \u201eGeorge Enescu\u201d (1995), \u201ePremiul pentru excep\u0163ionalul program prezentat\u201d, distinc\u0163ie acordat\u0103 de Uniunea Interpre\u0163ilor, Coregrafilor \u015fi Criticilor Muzicali din Rom\u00e2nia.<\/p>\n<p>Anul 2012, a \u00eensemnat \u00eenca o dat\u0103 confirmarea interna\u0163ional\u0103 a Corului de camer\u0103 \u201ePreludiu\u201d: Premiul I la Festivalul de muzic\u0103 ortodox\u0103 de la Bialystok-Polonia, Medalia de aur acordat\u0103 corului \u201ePreludiu\u201d \u015fi premiul pentru cel mai bun dirijor primit de maestrul Voicu En\u0103chescu la Festivalul Coral Interna\u0163ional de la Beijing-China.<\/p>\n<p>Ca o recunoa\u015ftere a activit\u0103\u0163ii artistice deosebite, dirijorul Voicu En\u0103chescu a fost decorat cu Ordinul \u201eMeritul Cultural\u201d \u00een Grad de Comandor pentru promovarea culturii.<\/p>\n","protected":false},"excerpt":{"rendered":"<p>BIOGRAFII Voicu En\u0103chescu S-a n\u0103scut la data de 24 mai 1943 in localitatea Br\u0103ne\u0219ti, jude\u021bul D\u00e2mbovi\u021ba. A fost student al Conservatorului de Muzic\u0103 Ciprian Porumbescu, Bucure\u0219ti, unde i-a avut ca profesori pe Zeno Vancea, Alexandru Pa\u0219canu, Petre Cr\u0103ciun sau Constantin Roma\u0219canu. Primii pa\u0219i spre arta coral\u0103 se \u00eentrez\u0103resc in Corul de Copii Radio, unde devine&#8230;<\/p>\n","protected":false},"author":1,"featured_media":268,"comment_status":"open","ping_status":"open","sticky":false,"template":"","format":"standard","meta":{"_kadence_starter_templates_imported_post":false,"_kad_post_transparent":"default","_kad_post_title":"default","_kad_post_layout":"default","_kad_post_sidebar_id":"","_kad_post_content_style":"default","_kad_post_vertical_padding":"default","_kad_post_feature":"","_kad_post_feature_position":"","_kad_post_header":false,"_kad_post_footer":false,"_kad_post_classname":"","footnotes":""},"categories":[2],"tags":[],"class_list":["post-387","post","type-post","status-publish","format-standard","has-post-thumbnail","hentry","category-concerte"],"_links":{"self":[{"href":"https:\/\/tinerimearomana.ro\/corul-preludiu\/wp-json\/wp\/v2\/posts\/387"}],"collection":[{"href":"https:\/\/tinerimearomana.ro\/corul-preludiu\/wp-json\/wp\/v2\/posts"}],"about":[{"href":"https:\/\/tinerimearomana.ro\/corul-preludiu\/wp-json\/wp\/v2\/types\/post"}],"author":[{"embeddable":true,"href":"https:\/\/tinerimearomana.ro\/corul-preludiu\/wp-json\/wp\/v2\/users\/1"}],"replies":[{"embeddable":true,"href":"https:\/\/tinerimearomana.ro\/corul-preludiu\/wp-json\/wp\/v2\/comments?post=387"}],"version-history":[{"count":9,"href":"https:\/\/tinerimearomana.ro\/corul-preludiu\/wp-json\/wp\/v2\/posts\/387\/revisions"}],"predecessor-version":[{"id":622,"href":"https:\/\/tinerimearomana.ro\/corul-preludiu\/wp-json\/wp\/v2\/posts\/387\/revisions\/622"}],"wp:featuredmedia":[{"embeddable":true,"href":"https:\/\/tinerimearomana.ro\/corul-preludiu\/wp-json\/wp\/v2\/media\/268"}],"wp:attachment":[{"href":"https:\/\/tinerimearomana.ro\/corul-preludiu\/wp-json\/wp\/v2\/media?parent=387"}],"wp:term":[{"taxonomy":"category","embeddable":true,"href":"https:\/\/tinerimearomana.ro\/corul-preludiu\/wp-json\/wp\/v2\/categories?post=387"},{"taxonomy":"post_tag","embeddable":true,"href":"https:\/\/tinerimearomana.ro\/corul-preludiu\/wp-json\/wp\/v2\/tags?post=387"}],"curies":[{"name":"wp","href":"https:\/\/api.w.org\/{rel}","templated":true}]}}