{"id":247,"date":"2017-02-01T15:33:26","date_gmt":"2017-02-01T15:33:26","guid":{"rendered":"http:\/\/tinerimearomana.ro\/corul-preludiu\/?p=247"},"modified":"2023-03-04T18:54:30","modified_gmt":"2023-03-04T18:54:30","slug":"corul-de-camera-preludiu-in-concert-la-ateneu-in-cadrul-proiectului-clasic-e-fantastic","status":"publish","type":"post","link":"https:\/\/tinerimearomana.ro\/corul-preludiu\/corul-de-camera-preludiu-in-concert-la-ateneu-in-cadrul-proiectului-clasic-e-fantastic\/","title":{"rendered":"CORUL DE CAMERA PRELUDIU IN CONCERT LA ATENEU IN CADRUL PROIECTULUI &#8220;CLASIC E FANTASTIC&#8221;"},"content":{"rendered":"<p style=\"text-align: left;\">Corul \u201ePreludiu\u201d condus de dirijorul Voicu En\u0103chescu concerteaz\u0103 \u00een proiectul Clasic e fantastic.<br \/>\nCum s\u0103 \u00een\u0163elegem muzica la Filarmonica \u201eGeorge Enescu\u201d, Sala Mare a Ateneului Rom\u00e2n<\/p>\n<p>Duminic\u0103, 19 Februarie 2017, 11:00 &#8211; 13:00, Sala Mare<\/p>\n<p>Vocea uman\u0103. Concert coral<\/p>\n<p><strong>Corul Preludiu<\/strong><br \/>\n<strong>Dirijor<\/strong>: Voicu En\u0103chescu<br \/>\n<strong>Prezint\u0103<\/strong>: Cristina S\u00e2rbu<\/p>\n<p>Concert realizat \u00een colaborare cu Centrul Na\u0163ional de Art\u0103 &#8220;Tinerimea Rom\u00e2n\u0103&#8221;<\/p>\n<p>Biletele se pun in vanzare miercuri, 8 februarie, ora 12 la casa de bilete din incinta Ateneului Roman. Rezervari de grup scolar la adresa binecunoscuta info@fge.org.ro pana marti, 7 februarie ora 12.<\/p>\n<p><a href=\"http:\/\/tinerimearomana.ro\/corul-preludiu\/wp-content\/uploads\/sites\/9\/2017\/02\/Corul-Preludiu-feb2017.jpg\"><img fetchpriority=\"high\" decoding=\"async\" class=\"aligncenter size-full wp-image-248\" src=\"http:\/\/tinerimearomana.ro\/corul-preludiu\/wp-content\/uploads\/sites\/9\/2017\/02\/Corul-Preludiu-feb2017.jpg\" alt=\"Corul-Preludiu-feb2017\" width=\"900\" height=\"506\" srcset=\"https:\/\/tinerimearomana.ro\/corul-preludiu\/wp-content\/uploads\/sites\/9\/2017\/02\/Corul-Preludiu-feb2017.jpg 900w, https:\/\/tinerimearomana.ro\/corul-preludiu\/wp-content\/uploads\/sites\/9\/2017\/02\/Corul-Preludiu-feb2017-300x169.jpg 300w\" sizes=\"(max-width: 900px) 100vw, 900px\" \/><\/a><\/p>\n<p>&nbsp;<\/p>\n","protected":false},"excerpt":{"rendered":"<p>Corul \u201ePreludiu\u201d condus de dirijorul Voicu En\u0103chescu concerteaz\u0103 \u00een proiectul Clasic e fantastic. Cum s\u0103 \u00een\u0163elegem muzica la Filarmonica \u201eGeorge Enescu\u201d, Sala Mare a Ateneului Rom\u00e2n Duminic\u0103, 19 Februarie 2017, 11:00 &#8211; 13:00, Sala Mare Vocea uman\u0103. Concert coral Corul Preludiu Dirijor: Voicu En\u0103chescu Prezint\u0103: Cristina S\u00e2rbu Concert realizat \u00een colaborare cu Centrul Na\u0163ional de&#8230;<\/p>\n","protected":false},"author":1,"featured_media":248,"comment_status":"open","ping_status":"open","sticky":false,"template":"","format":"standard","meta":{"_kadence_starter_templates_imported_post":false,"_kad_post_transparent":"default","_kad_post_title":"default","_kad_post_layout":"default","_kad_post_sidebar_id":"","_kad_post_content_style":"default","_kad_post_vertical_padding":"default","_kad_post_feature":"","_kad_post_feature_position":"","_kad_post_header":false,"_kad_post_footer":false,"_kad_post_classname":"","footnotes":""},"categories":[2],"tags":[],"class_list":["post-247","post","type-post","status-publish","format-standard","has-post-thumbnail","hentry","category-concerte"],"_links":{"self":[{"href":"https:\/\/tinerimearomana.ro\/corul-preludiu\/wp-json\/wp\/v2\/posts\/247"}],"collection":[{"href":"https:\/\/tinerimearomana.ro\/corul-preludiu\/wp-json\/wp\/v2\/posts"}],"about":[{"href":"https:\/\/tinerimearomana.ro\/corul-preludiu\/wp-json\/wp\/v2\/types\/post"}],"author":[{"embeddable":true,"href":"https:\/\/tinerimearomana.ro\/corul-preludiu\/wp-json\/wp\/v2\/users\/1"}],"replies":[{"embeddable":true,"href":"https:\/\/tinerimearomana.ro\/corul-preludiu\/wp-json\/wp\/v2\/comments?post=247"}],"version-history":[{"count":7,"href":"https:\/\/tinerimearomana.ro\/corul-preludiu\/wp-json\/wp\/v2\/posts\/247\/revisions"}],"predecessor-version":[{"id":697,"href":"https:\/\/tinerimearomana.ro\/corul-preludiu\/wp-json\/wp\/v2\/posts\/247\/revisions\/697"}],"wp:featuredmedia":[{"embeddable":true,"href":"https:\/\/tinerimearomana.ro\/corul-preludiu\/wp-json\/wp\/v2\/media\/248"}],"wp:attachment":[{"href":"https:\/\/tinerimearomana.ro\/corul-preludiu\/wp-json\/wp\/v2\/media?parent=247"}],"wp:term":[{"taxonomy":"category","embeddable":true,"href":"https:\/\/tinerimearomana.ro\/corul-preludiu\/wp-json\/wp\/v2\/categories?post=247"},{"taxonomy":"post_tag","embeddable":true,"href":"https:\/\/tinerimearomana.ro\/corul-preludiu\/wp-json\/wp\/v2\/tags?post=247"}],"curies":[{"name":"wp","href":"https:\/\/api.w.org\/{rel}","templated":true}]}}