{"id":239,"date":"2016-06-15T18:45:21","date_gmt":"2016-06-15T18:45:21","guid":{"rendered":"http:\/\/tinerimearomana.ro\/corul-preludiu\/?p=239"},"modified":"2023-03-04T18:55:32","modified_gmt":"2023-03-04T18:55:32","slug":"serie-de-concerte-a-corului-de-camera-preludiu","status":"publish","type":"post","link":"https:\/\/tinerimearomana.ro\/corul-preludiu\/serie-de-concerte-a-corului-de-camera-preludiu\/","title":{"rendered":"SERIE DE CONCERTE A CORULUI DE CAMERA PRELUDIU"},"content":{"rendered":"<p>&#8220;A avut loc concertul de excep\u0163ie de la Atena al Corului de Camer\u0103 Preludiu al Centrului Na\u0163ional de Art\u0103 Tinerimea Rom\u00e2n\u0103 din Bucure\u015fti, dirijat de maestrul Voicu En\u0103chescu.<\/p>\n<p>De 43 de ani, Corul de Camer\u0103 \u201ePreludiu&#8221;, un ansamblu profesionist, se num\u0103r\u0103 printre cele mai prestigioase corale mixte din lume. \u00cen to\u0163i ace\u015fti ani de activitate, \u201ePreludiu&#8221; a realizat peste 350 de \u00eenregistr\u0103ri radio \u015fi TV. De la apari\u0163ia sa, forma\u0163ia a prezentat mai mult de 2.500 de concerte pe marile scene din Rom\u00e2nia \u015fi din str\u0103in\u0103tate, \u00een cursul celor peste 90 de turnee efectuate \u00een 30 de \u021b\u0103ri din Europa, America \u015fi Asia, fiind laureat\u0103 la mai multe festivaluri interna\u0163ionale. Voicu En\u0103chescu, fondatorul corului, a avut bun\u0103voin\u0163a de a ne spune c\u00e2teva cuvinte despre participarca la acest festival: \u201eNu suntem pentru prima dat\u0103 \u00een Grecia. Am mai participat la alte 5-6 festivaluri \u00een diferite ora\u015fe din Grecia de Sud. Am putut constata c\u0103 \u00een Grecia muzica coral\u0103 este foarte acceptat\u0103 \u015fi apreciat\u0103. La acest festival am putut s\u0103 aducem un mesaj al muzicii rom\u00e2ne\u0219ti, muzica coral\u0103 rom\u00e2neasc\u0103 este foarte apreciat\u0103 \u00een toat\u0103 Europa. De altfel, clasicii muzicii corale rom\u00e2ne\u015fti sunt foarte cunoscu\u021bi, iar crea\u0163ia rom\u00e2neasc\u0103 \u00een acest domeniu se situeaz\u0103 \u00een primele 7-8 \u021b\u0103ri din lume. Muzica noastr\u0103, aici la Dion, \u00een acest loc sacru a fost bine primit\u0103 de spectatorii greci, cre\u00e2ndu-ne sentimente de bucurie \u015fi m\u00e2ndrie.&#8221;<\/p>\n<p>Printre cei care au apreciat \u00een mod deosebit presta\u0163ia corului \u201ePreludiu&#8221;, s-a num\u0103rat \u015fi consulul general al Rom\u00e2niei la Salonic, Martin Ladislau Salamon: \u201dCu toate c\u0103, din cauza ploii, concertul de gal\u0103 a fost mutat de la Teatrul Antic la Centrul de Mozaicuri Mediteraneene, av\u00e2nd loc a\u015fadar \u00eentr-un cadru mai familial, am asistat la un recital maiestuos. Felicit\u0103ri corului \u201ePreludiu&#8221;, mul\u0163umiri Maestrului Voicu En\u0103chescu.&#8221;<\/p>\n<p><a href=\"http:\/\/tinerimearomana.ro\/corul-preludiu\/wp-content\/uploads\/sites\/9\/2016\/05\/Voicu-Enachescu1.jpg\"><img fetchpriority=\"high\" decoding=\"async\" class=\"aligncenter size-full wp-image-236\" src=\"http:\/\/tinerimearomana.ro\/corul-preludiu\/wp-content\/uploads\/sites\/9\/2016\/05\/Voicu-Enachescu1.jpg\" alt=\"Voicu-Enachescu1\" width=\"899\" height=\"560\" srcset=\"https:\/\/tinerimearomana.ro\/corul-preludiu\/wp-content\/uploads\/sites\/9\/2016\/05\/Voicu-Enachescu1.jpg 899w, https:\/\/tinerimearomana.ro\/corul-preludiu\/wp-content\/uploads\/sites\/9\/2016\/05\/Voicu-Enachescu1-300x187.jpg 300w\" sizes=\"(max-width: 899px) 100vw, 899px\" \/><\/a><\/p>\n<p>&nbsp;<\/p>\n","protected":false},"excerpt":{"rendered":"<p>&#8220;A avut loc concertul de excep\u0163ie de la Atena al Corului de Camer\u0103 Preludiu al Centrului Na\u0163ional de Art\u0103 Tinerimea Rom\u00e2n\u0103 din Bucure\u015fti, dirijat de maestrul Voicu En\u0103chescu. De 43 de ani, Corul de Camer\u0103 \u201ePreludiu&#8221;, un ansamblu profesionist, se num\u0103r\u0103 printre cele mai prestigioase corale mixte din lume. \u00cen to\u0163i ace\u015fti ani de activitate,&#8230;<\/p>\n","protected":false},"author":1,"featured_media":236,"comment_status":"open","ping_status":"open","sticky":false,"template":"","format":"standard","meta":{"_kadence_starter_templates_imported_post":false,"_kad_post_transparent":"default","_kad_post_title":"default","_kad_post_layout":"default","_kad_post_sidebar_id":"","_kad_post_content_style":"default","_kad_post_vertical_padding":"default","_kad_post_feature":"","_kad_post_feature_position":"","_kad_post_header":false,"_kad_post_footer":false,"_kad_post_classname":"","footnotes":""},"categories":[2],"tags":[],"class_list":["post-239","post","type-post","status-publish","format-standard","has-post-thumbnail","hentry","category-concerte"],"_links":{"self":[{"href":"https:\/\/tinerimearomana.ro\/corul-preludiu\/wp-json\/wp\/v2\/posts\/239"}],"collection":[{"href":"https:\/\/tinerimearomana.ro\/corul-preludiu\/wp-json\/wp\/v2\/posts"}],"about":[{"href":"https:\/\/tinerimearomana.ro\/corul-preludiu\/wp-json\/wp\/v2\/types\/post"}],"author":[{"embeddable":true,"href":"https:\/\/tinerimearomana.ro\/corul-preludiu\/wp-json\/wp\/v2\/users\/1"}],"replies":[{"embeddable":true,"href":"https:\/\/tinerimearomana.ro\/corul-preludiu\/wp-json\/wp\/v2\/comments?post=239"}],"version-history":[{"count":5,"href":"https:\/\/tinerimearomana.ro\/corul-preludiu\/wp-json\/wp\/v2\/posts\/239\/revisions"}],"predecessor-version":[{"id":698,"href":"https:\/\/tinerimearomana.ro\/corul-preludiu\/wp-json\/wp\/v2\/posts\/239\/revisions\/698"}],"wp:featuredmedia":[{"embeddable":true,"href":"https:\/\/tinerimearomana.ro\/corul-preludiu\/wp-json\/wp\/v2\/media\/236"}],"wp:attachment":[{"href":"https:\/\/tinerimearomana.ro\/corul-preludiu\/wp-json\/wp\/v2\/media?parent=239"}],"wp:term":[{"taxonomy":"category","embeddable":true,"href":"https:\/\/tinerimearomana.ro\/corul-preludiu\/wp-json\/wp\/v2\/categories?post=239"},{"taxonomy":"post_tag","embeddable":true,"href":"https:\/\/tinerimearomana.ro\/corul-preludiu\/wp-json\/wp\/v2\/tags?post=239"}],"curies":[{"name":"wp","href":"https:\/\/api.w.org\/{rel}","templated":true}]}}