{"id":232,"date":"2016-05-13T20:53:05","date_gmt":"2016-05-13T20:53:05","guid":{"rendered":"http:\/\/tinerimearomana.ro\/corul-preludiu\/?p=232"},"modified":"2023-03-04T18:55:52","modified_gmt":"2023-03-04T18:55:52","slug":"corul-de-camera-preludiu-dirijat-de-voicu-enachescu-important-turneu-in-polonia","status":"publish","type":"post","link":"https:\/\/tinerimearomana.ro\/corul-preludiu\/corul-de-camera-preludiu-dirijat-de-voicu-enachescu-important-turneu-in-polonia\/","title":{"rendered":"CORUL DE CAMER\u0102 PRELUDIU dirijat de VOICU EN\u0102CHESCU \u2013   important turneu \u00een Polonia"},"content":{"rendered":"<p><strong>Corul de Camer\u0103 Preludiu<\/strong> al Centrului Na\u021bional de Art\u0103 Tinerimea Rom\u00e2n\u0103 dirijat de Voicu En\u0103chescu, va reprezenta Rom\u00e2nia la cea de a XXXV-a edi\u021bie a Festivalului Interna\u021bional de Muzic\u0103 Ortodox\u0103 de la Bia\u0142ystok \u2013 Polonia, una dintre cele mai importante reuniuni corale de gen la nivel mondial.<\/p>\n<p>Primul concert al turneului va avea loc pe 20 mai de la ora 18.00 la Catedrala Evanghelic\u0103 din Var\u0219ovia, concertele din cadrul Festivalului Interna\u021bional de Muzic\u0103 Ortodox\u0103 urm\u00e2nd s\u0103 aib\u0103 loc pe 21 \u0219i 22 mai tot de la ora 18.00 \u00een Sala Filarmonicii din Bia\u0142ystok.<\/p>\n<p>Cu numeroase prezen\u021be de nivel interna\u021bional, foarte multe concerte \u00een \u021bar\u0103 \u0219i o impresionant\u0103 colec\u021bie de \u00eenregistr\u0103ri dedicate repertoriului religios ortodox, Corul de Camer\u0103 Preludiu format \u0219i dirijat de Voicu En\u0103chescu reprezint\u0103 o autoritate artistic\u0103 de necontestat, reprezentativ\u0103 pentru spa\u021biul nostru cultural \u0219i spiritual.<\/p>\n<p><strong>Corul de Camer\u0103 Preludiu<\/strong> va participa la festival cu un program de 9 lucr\u0103ri reprezentative pentru istoria crea\u021biei rom\u00e2ne\u0219ti \u0219i a spa\u021biului spiritual ortodox european.<\/p>\n<p>In program: Mihail Berezovski &#8211; Tat\u0103l Nostru, Dimitrie Suceveanu &#8211; Doxa Patri, Anton Pann \u2013 Tropar, Francisc Hubic &#8211; C\u00e2t de M\u0103rit, solist: Alexandru Vasilache, Nicolae Oancea &#8211; O, Doamne C\u0103tre Tine, soli\u0219ti: Irina Ionescu \u0219i Ciprian Mardare, Paul Constantinescu &#8211; Rug\u0103ciunea Inimii, Mar\u021bian Negrea &#8211; Psalmul 123, Sabin Dr\u0103goi &#8211; Pre Tine Te L\u0103ud\u0103m, Nicolae Lungu &#8211; Iubi-te-voi, Doamne, solist: Ciprian Mardare, Ioan D. Chirescu &#8211; C\u0103mara ta, M\u00e2ntuitorul meu, Ioan D. Chirescu (Anton Pann) \u2013 Heruvic, Paul Constantinescu \u2013 Axion, Nicolae Lungu &#8211; Stihira a II-a, Dmitri Vasiliev \u2013 Aliluia, soli\u0219ti: Gabriela M\u0103dinc\u0103 \u0219i Ciprian Mardare, Romuald Twardowsky &#8211; Vospoite Gospodevi.<\/p>\n<p><strong>FOTO<\/strong><br \/>\n<div class=\"su-custom-gallery su-custom-gallery-align-left su-custom-gallery-title-never su-lightbox-gallery\"><div class=\"su-custom-gallery-slide\" style=\"width:200px;height:140px\"><a href=\"https:\/\/tinerimearomana.ro\/corul-preludiu\/wp-content\/uploads\/sites\/9\/2016\/05\/Corul-de-Camera-Preludiu_1.jpg\" title=\"Corul-de-Camera-Preludiu_1\"><img decoding=\"async\" src=\"https:\/\/tinerimearomana.ro\/corul-preludiu\/wp-content\/uploads\/sites\/9\/2016\/05\/Corul-de-Camera-Preludiu_1.jpg\" alt=\"Corul-de-Camera-Preludiu_1\" width=\"200\" height=\"140\" \/><span class=\"su-custom-gallery-title\">Corul-de-Camera-Preludiu_1<\/span><\/a><\/div><div class=\"su-custom-gallery-slide\" style=\"width:200px;height:140px\"><a href=\"https:\/\/tinerimearomana.ro\/corul-preludiu\/wp-content\/uploads\/sites\/9\/2016\/05\/Corul-de-Camera-Preludiu_2.jpg\" title=\"Corul-de-Camera-Preludiu_2\"><img decoding=\"async\" src=\"https:\/\/tinerimearomana.ro\/corul-preludiu\/wp-content\/uploads\/sites\/9\/2016\/05\/Corul-de-Camera-Preludiu_2.jpg\" alt=\"Corul-de-Camera-Preludiu_2\" width=\"200\" height=\"140\" \/><span class=\"su-custom-gallery-title\">Corul-de-Camera-Preludiu_2<\/span><\/a><\/div><div class=\"su-custom-gallery-slide\" style=\"width:200px;height:140px\"><a href=\"https:\/\/tinerimearomana.ro\/corul-preludiu\/wp-content\/uploads\/sites\/9\/2016\/05\/Voicu-Enachescu1.jpg\" title=\"Voicu-Enachescu1\"><img decoding=\"async\" src=\"https:\/\/tinerimearomana.ro\/corul-preludiu\/wp-content\/uploads\/sites\/9\/2016\/05\/Voicu-Enachescu1.jpg\" alt=\"Voicu-Enachescu1\" width=\"200\" height=\"140\" \/><span class=\"su-custom-gallery-title\">Voicu-Enachescu1<\/span><\/a><\/div><div class=\"su-clear\"><\/div><\/div>\n<p>&nbsp;<\/p>\n","protected":false},"excerpt":{"rendered":"<p>Corul de Camer\u0103 Preludiu al Centrului Na\u021bional de Art\u0103 Tinerimea Rom\u00e2n\u0103 dirijat de Voicu En\u0103chescu, va reprezenta Rom\u00e2nia la cea de a XXXV-a edi\u021bie a Festivalului Interna\u021bional de Muzic\u0103 Ortodox\u0103 de la Bia\u0142ystok \u2013 Polonia, una dintre cele mai importante reuniuni corale de gen la nivel mondial. Primul concert al turneului va avea loc pe&#8230;<\/p>\n","protected":false},"author":1,"featured_media":235,"comment_status":"open","ping_status":"open","sticky":false,"template":"","format":"standard","meta":{"_kadence_starter_templates_imported_post":false,"_kad_post_transparent":"default","_kad_post_title":"default","_kad_post_layout":"default","_kad_post_sidebar_id":"","_kad_post_content_style":"default","_kad_post_vertical_padding":"default","_kad_post_feature":"","_kad_post_feature_position":"","_kad_post_header":false,"_kad_post_footer":false,"_kad_post_classname":"","footnotes":""},"categories":[2],"tags":[],"class_list":["post-232","post","type-post","status-publish","format-standard","has-post-thumbnail","hentry","category-concerte"],"_links":{"self":[{"href":"https:\/\/tinerimearomana.ro\/corul-preludiu\/wp-json\/wp\/v2\/posts\/232"}],"collection":[{"href":"https:\/\/tinerimearomana.ro\/corul-preludiu\/wp-json\/wp\/v2\/posts"}],"about":[{"href":"https:\/\/tinerimearomana.ro\/corul-preludiu\/wp-json\/wp\/v2\/types\/post"}],"author":[{"embeddable":true,"href":"https:\/\/tinerimearomana.ro\/corul-preludiu\/wp-json\/wp\/v2\/users\/1"}],"replies":[{"embeddable":true,"href":"https:\/\/tinerimearomana.ro\/corul-preludiu\/wp-json\/wp\/v2\/comments?post=232"}],"version-history":[{"count":4,"href":"https:\/\/tinerimearomana.ro\/corul-preludiu\/wp-json\/wp\/v2\/posts\/232\/revisions"}],"predecessor-version":[{"id":699,"href":"https:\/\/tinerimearomana.ro\/corul-preludiu\/wp-json\/wp\/v2\/posts\/232\/revisions\/699"}],"wp:featuredmedia":[{"embeddable":true,"href":"https:\/\/tinerimearomana.ro\/corul-preludiu\/wp-json\/wp\/v2\/media\/235"}],"wp:attachment":[{"href":"https:\/\/tinerimearomana.ro\/corul-preludiu\/wp-json\/wp\/v2\/media?parent=232"}],"wp:term":[{"taxonomy":"category","embeddable":true,"href":"https:\/\/tinerimearomana.ro\/corul-preludiu\/wp-json\/wp\/v2\/categories?post=232"},{"taxonomy":"post_tag","embeddable":true,"href":"https:\/\/tinerimearomana.ro\/corul-preludiu\/wp-json\/wp\/v2\/tags?post=232"}],"curies":[{"name":"wp","href":"https:\/\/api.w.org\/{rel}","templated":true}]}}