{"id":224,"date":"2016-04-20T20:36:52","date_gmt":"2016-04-20T20:36:52","guid":{"rendered":"http:\/\/tinerimearomana.ro\/corul-preludiu\/?p=224"},"modified":"2023-03-04T18:56:11","modified_gmt":"2023-03-04T18:56:11","slug":"concert-de-muzica-religioasa-al-corului-de-camera-preludiu","status":"publish","type":"post","link":"https:\/\/tinerimearomana.ro\/corul-preludiu\/concert-de-muzica-religioasa-al-corului-de-camera-preludiu\/","title":{"rendered":"Concert de Muzic\u0103 Religioas\u0103 al Corului de Camer\u0103 Preludiu"},"content":{"rendered":"<p>Vineri 22 aprilie 2016 ora 18.00 la <strong>Biserica Ortodox\u0103 din Cartojani<\/strong><br \/>\n<strong>Corul de Camer\u0103 Preludiu<\/strong> condus de dirijorul <strong>Voicu En\u0103chescu<\/strong> va sus\u021bine un Concert de Muzic\u0103 Religioas\u0103.<\/p>\n<p>Adev\u0103ra\u021bi cunosc\u0103tori ai genului, membrii corului vor integra \u00een atmosfera special\u0103 a locului sonorit\u0103\u021bile specifice melosului bizantin al\u0103turi de cele ale folclorului autohton, prezent\u00e2nd lucr\u0103ri semnate de Mihail Berezovschi, Nicolae Lungu, Anton Pann \u0219i Dimitrie Suceveanu.<\/p>\n<p><a href=\"http:\/\/tinerimearomana.ro\/corul-preludiu\/wp-content\/uploads\/sites\/9\/2016\/04\/Preludiu_18_Gala-Tinerimea-Romana.jpg\"><img fetchpriority=\"high\" decoding=\"async\" class=\"aligncenter size-full wp-image-225\" src=\"http:\/\/tinerimearomana.ro\/corul-preludiu\/wp-content\/uploads\/sites\/9\/2016\/04\/Preludiu_18_Gala-Tinerimea-Romana.jpg\" alt=\"Preludiu_18_Gala-Tinerimea-Romana\" width=\"1000\" height=\"514\" srcset=\"https:\/\/tinerimearomana.ro\/corul-preludiu\/wp-content\/uploads\/sites\/9\/2016\/04\/Preludiu_18_Gala-Tinerimea-Romana.jpg 1000w, https:\/\/tinerimearomana.ro\/corul-preludiu\/wp-content\/uploads\/sites\/9\/2016\/04\/Preludiu_18_Gala-Tinerimea-Romana-300x154.jpg 300w\" sizes=\"(max-width: 1000px) 100vw, 1000px\" \/><\/a><\/p>\n<p>&nbsp;<\/p>\n","protected":false},"excerpt":{"rendered":"<p>Vineri 22 aprilie 2016 ora 18.00 la Biserica Ortodox\u0103 din Cartojani Corul de Camer\u0103 Preludiu condus de dirijorul Voicu En\u0103chescu va sus\u021bine un Concert de Muzic\u0103 Religioas\u0103. Adev\u0103ra\u021bi cunosc\u0103tori ai genului, membrii corului vor integra \u00een atmosfera special\u0103 a locului sonorit\u0103\u021bile specifice melosului bizantin al\u0103turi de cele ale folclorului autohton, prezent\u00e2nd lucr\u0103ri semnate de Mihail&#8230;<\/p>\n","protected":false},"author":1,"featured_media":225,"comment_status":"open","ping_status":"open","sticky":false,"template":"","format":"standard","meta":{"_kadence_starter_templates_imported_post":false,"_kad_post_transparent":"default","_kad_post_title":"default","_kad_post_layout":"default","_kad_post_sidebar_id":"","_kad_post_content_style":"default","_kad_post_vertical_padding":"default","_kad_post_feature":"","_kad_post_feature_position":"","_kad_post_header":false,"_kad_post_footer":false,"_kad_post_classname":"","footnotes":""},"categories":[2],"tags":[],"class_list":["post-224","post","type-post","status-publish","format-standard","has-post-thumbnail","hentry","category-concerte"],"_links":{"self":[{"href":"https:\/\/tinerimearomana.ro\/corul-preludiu\/wp-json\/wp\/v2\/posts\/224"}],"collection":[{"href":"https:\/\/tinerimearomana.ro\/corul-preludiu\/wp-json\/wp\/v2\/posts"}],"about":[{"href":"https:\/\/tinerimearomana.ro\/corul-preludiu\/wp-json\/wp\/v2\/types\/post"}],"author":[{"embeddable":true,"href":"https:\/\/tinerimearomana.ro\/corul-preludiu\/wp-json\/wp\/v2\/users\/1"}],"replies":[{"embeddable":true,"href":"https:\/\/tinerimearomana.ro\/corul-preludiu\/wp-json\/wp\/v2\/comments?post=224"}],"version-history":[{"count":6,"href":"https:\/\/tinerimearomana.ro\/corul-preludiu\/wp-json\/wp\/v2\/posts\/224\/revisions"}],"predecessor-version":[{"id":700,"href":"https:\/\/tinerimearomana.ro\/corul-preludiu\/wp-json\/wp\/v2\/posts\/224\/revisions\/700"}],"wp:featuredmedia":[{"embeddable":true,"href":"https:\/\/tinerimearomana.ro\/corul-preludiu\/wp-json\/wp\/v2\/media\/225"}],"wp:attachment":[{"href":"https:\/\/tinerimearomana.ro\/corul-preludiu\/wp-json\/wp\/v2\/media?parent=224"}],"wp:term":[{"taxonomy":"category","embeddable":true,"href":"https:\/\/tinerimearomana.ro\/corul-preludiu\/wp-json\/wp\/v2\/categories?post=224"},{"taxonomy":"post_tag","embeddable":true,"href":"https:\/\/tinerimearomana.ro\/corul-preludiu\/wp-json\/wp\/v2\/tags?post=224"}],"curies":[{"name":"wp","href":"https:\/\/api.w.org\/{rel}","templated":true}]}}